{"id":28727,"date":"2011-02-20T15:21:19","date_gmt":"2011-02-20T13:21:19","guid":{"rendered":"http:\/\/www.korhanyilmaz.com\/?p=28727"},"modified":"2011-02-20T15:21:19","modified_gmt":"2011-02-20T13:21:19","slug":"kilicdaroglu-anadilde-egitime-sicak-bakiyor","status":"publish","type":"post","link":"http:\/\/www.korhanyilmaz.com\/?p=28727","title":{"rendered":"K\u0131l\u0131\u00e7daro\u011flu anadilde e\u011fitime s\u0131cak bak\u0131yor"},"content":{"rendered":"<p style=\"text-align: justify;\"><a href=\"http:\/\/www.korhanyilmaz.com\/wp-content\/uploads\/2011\/02\/505.jpg\"  class=\"lightview\"><img loading=\"lazy\" decoding=\"async\" class=\"aligncenter size-full wp-image-28728\" src=\"http:\/\/www.korhanyilmaz.com\/wp-content\/uploads\/2011\/02\/505.jpg\" alt=\"\" width=\"292\" height=\"223\" \/><\/a><\/p>\n<p style=\"text-align: justify;\">CHP lideri Kemal K\u0131l\u0131\u00e7daro\u011flu, anadilde \u00f6\u011fretime s\u0131cak bakt\u0131klar\u0131n\u0131, ancak anadilde e\u011fitimin bug\u00fcn i\u00e7in \u00e7\u00f6z\u00fclebilecek bir sorun oldu\u011funa inanmad\u0131klar\u0131n\u0131 s\u00f6yledi.<\/p>\n<p style=\"text-align: justify;\">CHP&#8217;nin, Van&#8217;\u0131n Edremit il\u00e7esi Merit \u015eahmaran Oteli&#8217;nde d\u00fczenlenen 3 g\u00fcnl\u00fck &#8220;Siyasette Bar\u0131\u015f\u0131 Stratejisi \u00c7al\u0131\u015fmas\u0131&#8221; sona erdi. K\u0131l\u0131\u00e7daro\u011flu, ayn\u0131 otelde d\u00fczenledi\u011fi bas\u0131n toplant\u0131s\u0131nda a\u00e7\u0131klamalarda bulundu ve gazetecilerin sorular\u0131n\u0131 yan\u0131tlad\u0131. <!--more--><\/p>\n<p style=\"text-align: justify;\">&#8220;Ter\u00f6r \u00f6rg\u00fct\u00fc eleba\u015f\u0131 Abdullah \u00d6calan&#8217;\u0131n &#8216;K\u00fcrt sorunu&#8221;nun \u00e7\u00f6z\u00fcm\u00fcnde oynayabilece\u011fi role ili\u015fkin tart\u0131\u015fmalar oldu\u011fu ifade edilerek, toplant\u0131da sizin \u00f6n\u00fcn\u00fcze bu y\u00f6nde bir se\u00e7enek geldi mi? CHP olarak \u00d6calan&#8217;\u0131n sorunun \u00e7\u00f6z\u00fcm\u00fcndeki olas\u0131 rol\u00fcyle ilgili ne d\u00fc\u015f\u00fcn\u00fcyorsunuz?&#8221; sorusuna K\u0131l\u0131\u00e7daro\u011flu, &#8220;Benim bulundu\u011fum b\u00fct\u00fcn tart\u0131\u015fmalar\u0131n i\u00e7inde b\u00f6yle bir olay g\u00fcndeme gelmedi. B\u00f6yle bir tart\u0131\u015fma da s\u00f6z konusu olmad\u0131 ama de\u011fi\u015fik g\u00f6r\u00fc\u015fler kanaat \u00f6nderleri taraf\u0131ndan dile getirildi&#8221; yan\u0131t\u0131 verdi.<\/p>\n<p style=\"text-align: justify;\">Anadilde e\u011fitim tart\u0131\u015fmas\u0131na ili\u015fkin soruyu da yan\u0131tlayan K\u0131l\u0131\u00e7daro\u011flu, toplant\u0131da bu konunun da g\u00fcndeme geldi\u011fini belirti.<\/p>\n<p style=\"text-align: justify;\">K\u0131l\u0131\u00e7daro\u011flu, bir ba\u015fka soru \u00fczerine, &#8220;Anadilde e\u011fitimin olmas\u0131 gerekti\u011fini, \u00f6\u011fretimin olmas\u0131 gerekti\u011fini, anadilde e\u011fitimin olmas\u0131n\u0131n sak\u0131ncalar\u0131n\u0131n&#8221; tart\u0131\u015f\u0131ld\u0131\u011f\u0131n\u0131 s\u00f6yledi.<\/p>\n<p style=\"text-align: justify;\">&#8220;Anadilin \u00f6\u011fretilmesi konusunda CHP&#8217;nin kendi bak\u0131\u015f \u00e7er\u00e7evesinin&#8221; sorulmas\u0131 \u00fczerine de K\u0131l\u0131\u00e7daro\u011flu, &#8220;Anadil yasa\u011f\u0131n\u0131n kald\u0131r\u0131lmas\u0131yla ilgili ilk teklifi veren CHP&#8217;dir. Herkesin kendi anadilini \u00f6\u011frenmesi bir insanl\u0131k hakk\u0131d\u0131r. Onu teslim ediyoruz. Ayr\u0131ca biz, asimilasyona kar\u015f\u0131y\u0131z, entegrasyondan yanay\u0131z. Bu da bizim parti program\u0131m\u0131zda var, kurultay taraf\u0131ndan kabul edilen program\u0131m\u0131zda var. Temel hak ve \u00f6zg\u00fcrl\u00fckleri geni\u015fletmek, bizim temel hedeflerimizden birisidir&#8221; dedi.<\/p>\n<p style=\"text-align: justify;\">K\u0131l\u0131\u00e7daro\u011flu, bir gazetecinin &#8220;Anadilde \u00f6\u011fretimde zaten sorun yok ama Milli E\u011fitim b\u00fcnyesinde b\u00f6yle bir ders konulmas\u0131 ve kamuda K\u00fcrt\u00e7e&#8217;nin kullan\u0131lmas\u0131 as\u0131l tart\u0131\u015fma bu&#8221; s\u00f6zleri \u00fczerine de &#8220;Onlar tart\u0131\u015f\u0131l\u0131yor, tart\u0131\u015f\u0131lmas\u0131ndan herhangi bir \u00fcz\u00fcnt\u00fc de kayg\u0131 da duymuyoruz. \u00dclkede demokrasi var, \u00f6zg\u00fcrl\u00fckler var, bunlar tart\u0131\u015f\u0131lmal\u0131, toplum bir \u015fekilde bu tart\u0131\u015fmalara kat\u0131lmal\u0131, g\u00f6r\u00fc\u015fler olu\u015fmal\u0131, olgunla\u015ft\u0131r\u0131lmal\u0131. Bunlardan herhangi bir \u015fekilde kayg\u0131 duymuyoruz, tam tersine bunlar\u0131n tart\u0131\u015f\u0131lmas\u0131 gerekiyor, demokrasi i\u00e7inde&#8230;&#8221; dedi.<\/p>\n<p style=\"text-align: justify;\">Kemal K\u0131l\u0131\u00e7daro\u011flu, bir gazetecinin, &#8220;b\u00f6lgeyle s\u00f6ylem birli\u011fi ad\u0131na CHP&#8217;nin, soruna &#8216;K\u00fcrt sorunu&#8217; ad\u0131n\u0131 koyuyor mu?&#8221; sorusu \u00fczerine,  &#8220;3. yol ile &#8216;K\u00fcrt sorunu&#8217; farkl\u0131 arkada\u015flar. K\u00fcrt sorunu, bizim g\u00f6rd\u00fc\u011f\u00fcm\u00fcz sorunlar\u0131n bir par\u00e7as\u0131, az \u00f6nce s\u00f6yledim. K\u00fcrt sorunu da orada tart\u0131\u015f\u0131ld\u0131 ama olay\u0131n ekonomik, siyasal, toplumsal y\u00f6n\u00fc, k\u00fclt\u00fcrel y\u00f6n\u00fc onlar da tart\u0131\u015f\u0131ld\u0131. Bir 3. yol dedi\u011fimizde olay\u0131 bir b\u00fct\u00fcnl\u00fck i\u00e7inde g\u00f6r\u00fcyoruz ve 3. yolda bizim hedefimiz \u015fu, ondan vaz ge\u00e7mi\u015f de\u011filiz. &#8216;Etnik temele dayal\u0131 siyaset, inan\u00e7 temeline dayal\u0131 siyaset do\u011fru de\u011fildir&#8217; diyoruz. Biz ki\u015filerin etnik kimli\u011fine de inanc\u0131na da sayg\u0131l\u0131y\u0131z ama biz var olan sorunlar\u0131n \u00e7\u00f6z\u00fclmesini istiyoruz. O sorunlar \u00e7\u00f6z\u00fcl\u00fcrken de olay\u0131 tek pencereden g\u00f6rmeyi yanl\u0131\u015f oldu\u011funu g\u00f6r\u00fcyoruz, yanl\u0131\u015f oldu\u011funu d\u00fc\u015f\u00fcn\u00fcyoruz&#8221; dedi.<\/p>\n<p style=\"text-align: justify;\"><strong>&#8220;Etnik temelli siyaset&#8230;&#8221; <\/strong><\/p>\n<p style=\"text-align: justify;\">CHP lideri, &#8220;Etnik temelli siyaset olay\u0131 sadece etnik pencereden g\u00f6r\u00fcr, inan\u00e7 temelli siyaset sorunu sadece din penceresinden g\u00f6r\u00fcr, olay bu kadar basit bir olay de\u011fildir, olay\u0131n pek \u00e7ok boyutu var. o boyutta burada tart\u0131\u015f\u0131ld\u0131.<\/p>\n<p style=\"text-align: justify;\">Kat\u0131l\u0131mc\u0131lar\u0131n toplant\u0131da &#8220;CHP&#8217;nin, Do\u011fu ve G\u00fcneydo\u011fu Anadolu&#8217;da halktan daha fazla oy almak i\u00e7in ne yapmas\u0131 gerekti\u011fi sorusuna da cevap verdiklerini kaydeden K\u0131l\u0131\u00e7daro\u011flu, &#8220;Tart\u0131\u015fmalar\u0131n \u00f6nemli noktalar\u0131ndan birisi de K\u00fcrt sorununu CHP nas\u0131l \u00e7\u00f6zmelidir, K\u00fcrt sorununa CHP nas\u0131l bakmal\u0131d\u0131r? Nas\u0131l bakmal\u0131d\u0131r ki \u00e7\u00f6zerse CHP \u00e7\u00f6zer anlay\u0131\u015f\u0131 toplumda egemen olsun. Zaten bu anlay\u0131\u015f var, de\u011fi\u015fik yerlerde s\u00f6yleniyor. Bu alg\u0131y\u0131 g\u00fc\u00e7lendirmek i\u00e7in CHP ne yapmal\u0131d\u0131r? Bu konu tart\u0131\u015f\u0131ld\u0131&#8221; diye konu\u015ftu.<\/p>\n<p style=\"text-align: justify;\">K\u0131l\u0131\u00e7daro\u011flu, toplant\u0131da sadece Do\u011fu ve G\u00fcneydo\u011fu&#8217;da K\u00fcrt sorununun ele al\u0131nmad\u0131\u011f\u0131n\u0131, Do\u011fu ve G\u00fcneydo\u011fu&#8217;nun ekonomik sorunlar\u0131, sosyal sorunlar\u0131, faili me\u00e7huller, ge\u00e7mi\u015fle hesapla\u015fma, kad\u0131n ve kad\u0131na y\u00f6nelik \u015fiddet, ba\u011f\u0131ms\u0131z olarak \u015fiddet, din ve m\u00fctedeyyin insanlar\u0131n kayg\u0131lar\u0131 ve din konusu, idari reform, Avrupa yerel y\u00f6netimler \u00f6zerklik \u015fart\u0131, yoksulluk a\u011f\u0131rl\u0131 olarak ele al\u0131nan konulardan ve CHP&#8217;nin Do\u011fu ve G\u00fcneydo\u011fu Anadolu&#8217;daki \u00f6rg\u00fctlenmesi, \u00f6rg\u00fctler halkla nas\u0131l daha fazla i\u00e7 i\u00e7e almal\u0131&#8221; gibi konular\u0131n ifade edildi\u011fini kaydetti.<\/p>\n<p style=\"text-align: justify;\"><strong>Se\u00e7im baraj\u0131 <\/strong><\/p>\n<p style=\"text-align: justify;\">Se\u00e7im baraj\u0131 konusunda a\u015fa\u011f\u0131 yukar\u0131 ortak bir karar\u0131n egemen oldu\u011funu g\u00f6zlediklerini belirten K\u0131l\u0131\u00e7daro\u011flu, &#8220;(Se\u00e7im baraj\u0131 y\u00fczde 5 olsun) diye bir d\u00fc\u015f\u00fcnce var. Haks\u0131z g\u00f6zalt\u0131 ve tutuklamalar tart\u0131\u015f\u0131lan konulardand\u0131. CHP&#8217;nin uzun s\u00fcre b\u00f6lgeye gelmemesi, b\u00f6lge insan\u0131yla diyalog kurmamas\u0131, kopuklu\u011fun olu\u015fmas\u0131 ve bu s\u00fcrecin uzun devam etmesi CHP&#8217;nin bu b\u00f6lgede kan kaybetmesine yol a\u00e7m\u0131\u015ft\u0131r. CHP&#8217;den istenen b\u00f6lgeye daha fazla gelin, yurtta\u015flarla daha fazla i\u00e7 i\u00e7e olun. Daha fazla diyalog kurun, sorunlar\u0131n\u0131 \u00e7\u00f6zecekseniz do\u011frudan gelin bu b\u00f6lgede halka anlat\u0131n. Do\u011fu ve G\u00fcneydo\u011fu Anadolu insan\u0131yla daha fazla bulu\u015fmay\u0131 \u00f6nerdiler bize&#8221; \u015feklinde konu\u015ftu.<\/p>\n<p style=\"text-align: justify;\"><strong>&#8220;Savc\u0131 Recep Bey&#8221; <\/strong><\/p>\n<p style=\"text-align: justify;\">K\u0131l\u0131\u00e7daro\u011flu, anadilde e\u011fitim konusundaki bir ba\u015fka soru \u00fczerine de &#8220;Anadilde \u00f6\u011fretime s\u0131cak bak\u0131yoruz, anadilde e\u011fitimin bug\u00fcn i\u00e7in \u00e7\u00f6z\u00fclebilecek bir sorun oldu\u011funa inanm\u0131yoruz&#8221; dedi.<\/p>\n<p style=\"text-align: justify;\">Ergenekon Soru\u015fturmas\u0131 kapsam\u0131nda tutuklanan Gazeteci Soner Yal\u00e7\u0131n&#8217;\u0131n sorgusunda &#8220;CHP&#8217;den kimlerle g\u00f6r\u00fc\u015ft\u00fc\u011f\u00fc&#8221; \u015feklide soru y\u00f6neltildi\u011fi ifade edilerek, bunu de\u011ferlendirmesinin istenmesi \u00fczerine K\u0131l\u0131\u00e7daro\u011flu, &#8220;Bu konu tart\u0131\u015f\u0131lmad\u0131 ama ba\u015fsavc\u0131n\u0131n talimat\u0131yla geli\u015fen olaylar, bu t\u00fcr sorular\u0131n sorulmas\u0131na olanak sa\u011flayabilir. Ba\u015fsavc\u0131n\u0131n kim oldu\u011funu da biliyorsunuz harhalde; Recep Bey&#8230;&#8221; dedi.<\/p>\n<p style=\"text-align: justify;\">K\u0131l\u0131\u00e7daro\u011flu, &#8220;toplant\u0131dan \u00e7\u0131kan hangi g\u00f6r\u00fc\u015flerin CHP&#8217;nin se\u00e7im bildirgesinde yer alaca\u011f\u0131n\u0131n belli olup olmad\u0131\u011f\u0131 sorusuna, &#8220;Hay\u0131r, \u015funun i\u00e7in diyorum; \u00e7\u00fcnk\u00fc g\u00f6r\u00fc\u015fmeler hala devam ediyor. o tart\u0131\u015fmalardan 10-15 g\u00fcn sonra toplant\u0131y\u0131 y\u00f6neten akademisyen, bize hangi konularda uzla\u015fma oldu, hangi konularda uzla\u015f\u0131 olmad\u0131 bunlar bize gelecek, bir rapor olarak sunulacak, biz o zaman de\u011ferlendirebilece\u011fiz ancak. Hemen bug\u00fcnden \u015funlar\u0131 alaca\u011f\u0131z, \u015funlar\u0131 almayaca\u011f\u0131z&#8217; demek do\u011fru olmaz&#8221; yan\u0131t\u0131 verdi.<\/p>\n<p style=\"text-align: justify;\"><a href=\"http:\/\/www.cnnturk.com\/2011\/turkiye\/02\/20\/kilicdaroglu.anadilde.egitime.sicak.bakiyor\/607503.0\/index.html\" target=\"_blank\"><span style=\"color: #888888;\">CNN T\u00dcRK<\/span><\/a><\/p>\n","protected":false},"excerpt":{"rendered":"<p style=\"text-align: justify;\">\n<p style=\"text-align: justify;\">CHP lideri Kemal K\u0131l\u0131\u00e7daro\u011flu, anadilde \u00f6\u011fretime s\u0131cak bakt\u0131klar\u0131n\u0131, ancak anadilde e\u011fitimin bug\u00fcn i\u00e7in \u00e7\u00f6z\u00fclebilecek bir sorun oldu\u011funa inanmad\u0131klar\u0131n\u0131 s\u00f6yledi.<\/p>\n<p style=\"text-align: justify;\">CHP&#8217;nin, Van&#8217;\u0131n Edremit il\u00e7esi Merit \u015eahmaran Oteli&#8217;nde d\u00fczenlenen 3 g\u00fcnl\u00fck &#8220;Siyasette Bar\u0131\u015f\u0131 Stratejisi \u00c7al\u0131\u015fmas\u0131&#8221; sona erdi. K\u0131l\u0131\u00e7daro\u011flu, ayn\u0131 otelde d\u00fczenledi\u011fi bas\u0131n toplant\u0131s\u0131nda a\u00e7\u0131klamalarda bulundu ve gazetecilerin sorular\u0131n\u0131 yan\u0131tlad\u0131. <\/p>\n","protected":false},"author":1,"featured_media":0,"comment_status":"open","ping_status":"closed","sticky":false,"template":"","format":"standard","meta":{"footnotes":""},"categories":[105],"tags":[],"class_list":["post-28727","post","type-post","status-publish","format-standard","hentry","category-gundem","odd"],"_links":{"self":[{"href":"http:\/\/www.korhanyilmaz.com\/index.php?rest_route=\/wp\/v2\/posts\/28727","targetHints":{"allow":["GET"]}}],"collection":[{"href":"http:\/\/www.korhanyilmaz.com\/index.php?rest_route=\/wp\/v2\/posts"}],"about":[{"href":"http:\/\/www.korhanyilmaz.com\/index.php?rest_route=\/wp\/v2\/types\/post"}],"author":[{"embeddable":true,"href":"http:\/\/www.korhanyilmaz.com\/index.php?rest_route=\/wp\/v2\/users\/1"}],"replies":[{"embeddable":true,"href":"http:\/\/www.korhanyilmaz.com\/index.php?rest_route=%2Fwp%2Fv2%2Fcomments&post=28727"}],"version-history":[{"count":0,"href":"http:\/\/www.korhanyilmaz.com\/index.php?rest_route=\/wp\/v2\/posts\/28727\/revisions"}],"wp:attachment":[{"href":"http:\/\/www.korhanyilmaz.com\/index.php?rest_route=%2Fwp%2Fv2%2Fmedia&parent=28727"}],"wp:term":[{"taxonomy":"category","embeddable":true,"href":"http:\/\/www.korhanyilmaz.com\/index.php?rest_route=%2Fwp%2Fv2%2Fcategories&post=28727"},{"taxonomy":"post_tag","embeddable":true,"href":"http:\/\/www.korhanyilmaz.com\/index.php?rest_route=%2Fwp%2Fv2%2Ftags&post=28727"}],"curies":[{"name":"wp","href":"https:\/\/api.w.org\/{rel}","templated":true}]}}