{"id":28723,"date":"2011-02-20T18:10:52","date_gmt":"2011-02-20T16:10:52","guid":{"rendered":"http:\/\/www.korhanyilmaz.com\/?p=28723"},"modified":"2011-02-20T18:10:52","modified_gmt":"2011-02-20T16:10:52","slug":"cerkezler-anadilde-egitim-hakki-istedi","status":"publish","type":"post","link":"http:\/\/www.korhanyilmaz.com\/?p=28723","title":{"rendered":"\u00c7erkezler anadilde e\u011fitim hakk\u0131 istedi"},"content":{"rendered":"<div id=\"attachment_28724\" style=\"width: 368px\" class=\"wp-caption aligncenter\"><a href=\"http:\/\/www.korhanyilmaz.com\/wp-content\/uploads\/2011\/02\/504.jpg\"  class=\"lightview\"><img loading=\"lazy\" decoding=\"async\" aria-describedby=\"caption-attachment-28724\" class=\"size-full wp-image-28724 \" src=\"http:\/\/www.korhanyilmaz.com\/wp-content\/uploads\/2011\/02\/504.jpg\" alt=\"\" width=\"358\" height=\"228\" \/><\/a><p id=\"caption-attachment-28724\" class=\"wp-caption-text\">( Ar\u015fiv )<\/p><\/div>\n<p>Bursa&#8217;da Orhangazi Park\u0131&#8217;nda bir araya gelen \u00c7erkez K\u00fclt\u00fcr Derne\u011fi \u00fcyeleri anadilleri olan \u00c7erkez dilinde e\u011fitim talebinde bulundu.<\/p>\n<p style=\"text-align: justify;\">&#8220;Anadilini \u00f6\u011fren k\u00fclt\u00fcr\u00fcne sahip \u00e7\u0131k, o sizi dinliyor, anadilinizi konu\u015fun&#8221; yazan pankartlar ta\u015f\u0131yan ve yerel k\u0131yafetler giyen \u00c7erkez K\u00fclt\u00fcr Derne\u011fi \u00fcyeleri Orhangazi Park\u0131&#8217;nda bir araya geldi. <!--more--><\/p>\n<p style=\"text-align: justify;\">Dernek \u00fcyeleri ad\u0131na a\u00e7\u0131klama yapan Dernek Ba\u015fkan\u0131 Filiz \u00c7elik, 21 \u015eubat\u0131n &#8220;D\u00fcnya Anadil G\u00fcn\u00fc&#8221; oldu\u011funu ifade etti.<\/p>\n<p style=\"text-align: justify;\">T\u00fcrkiye&#8217;de resmi dil T\u00fcrk\u00e7e d\u0131\u015f\u0131nda 34 farkl\u0131 dil konu\u015fuldu\u011funu s\u00f6yleyen \u00c7elik, bu dillerin 18&#8217;inin yak\u0131n gelecekte yok olma tehlikesiyle kar\u015f\u0131 kar\u015f\u0131ya bulundu\u011funa dikkati \u00e7ekti.<\/p>\n<p style=\"text-align: justify;\">Dillerin korunmas\u0131n\u0131n sadece insan haklar\u0131 de\u011fil \u00f6zg\u00fcrl\u00fck ve demokrasi sorunu oldu\u011funu vurgulayan \u00c7elik, bir dili yok olmaktan koruman\u0131n tek yolunun o dilin konu\u015fulabilmesi ve \u00e7ocuklara \u00f6\u011fretilebilmesi oldu\u011funu anlatt\u0131.<\/p>\n<p style=\"text-align: justify;\">&#8220;Dilinizi konu\u015fman\u0131z\u0131n \u00f6n\u00fcnde engel yok, evinizde konu\u015fabilirsiniz, amat\u00f6r \u015fekilde a\u00e7t\u0131\u011f\u0131n\u0131z kurslarda dilinizi \u00f6\u011frenin&#8221; demenin kabul edilebilir bir yakla\u015f\u0131m olmad\u0131\u011f\u0131n\u0131 ileri s\u00fcren \u00c7elik, \u015funlar\u0131 kaydetti:<\/p>\n<p style=\"text-align: justify;\">&#8220;Bu yakla\u015f\u0131m dilimizi, k\u00fclt\u00fcr\u00fcm\u00fcz\u00fc ve kimli\u011fimizi kendi kaderine terk etmektir. Biz vatanda\u015f\u0131 oldu\u011fumuz, sorumlulu\u011funu yerine getirdi\u011fimiz devletimizden, oylar\u0131m\u0131zla se\u00e7ti\u011fimiz h\u00fck\u00fcmetlerden ger\u00e7ek\u00e7i \u00e7\u00f6z\u00fcm bekliyoruz. Yok olmakta olan bir dilin son sahipleri olarak pozitif ayr\u0131mc\u0131l\u0131k istiyoruz. D\u00fcnyada yakla\u015f\u0131k 5 milyon \u00c7erkez bulunuyor. 147 y\u0131ld\u0131r Anadolu&#8217;da ya\u015f\u0131yoruz. 147 y\u0131l boyunca bu \u00fclkenin tarlas\u0131nda \u00e7ift\u00e7i, fabrikas\u0131nda i\u015f\u00e7i olduk, sava\u015flar\u0131nda \u00f6ld\u00fck. Bu topraklar i\u00e7in \u00f6l\u00fcrken T\u00fcrk\u00e7e bilmiyorduk. \u015eimdi anadilimizi bilmiyoruz.&#8221;<\/p>\n<p style=\"text-align: justify;\">A\u00e7\u0131klaman\u0131n ard\u0131ndan \u00c7erkezler, yerel m\u00fczik e\u015fli\u011finde halk oyunlar\u0131 oynad\u0131, anadilde e\u011fitim taleplerini dile getirdi.<\/p>\n<p style=\"text-align: justify;\"><a href=\"http:\/\/www.cnnturk.com\/2011\/turkiye\/02\/20\/cerkezler.anadilde.egitim.hakki.istedi\/607518.0\/index.html\" target=\"_blank\"><span style=\"color: #888888;\">CNN T\u00dcRK<\/span><\/a><\/p>\n","protected":false},"excerpt":{"rendered":"<p id=\"caption-attachment-28724\" class=\"wp-caption-text\">( Ar\u015fiv )<\/p>\n<p>Bursa&#8217;da Orhangazi Park\u0131&#8217;nda bir araya gelen \u00c7erkez K\u00fclt\u00fcr Derne\u011fi \u00fcyeleri anadilleri olan \u00c7erkez dilinde e\u011fitim talebinde bulundu.<\/p>\n<p style=\"text-align: justify;\">&#8220;Anadilini \u00f6\u011fren k\u00fclt\u00fcr\u00fcne sahip \u00e7\u0131k, o sizi dinliyor, anadilinizi konu\u015fun&#8221; yazan pankartlar ta\u015f\u0131yan ve yerel k\u0131yafetler giyen \u00c7erkez K\u00fclt\u00fcr Derne\u011fi \u00fcyeleri Orhangazi Park\u0131&#8217;nda bir araya geldi. <\/p>\n","protected":false},"author":1,"featured_media":0,"comment_status":"open","ping_status":"closed","sticky":false,"template":"","format":"standard","meta":{"footnotes":""},"categories":[105],"tags":[],"class_list":["post-28723","post","type-post","status-publish","format-standard","hentry","category-gundem","odd"],"_links":{"self":[{"href":"http:\/\/www.korhanyilmaz.com\/index.php?rest_route=\/wp\/v2\/posts\/28723","targetHints":{"allow":["GET"]}}],"collection":[{"href":"http:\/\/www.korhanyilmaz.com\/index.php?rest_route=\/wp\/v2\/posts"}],"about":[{"href":"http:\/\/www.korhanyilmaz.com\/index.php?rest_route=\/wp\/v2\/types\/post"}],"author":[{"embeddable":true,"href":"http:\/\/www.korhanyilmaz.com\/index.php?rest_route=\/wp\/v2\/users\/1"}],"replies":[{"embeddable":true,"href":"http:\/\/www.korhanyilmaz.com\/index.php?rest_route=%2Fwp%2Fv2%2Fcomments&post=28723"}],"version-history":[{"count":0,"href":"http:\/\/www.korhanyilmaz.com\/index.php?rest_route=\/wp\/v2\/posts\/28723\/revisions"}],"wp:attachment":[{"href":"http:\/\/www.korhanyilmaz.com\/index.php?rest_route=%2Fwp%2Fv2%2Fmedia&parent=28723"}],"wp:term":[{"taxonomy":"category","embeddable":true,"href":"http:\/\/www.korhanyilmaz.com\/index.php?rest_route=%2Fwp%2Fv2%2Fcategories&post=28723"},{"taxonomy":"post_tag","embeddable":true,"href":"http:\/\/www.korhanyilmaz.com\/index.php?rest_route=%2Fwp%2Fv2%2Ftags&post=28723"}],"curies":[{"name":"wp","href":"https:\/\/api.w.org\/{rel}","templated":true}]}}