{"id":28717,"date":"2011-02-20T19:42:33","date_gmt":"2011-02-20T17:42:33","guid":{"rendered":"http:\/\/www.korhanyilmaz.com\/?p=28717"},"modified":"2011-02-20T19:42:33","modified_gmt":"2011-02-20T17:42:33","slug":"hayvanseverler-basbakandan-ne-istedi","status":"publish","type":"post","link":"http:\/\/www.korhanyilmaz.com\/?p=28717","title":{"rendered":"Hayvanseverler Ba\u015fbakan&#8217;dan ne istedi?"},"content":{"rendered":"<p style=\"text-align: center;\"><a href=\"http:\/\/www.korhanyilmaz.com\/wp-content\/uploads\/2011\/02\/503.jpg\"  class=\"lightview\"><img loading=\"lazy\" decoding=\"async\" class=\"aligncenter size-full wp-image-28721\" src=\"http:\/\/www.korhanyilmaz.com\/wp-content\/uploads\/2011\/02\/503.jpg\" alt=\"\" width=\"250\" height=\"224\" \/><\/a><\/p>\n<p style=\"text-align: justify;\">Ba\u015fbakan Recep Tayyip Erdo\u011fan, hayvan haklar\u0131 konusunda kendisinden destek isteyen Hayvan Haklar\u0131 Federasyonu (HAYTAP) Y\u00f6netim Kurulu Ba\u015fkan\u0131 Ahmet Kemal \u015eenpolat ve bir grup hayvansever sanat\u00e7\u0131yla bir araya geldi. <!--more--><\/p>\n<p style=\"text-align: justify;\">Ba\u015fbakan Erdo\u011fan&#8217;\u0131n Be\u015fikta\u015f&#8217;taki Ba\u015fbakanl\u0131k \u00c7al\u0131\u015fma Ofisi&#8217;nde ger\u00e7ekle\u015ftirdi\u011fi ve yakla\u015f\u0131k bir saat s\u00fcren g\u00f6r\u00fc\u015fmeye, Yonca Evcimik, Ajda Pekkan, Metin \u00d6z\u00fclk\u00fc, Burcu G\u00fcne\u015f, \u00d6m\u00fcr Gedik ve Tuna Arman kat\u0131ld\u0131.<\/p>\n<p style=\"text-align: justify;\">\u00c7\u0131k\u0131\u015fta gazetecilerin sorular\u0131n\u0131 yan\u0131tlayan Ahmet Kemal \u015eenpolat, Ba\u015fbakan Erdo\u011fan&#8217;dan, hayvanlara k\u00f6t\u00fc muamele eden veya \u015fiddet uygulayanlar\u0131n idari para cezas\u0131 \u00f6deyerek kurtulmamas\u0131, mahkemelerde yarg\u0131lanmas\u0131 ve savc\u0131lar\u0131n gerekiyorsa resen kovu\u015fturma a\u00e7abilmesi gibi taleplerde bulunduklar\u0131n\u0131 s\u00f6yledi.<\/p>\n<p style=\"text-align: justify;\">Ba\u015fbakan Erdo\u011fan&#8217;\u0131n konuya \u00e7ok duyarl\u0131 yakla\u015ft\u0131\u011f\u0131n\u0131 dile getiren \u015eenpolat, &#8220;B\u00fcy\u00fck \u00f6l\u00e7\u00fcde se\u00e7imlerden \u00f6nce bu yasan\u0131n de\u011fi\u015fmesi m\u00fcmk\u00fcn olmayacak. Se\u00e7imlerden sonra kesinlikle s\u00f6z ald\u0131k. Hayvanlara yap\u0131lan her t\u00fcrl\u00fc k\u00f6t\u00fc muamele bundan sonra mahkemeler nezdinde yarg\u0131lanacak&#8221; dedi.<\/p>\n<p style=\"text-align: justify;\">Yunus parklar\u0131n\u0131n a\u00e7\u0131lmamas\u0131 konusunda ise \u0130stanbul B\u00fcy\u00fck\u015fehir Belediye Ba\u015fkan\u0131 Kadir Topba\u015f&#8217;tan s\u00f6z ald\u0131klar\u0131n\u0131 s\u00f6yleyen \u015eenpolat, bu parklar\u0131n ruhsat i\u015flemleriyle ilgili inceleme ba\u015flat\u0131laca\u011f\u0131n\u0131 ifade etti.<\/p>\n<p style=\"text-align: justify;\">\u015eenpolat, g\u00f6r\u00fc\u015fmede T\u00fcrkiye&#8217;de \u00e7ok yayg\u0131n olan hayvan d\u00f6v\u00fc\u015fleri konusunun da g\u00fcndeme geldi\u011fini dile getirerek, bununla ilgili internette a\u00e7\u0131lm\u0131\u015f web siteleri oldu\u011funu ve bu siteler \u00fczerinden bahis oynat\u0131ld\u0131\u011f\u0131n\u0131 ifade ettiklerini, internet yasas\u0131nda da de\u011fi\u015fiklik yap\u0131lmas\u0131 talebini dile getirdiklerini anlatt\u0131.<\/p>\n<p style=\"text-align: justify;\">Gazeteci \u00d6m\u00fcr Gedik de \u0130stanbul&#8217;daki hayvan bar\u0131naklar\u0131 konusunu g\u00fcndeme getirdiklerini belirterek, oralarda \u00e7al\u0131\u015fan personelin e\u011fitimi konusunda Topba\u015f&#8217;tan s\u00f6z ald\u0131klar\u0131n\u0131 ifade etti.<\/p>\n<p style=\"text-align: justify;\">\u015eark\u0131c\u0131 Yonca Evcimik de hayvan haklar\u0131 konusundaki taleplerini Ba\u015fbakan Erdo\u011fan&#8217;a ilettiklerini belirterek, &#8220;Ben bug\u00fcn burada Ba\u015fbakan\u0131m\u0131 hi\u00e7 tan\u0131mad\u0131\u011f\u0131m\u0131 \u00f6\u011frendim. \u00c7\u00fcnk\u00fc onun ciddi bir hayvansever oldu\u011funu, yak\u0131n\u0131nda kediler k\u00f6pekler ile birlikte ya\u015fad\u0131\u011f\u0131n\u0131 \u00f6\u011frendim&#8221; dedi.<\/p>\n<p style=\"text-align: justify;\">Evcimik, &#8220;g\u00f6r\u00fc\u015fmede hayvanlara yap\u0131lanlara ili\u015fkin konular g\u00fcndeme gelirken Ba\u015fbakan Erdo\u011fan&#8217;\u0131n g\u00f6zlerinde vicdan\u0131 g\u00f6rd\u00fc\u011f\u00fcn\u00fc ve bundan sonra bu konunun yan\u0131nda olaca\u011f\u0131n\u0131 hissetti\u011fini&#8221; vurgulayarak, g\u00f6r\u00fc\u015fmeden mutlu ayr\u0131ld\u0131klar\u0131n\u0131 s\u00f6yledi.<\/p>\n<p style=\"text-align: justify;\">Sanat\u00e7\u0131 Ajda Pekkan ise Ba\u015fbakan Erdo\u011fan ile g\u00f6r\u00fc\u015fmenin olumlu ge\u00e7ti\u011fini dile getirdi.<\/p>\n<p style=\"text-align: justify;\">\u015eark\u0131c\u0131 Metin \u00d6z\u00fclk\u00fc de Ba\u015fbakan Erdo\u011fan&#8217;dan taleplere ili\u015fkin s\u00f6z ald\u0131klar\u0131n\u0131 ifade ederek, Erdo\u011fan&#8217;\u0131n hayvanlara kar\u015f\u0131 ne kadar duyarl\u0131 oldu\u011funu g\u00f6rd\u00fcklerini de s\u00f6yledi.<\/p>\n<p style=\"text-align: justify;\">\u015eark\u0131c\u0131 Burcu G\u00fcne\u015f de Ba\u015fbakan Erdo\u011fan&#8217;a kendileriyle g\u00f6r\u00fc\u015ft\u00fc\u011f\u00fc i\u00e7in te\u015fekk\u00fcr ederek, &#8220;Ben Ba\u015fbakan\u0131m\u0131z\u0131n bu kadar hayvansever oldu\u011funu, bu kadar duyarl\u0131 oldu\u011funu bug\u00fcn hissettim. Ba\u015fbakan\u0131m\u0131z\u0131n o\u011flunun bir k\u00f6pe\u011fi varm\u0131\u015f, o da \u00e7ok seviyormu\u015f hayvanlar\u0131. Bunlar\u0131n topluma yans\u0131mas\u0131n\u0131 istedik&#8221; dedi.<\/p>\n<p style=\"text-align: justify;\">G\u00fcne\u015f, &#8216;hayvana sevginin insana sevgi&#8221; demek oldu\u011funu da belirterek, Erdo\u011fan&#8217;\u0131n hayvan sevgisi konusunda hem Hazreti Muhammed&#8217;den hem de Mevlana&#8217;dan \u00f6rnekler verdi\u011fini anlatt\u0131.<\/p>\n<p style=\"text-align: justify;\">Tiyatro sanat\u00e7\u0131s\u0131 Tuna Arman da g\u00f6r\u00fc\u015fmede Ba\u015fbakan Erdo\u011fan&#8217;\u0131n hayvanlara \u015fiddet uygulayanlar\u0131n cezaland\u0131r\u0131lmas\u0131 konusunda ad\u0131mlarda bulunaca\u011f\u0131n\u0131 belirtti\u011fini kaydetti.<\/p>\n<p style=\"text-align: justify;\"><a href=\"http:\/\/www.cnnturk.com\/2011\/turkiye\/02\/20\/hayvanseverler.basbakandan.ne.istedi\/607526.0\/index.html\" target=\"_blank\"><span style=\"color: #888888;\">CNN T\u00dcRK<\/span><\/a><\/p>\n","protected":false},"excerpt":{"rendered":"<p style=\"text-align: center;\">\n<p style=\"text-align: justify;\">Ba\u015fbakan Recep Tayyip Erdo\u011fan, hayvan haklar\u0131 konusunda kendisinden destek isteyen Hayvan Haklar\u0131 Federasyonu (HAYTAP) Y\u00f6netim Kurulu Ba\u015fkan\u0131 Ahmet Kemal \u015eenpolat ve bir grup hayvansever sanat\u00e7\u0131yla bir araya geldi. <\/p>\n","protected":false},"author":1,"featured_media":0,"comment_status":"open","ping_status":"closed","sticky":false,"template":"","format":"standard","meta":{"footnotes":""},"categories":[105],"tags":[],"class_list":["post-28717","post","type-post","status-publish","format-standard","hentry","category-gundem","odd"],"_links":{"self":[{"href":"http:\/\/www.korhanyilmaz.com\/index.php?rest_route=\/wp\/v2\/posts\/28717","targetHints":{"allow":["GET"]}}],"collection":[{"href":"http:\/\/www.korhanyilmaz.com\/index.php?rest_route=\/wp\/v2\/posts"}],"about":[{"href":"http:\/\/www.korhanyilmaz.com\/index.php?rest_route=\/wp\/v2\/types\/post"}],"author":[{"embeddable":true,"href":"http:\/\/www.korhanyilmaz.com\/index.php?rest_route=\/wp\/v2\/users\/1"}],"replies":[{"embeddable":true,"href":"http:\/\/www.korhanyilmaz.com\/index.php?rest_route=%2Fwp%2Fv2%2Fcomments&post=28717"}],"version-history":[{"count":0,"href":"http:\/\/www.korhanyilmaz.com\/index.php?rest_route=\/wp\/v2\/posts\/28717\/revisions"}],"wp:attachment":[{"href":"http:\/\/www.korhanyilmaz.com\/index.php?rest_route=%2Fwp%2Fv2%2Fmedia&parent=28717"}],"wp:term":[{"taxonomy":"category","embeddable":true,"href":"http:\/\/www.korhanyilmaz.com\/index.php?rest_route=%2Fwp%2Fv2%2Fcategories&post=28717"},{"taxonomy":"post_tag","embeddable":true,"href":"http:\/\/www.korhanyilmaz.com\/index.php?rest_route=%2Fwp%2Fv2%2Ftags&post=28717"}],"curies":[{"name":"wp","href":"https:\/\/api.w.org\/{rel}","templated":true}]}}