{"id":28710,"date":"2011-02-20T16:29:03","date_gmt":"2011-02-20T14:29:03","guid":{"rendered":"http:\/\/www.korhanyilmaz.com\/?p=28710"},"modified":"2011-02-20T16:29:03","modified_gmt":"2011-02-20T14:29:03","slug":"yargitay-ve-danistay-uyeliklerine-yogun-ilgi","status":"publish","type":"post","link":"http:\/\/www.korhanyilmaz.com\/?p=28710","title":{"rendered":"Yarg\u0131tay ve Dan\u0131\u015ftay \u00fcyeliklerine yo\u011fun ilgi"},"content":{"rendered":"<p style=\"text-align: justify;\"><a href=\"http:\/\/www.korhanyilmaz.com\/wp-content\/uploads\/2011\/02\/511.jpg\"  class=\"lightview\"><img loading=\"lazy\" decoding=\"async\" class=\"aligncenter size-full wp-image-28742\" src=\"http:\/\/www.korhanyilmaz.com\/wp-content\/uploads\/2011\/02\/511.jpg\" alt=\"\" width=\"413\" height=\"221\" \/><\/a><\/p>\n<p style=\"text-align: justify;\">Hakimler ve Savc\u0131lar Y\u00fcksek Kurulu (HSYK), Yarg\u0131tay ve Dan\u0131\u015ftay&#8217;\u0131n \u00fcye say\u0131s\u0131n\u0131n art\u0131r\u0131lmas\u0131na ili\u015fkin kanun kapsam\u0131nda Yarg\u0131tay ve Dan\u0131\u015ftay&#8217;daki bo\u015f \u00fcyelikler i\u00e7in kesin aday listelerini a\u00e7\u0131klad\u0131.<!--more--><\/p>\n<p style=\"text-align: justify;\">ANKARA- Buna g\u00f6re, Yarg\u0131tay i\u00e7in 4 bin 984 aday aras\u0131ndan 137, Dan\u0131\u015ftay i\u00e7in 544 aday aras\u0131ndan 61 \u00fcye se\u00e7ilecek.<\/p>\n<p style=\"text-align: justify;\">Yarg\u0131tay \u00fcyelerinin niteliklerini ve se\u00e7imini d\u00fczenleyen Yarg\u0131tay Kanunu&#8217;nun 29. maddesinde \u00f6ng\u00f6r\u00fclen &#8221;birinci s\u0131n\u0131fa ayr\u0131ld\u0131ktan sonra en az \u00fc\u00e7 y\u0131l s\u00fcreyle ba\u015far\u0131l\u0131 g\u00f6rev yapm\u0131\u015f ve birinci s\u0131n\u0131fa ayr\u0131lmay\u0131 gerektiren nitelikleri yitirmemi\u015f&#8221; t\u00fcm adli yarg\u0131 hakim ve cumhuriyet savc\u0131lar\u0131n\u0131n aday olarak belirlenmesine karar veren HSYK, bu \u015fekilde belirlenen 5 bin 24 ki\u015filik taslak aday listesini internet sitesinde yay\u0131mlad\u0131.<\/p>\n<p style=\"text-align: justify;\">Kurul, Dan\u0131\u015ftay \u00fcyelerinin niteliklerini d\u00fczenleyen Dan\u0131\u015ftay Kanunu&#8217;nun 8. maddesinin 2. f\u0131rkas\u0131nda \u00f6ng\u00f6r\u00fclen, &#8221;birinci s\u0131n\u0131fa ayr\u0131ld\u0131ktan sonra en az \u00fc\u00e7 y\u0131l s\u00fcreyle ba\u015far\u0131l\u0131 g\u00f6rev yapm\u0131\u015f ve birinci s\u0131n\u0131fa ayr\u0131lmay\u0131 gerektiren nitelikleri yitirmemi\u015f&#8221; t\u00fcm idari yarg\u0131 hakim ve savc\u0131lar\u0131n\u0131n aday olarak belirlenmesine karar vererek, bu \u015fekilde belirlenen 552 ki\u015filik taslak aday listesini de internet sitesinde duyurdu.<\/p>\n<p style=\"text-align: justify;\">Listede olmas\u0131 gerekti\u011fi halde ad\u0131 olmayanlar ile listede ad\u0131 yer ald\u0131\u011f\u0131 halde aday olmak istemeyenlerin buna ili\u015fkin taleplerini 17 \u015eubat 2011 tarihine kadar HSYK Genel Sekreterli\u011fine bildirmeleri istenmi\u015fti.<\/p>\n<p style=\"text-align: justify;\">Yarg\u0131tay listesinde ad\u0131 bulunanlardan eski YARSAV Ba\u015fkan\u0131 \u00d6mer Faruk Emina\u011fao\u011flu, eski Adalet Bakanl\u0131\u011f\u0131 M\u00fcste\u015far\u0131 Fahri Kas\u0131rga, HSYK Genel Sekreteri Mehmet Kaya&#8217;n\u0131n da aralar\u0131nda bulundu\u011fu 36 ki\u015fi, Dan\u0131\u015ftay listesinden ise 6 ki\u015fi, aday olmak istemediklerini kurula bildirdi.<\/p>\n<p style=\"text-align: justify;\">Bu isteklerin de\u011ferlendirilmesinin ard\u0131ndan kesin aday listeleri <strong><span style=\"background-color: #ffff99;\"><a href=\"http:\/\/www.hsyk.gov.tr\/duyurular\/2011\/subat\/duyuru01.html\" target=\"_blank\">HSYK&#8217;n\u0131n internet sitesinde<\/a> <\/span><\/strong>yay\u0131nland\u0131.<a href=\"http:\/\/www.hsyk.gov.tr\/duyurular\/2011\/subat\/duyuru01.html\" target=\"_blank\"><\/a><\/p>\n<p style=\"text-align: justify;\">Se\u00e7imlerde Yarg\u0131tay i\u00e7in 4 bin 984 aday, Dan\u0131\u015ftay i\u00e7in ise 544 aday bulundu\u011fu, bunlar\u0131n aras\u0131ndan Yarg\u0131tay i\u00e7in 137, Dan\u0131\u015ftay i\u00e7in 61 \u00fcye se\u00e7ilece\u011fi bildirildi.<\/p>\n<p style=\"text-align: justify;\">Yarg\u0131tay \u00fcyeli\u011fi adaylar\u0131 aras\u0131nda, Sincan A\u011f\u0131r Ceza Mahkemesi Ba\u015fkan\u0131 Osman Ka\u00e7maz, eski Erzincan Cumhuriyet Ba\u015fsavc\u0131s\u0131, Adana Savc\u0131s\u0131 \u0130lhan Cihaner, \u0130stanbul 12. A\u011f\u0131r Ceza Mahkemesi \u00fcye hakimi iken HSYK taraf\u0131ndan Eski\u015fehir hakimli\u011fine atanan Oktay Kuban, eski DGM Savc\u0131s\u0131 ve Ankara Cumhuriyet Savc\u0131s\u0131 Nuh Mete Y\u00fcksel, \u0130stanbul 13. A\u011f\u0131r Ceza Mahkemesi Ba\u015fkan\u0131 K\u00f6ksal \u015eeng\u00fcn, \u0130stanbul Cumhuriyet Ba\u015fsavc\u0131s\u0131 Aykut Cengiz Engin, \u0130stanbul Cumhuriyet Ba\u015fsavc\u0131vekili Turan \u00c7olakkad\u0131, \u0130stanbul Cumhuriyet Savc\u0131s\u0131 Fikret Se\u00e7en, &#8221;Kozmik Oda&#8221;da arama yapan Ankara 11. A\u011f\u0131r Ceza Mahkemesi Hakim Kadir Kayan, Ankara Cumhuriyet Ba\u015fsavc\u0131vekili \u015eadan Sak\u0131nan, Deniz Feneri e.V. davas\u0131n\u0131n T\u00fcrkiye uzant\u0131s\u0131yla ilgili soru\u015fturmay\u0131 y\u00fcr\u00fcten Ankara cumhuriyet savc\u0131lar\u0131 Nadi T\u00fcrkaslan ve Mehmet Tam\u00f6z gibi isimler bulunuyor.<\/p>\n<p style=\"text-align: justify;\">Dan\u0131\u015ftay \u00fcyeli\u011fi listesinde ise idare mahkemesi, vergi mahkemesi ba\u015fkanlar\u0131, \u00fcyeleri, Dan\u0131\u015ftay savc\u0131 ve tetkik hakimleri ile baz\u0131 Adalet Bakanl\u0131\u011f\u0131 b\u00fcrokratlar\u0131 yer al\u0131yor.<\/p>\n<p style=\"text-align: justify;\"><a href=\"http:\/\/www.gazeteport.com.tr\/GUNCEL\/NEWS\/GP_856770\" target=\"_blank\">Kaynak : GAZETEPORT<\/a><\/p>\n","protected":false},"excerpt":{"rendered":"<p style=\"text-align: justify;\">\n<p style=\"text-align: justify;\">Hakimler ve Savc\u0131lar Y\u00fcksek Kurulu (HSYK), Yarg\u0131tay ve Dan\u0131\u015ftay&#8217;\u0131n \u00fcye say\u0131s\u0131n\u0131n art\u0131r\u0131lmas\u0131na ili\u015fkin kanun kapsam\u0131nda Yarg\u0131tay ve Dan\u0131\u015ftay&#8217;daki bo\u015f \u00fcyelikler i\u00e7in kesin aday listelerini a\u00e7\u0131klad\u0131.<\/p>\n","protected":false},"author":1,"featured_media":0,"comment_status":"open","ping_status":"closed","sticky":false,"template":"","format":"standard","meta":{"footnotes":""},"categories":[105],"tags":[],"class_list":["post-28710","post","type-post","status-publish","format-standard","hentry","category-gundem","odd"],"_links":{"self":[{"href":"http:\/\/www.korhanyilmaz.com\/index.php?rest_route=\/wp\/v2\/posts\/28710","targetHints":{"allow":["GET"]}}],"collection":[{"href":"http:\/\/www.korhanyilmaz.com\/index.php?rest_route=\/wp\/v2\/posts"}],"about":[{"href":"http:\/\/www.korhanyilmaz.com\/index.php?rest_route=\/wp\/v2\/types\/post"}],"author":[{"embeddable":true,"href":"http:\/\/www.korhanyilmaz.com\/index.php?rest_route=\/wp\/v2\/users\/1"}],"replies":[{"embeddable":true,"href":"http:\/\/www.korhanyilmaz.com\/index.php?rest_route=%2Fwp%2Fv2%2Fcomments&post=28710"}],"version-history":[{"count":0,"href":"http:\/\/www.korhanyilmaz.com\/index.php?rest_route=\/wp\/v2\/posts\/28710\/revisions"}],"wp:attachment":[{"href":"http:\/\/www.korhanyilmaz.com\/index.php?rest_route=%2Fwp%2Fv2%2Fmedia&parent=28710"}],"wp:term":[{"taxonomy":"category","embeddable":true,"href":"http:\/\/www.korhanyilmaz.com\/index.php?rest_route=%2Fwp%2Fv2%2Fcategories&post=28710"},{"taxonomy":"post_tag","embeddable":true,"href":"http:\/\/www.korhanyilmaz.com\/index.php?rest_route=%2Fwp%2Fv2%2Ftags&post=28710"}],"curies":[{"name":"wp","href":"https:\/\/api.w.org\/{rel}","templated":true}]}}