{"id":2870,"date":"2009-01-19T23:02:35","date_gmt":"2009-01-19T21:02:35","guid":{"rendered":"http:\/\/www.korhanyilmaz.com\/?p=2870"},"modified":"2009-01-19T23:02:35","modified_gmt":"2009-01-19T21:02:35","slug":"ilac-krizi-cozuldu","status":"publish","type":"post","link":"http:\/\/www.korhanyilmaz.com\/?p=2870","title":{"rendered":"\u0130la\u00e7 krizi \u00e7\u00f6z\u00fcld\u00fc"},"content":{"rendered":"<p style=\"text-align: center;\"><img loading=\"lazy\" decoding=\"async\" class=\"aligncenter size-full wp-image-2871\" title=\"\u0130la\u00e7 krizi \u00e7\u00f6z\u00fcld\u00fc \" src=\"http:\/\/www.korhanyilmaz.com\/wp-content\/uploads\/2009\/01\/f3e5b91e69122847b0425053x.jpg\" alt=\"\u0130la\u00e7 krizi \u00e7\u00f6z\u00fcld\u00fc \" width=\"380\" height=\"200\" \/><\/p>\n<p style=\"text-align: justify;\">\u00c7al\u0131\u015fma ve Sosyal G\u00fcvenlik Bakan\u0131 Faruk \u00c7elik, &#8221;Arta kalan bir ka\u00e7 husus da teknik d\u00fczeyde de\u011ferlendirildi. Neticede mutabakat sa\u011flam\u0131\u015f bulunuyoruz. \u0130mza alt\u0131na al\u0131nd\u0131 bu protokol&#8221; dedi.<\/p>\n<p style=\"text-align: justify;\">Bakan \u00c7elik, \u00c7al\u0131\u015fma ve sosyal G\u00fcvenlik Bakanl\u0131\u011f\u0131ndan T\u00fcrk Eczac\u0131lar\u0131 Birli\u011fi (TEB) y\u00f6neticileriyle ger\u00e7ekle\u015ftirilen g\u00f6r\u00fc\u015fmelerin ard\u0131ndan yapt\u0131\u011f\u0131 a\u00e7\u0131klamada, bug\u00fcne kadar kamuoyuna mal olmu\u015f olan 7-8 ya da 9 maddede \u00f6zetlenecek konularda zaten mutabakat oldu\u011funu an\u0131msatt\u0131.<!--more--><\/p>\n<p style=\"text-align: justify;\">\u00c7elik, &#8221;arta kalan bir ka\u00e7 husus da teknik d\u00fczeyde de\u011ferlendirildi. Neticede mutabakat sa\u011flam\u0131\u015f bulunuyoruz. \u0130mza alt\u0131na al\u0131nd\u0131 bu protokol&#8221; diye konu\u015ftu.<\/p>\n<p style=\"text-align: justify;\">Hi\u00e7bir zaman sivil toplum kurulu\u015flar\u0131n\u0131 d\u0131\u015flayacak bir \u00e7aba i\u00e7inde olmad\u0131klar\u0131n\u0131 belirten \u00c7elik, \u015funlar\u0131 kaydetti:<\/p>\n<p style=\"text-align: justify;\">&#8221;Milletin sa\u011fl\u0131\u011f\u0131 s\u00f6z konusu olunca gerekli \u00f6nlemleri alma, hassasiyetleri, alternatifleri d\u00fc\u015f\u00fcnmemiz gerekiyordu. Ancak bunlara f\u0131rsat kalmadan TEB kendi \u00fczerine d\u00fc\u015fen olgunlu\u011fu, duyarl\u0131l\u0131\u011f\u0131, hassasiyeti bu konuda g\u00f6sterdiler. Birlikte bu konuda bir mutabakat imkan\u0131 sa\u011flanm\u0131\u015f oldu. Hay\u0131rl\u0131 olmas\u0131n\u0131 temenni ediyorum.&#8221;<\/p>\n<p style=\"text-align: justify;\"><span style=\"color: #888888;\">Kaynak : Sabah Gazetesi<\/span><\/p>\n","protected":false},"excerpt":{"rendered":"<p style=\"text-align: center;\">\n<p style=\"text-align: justify;\">\u00c7al\u0131\u015fma ve Sosyal G\u00fcvenlik Bakan\u0131 Faruk \u00c7elik, &#8221;Arta kalan bir ka\u00e7 husus da teknik d\u00fczeyde de\u011ferlendirildi. Neticede mutabakat sa\u011flam\u0131\u015f bulunuyoruz. \u0130mza alt\u0131na al\u0131nd\u0131 bu protokol&#8221; dedi.<\/p>\n<p style=\"text-align: justify;\">Bakan \u00c7elik, \u00c7al\u0131\u015fma ve sosyal G\u00fcvenlik Bakanl\u0131\u011f\u0131ndan T\u00fcrk Eczac\u0131lar\u0131 Birli\u011fi (TEB) y\u00f6neticileriyle ger\u00e7ekle\u015ftirilen g\u00f6r\u00fc\u015fmelerin ard\u0131ndan yapt\u0131\u011f\u0131 a\u00e7\u0131klamada, bug\u00fcne kadar kamuoyuna mal olmu\u015f <\/p>\n","protected":false},"author":1,"featured_media":0,"comment_status":"open","ping_status":"closed","sticky":false,"template":"","format":"standard","meta":{"footnotes":""},"categories":[7],"tags":[],"class_list":["post-2870","post","type-post","status-publish","format-standard","hentry","category-ekonomi","odd"],"_links":{"self":[{"href":"http:\/\/www.korhanyilmaz.com\/index.php?rest_route=\/wp\/v2\/posts\/2870","targetHints":{"allow":["GET"]}}],"collection":[{"href":"http:\/\/www.korhanyilmaz.com\/index.php?rest_route=\/wp\/v2\/posts"}],"about":[{"href":"http:\/\/www.korhanyilmaz.com\/index.php?rest_route=\/wp\/v2\/types\/post"}],"author":[{"embeddable":true,"href":"http:\/\/www.korhanyilmaz.com\/index.php?rest_route=\/wp\/v2\/users\/1"}],"replies":[{"embeddable":true,"href":"http:\/\/www.korhanyilmaz.com\/index.php?rest_route=%2Fwp%2Fv2%2Fcomments&post=2870"}],"version-history":[{"count":0,"href":"http:\/\/www.korhanyilmaz.com\/index.php?rest_route=\/wp\/v2\/posts\/2870\/revisions"}],"wp:attachment":[{"href":"http:\/\/www.korhanyilmaz.com\/index.php?rest_route=%2Fwp%2Fv2%2Fmedia&parent=2870"}],"wp:term":[{"taxonomy":"category","embeddable":true,"href":"http:\/\/www.korhanyilmaz.com\/index.php?rest_route=%2Fwp%2Fv2%2Fcategories&post=2870"},{"taxonomy":"post_tag","embeddable":true,"href":"http:\/\/www.korhanyilmaz.com\/index.php?rest_route=%2Fwp%2Fv2%2Ftags&post=2870"}],"curies":[{"name":"wp","href":"https:\/\/api.w.org\/{rel}","templated":true}]}}