{"id":28685,"date":"2011-02-19T19:22:52","date_gmt":"2011-02-19T17:22:52","guid":{"rendered":"http:\/\/www.korhanyilmaz.com\/?p=28685"},"modified":"2011-02-19T19:22:52","modified_gmt":"2011-02-19T17:22:52","slug":"demirtas-gerilimin-kaynagi-hukumettir","status":"publish","type":"post","link":"http:\/\/www.korhanyilmaz.com\/?p=28685","title":{"rendered":"Demirta\u015f: &#8220;Gerilimin kayna\u011f\u0131 h\u00fck\u00fcmettir&#8221;"},"content":{"rendered":"<p style=\"text-align: justify;\"><a href=\"http:\/\/www.korhanyilmaz.com\/wp-content\/uploads\/2011\/02\/420.jpg\"  class=\"lightview\"><img loading=\"lazy\" decoding=\"async\" class=\"aligncenter size-full wp-image-28686\" src=\"http:\/\/www.korhanyilmaz.com\/wp-content\/uploads\/2011\/02\/420.jpg\" alt=\"\" width=\"292\" height=\"238\" \/><\/a><\/p>\n<p style=\"text-align: justify;\">BDP Genel Ba\u015fkan\u0131 Selahattin Demirta\u015f, se\u00e7imler \u00f6ncesi b\u00f6lgede provokasyon yarat\u0131laca\u011f\u0131 s\u00f6ylentilerine tepki g\u00f6sterdi. Demirta\u015f, &#8220;\u015eu anda AKP&#8217;nin yakla\u015f\u0131m\u0131 d\u0131\u015f\u0131nda, provokasyon geli\u015ftirecek, gerilim yaratacak hi\u00e7bir durum yoktur. \u015eu anki gerilimin tek kayna\u011f\u0131 h\u00fck\u00fcmettir&#8221; dedi. <!--more--><\/p>\n<p style=\"text-align: justify;\">BDP Genel Ba\u015fkan\u0131 Selahattin Demirta\u015f ve yard\u0131mc\u0131s\u0131 G\u00fcltan K\u0131\u015fanak, Diyarbak\u0131r&#8217;da partileri taraf\u0131ndan olu\u015fturulan &#8216;Siyaset Akademisi&#8217;nin 7&#8217;inci devresinde mezun olanlara verilen sertifika t\u00f6renine kat\u0131ld\u0131.<\/p>\n<p style=\"text-align: justify;\">BDP il binas\u0131nda d\u00fczenlenen t\u00f6rende konu\u015fan Demirta\u015f, partilerinin T\u00fcrkiye&#8217;deki en demokratik siyaset anlay\u0131\u015f\u0131na sahip oldu\u011funu s\u00f6yledi.<\/p>\n<p style=\"text-align: justify;\">BDP d\u0131\u015f\u0131nda hi\u00e7bir anlay\u0131\u015f\u0131n T\u00fcrkiye&#8217;ye demokrasi vaat etmedi\u011fini savunan Demirta\u015f, &#8220;Bug\u00fcn AKP kendi hegemonyas\u0131n\u0131 kurmaya \u00e7al\u0131\u015f\u0131rken, kendi otoriter anlay\u0131\u015f\u0131n\u0131 egemen k\u0131lmaya \u00e7al\u0131\u015f\u0131rken, demokrasi vaat etmiyor. Buna kar\u015f\u0131 s\u00f6zde m\u00fccadele eden ana muhalefet partisi ba\u015fta olmak \u00fczere, di\u011fer muhalefet partileri de, AKP&#8217;ye kar\u015f\u0131 bir demokratik alternatif olu\u015fturtmuyorlar. Dolay\u0131s\u0131yla biz bunlar\u0131n tamam\u0131n\u0131 ayn\u0131 cephede kabul edip, \u00f6zl\u00fc esasl\u0131 bir demokratik halk m\u00fccadelesini, demokratik siyaseti oturtmaya \u00e7al\u0131\u015f\u0131yoruz&#8221; dedi.<\/p>\n<p style=\"text-align: justify;\"><strong><span style=\"text-decoration: underline;\">SORULAR&#8230; <\/span><\/strong><\/p>\n<p style=\"text-align: justify;\"><strong>&#8220;H\u00fck\u00fcmet su\u00e7a ortak olmas\u0131n&#8221; <\/strong><\/p>\n<p style=\"text-align: justify;\">Demirta\u015f, gazetecilerin g\u00fcndeme ili\u015fkin sorular\u0131n\u0131 da yan\u0131tlad\u0131.<\/p>\n<p style=\"text-align: justify;\">\u015e\u0131rnak&#8217;ta 1990&#8217;l\u0131 y\u0131llarda i\u015flenen cinayetlerin sorumlusu olarak Diyarbak\u0131r&#8217;da yarg\u0131lanan emekli Albay Cemal Temiz\u00f6z davas\u0131nda tan\u0131k olarak dinlenen emekli Koramiral Attila K\u0131yat&#8217;\u0131n ifadesini de\u011ferlendiren Demirta\u015f, &#8220;B\u00f6lgede i\u015flenen faili me\u00e7hullerin bir devlet politikas\u0131 oldu\u011fu ger\u00e7e\u011fi g\u00fcn gibi ortad\u0131r. Bunu emekli generaller s\u00f6ylese de s\u00f6ylemese de bu b\u00f6yledir. Fakat bu \u00fclkede generallik d\u00fczeyine y\u00fckselmi\u015f, emekli olmu\u015f bir \u015fahs\u0131n ifadeleri do\u011frultusunda, art\u0131k h\u00fck\u00fcmetinde baz\u0131 ad\u0131mlar atmas\u0131 gerekiyor. Yani devlette devaml\u0131l\u0131k esassa, ge\u00e7mi\u015f d\u00f6nemde i\u015flenen faili me\u00e7hullerin ortaya \u00e7\u0131kar\u0131lmas\u0131ndan da \u015fu anki h\u00fck\u00fcmet sorumludur. Bunlar\u0131 ger\u00e7ekle\u015ftirmiyorsa, \u00fczerine gitmiyorsa, &#8216;Temiz\u00f6z davas\u0131 a\u00e7\u0131ld\u0131 daha ne yapal\u0131m&#8217; deyip, binlerce faili me\u00e7hul cinayetin \u00fcst\u00fcn\u00fc \u00f6rteceklerse, bu su\u00e7a ortak olurlar&#8221; diye konu\u015ftu.<\/p>\n<p style=\"text-align: justify;\"><strong>&#8221;Ye\u015fil Ergenekon i\u00e7in bu \u00e7evrelerle uzla\u015ft\u0131lar&#8221; <\/strong><\/p>\n<p style=\"text-align: justify;\">Devletin arkas\u0131nda olmad\u0131\u011f\u0131, desteklemedi\u011fi &#8216;bir cinayet \u015febekesi&#8217;nin, 10 y\u0131l boyunca kesintisiz bir \u015fekilde onlarca faili me\u00e7hul cinayeti i\u015fleyemeyece\u011fini ileri s\u00fcren Demirta\u015f, \u015f\u00f6yle dedi:<\/p>\n<p style=\"text-align: justify;\">&#8220;Bunu anlamamak i\u00e7in siyasi kahin olmaya gerek yok. Ama say\u0131n Ba\u015fbakan b\u00fct\u00fcn bu faili me\u00e7hul cinayetleri kendi siyasi rant\u0131 i\u00e7in kullan\u0131yor. Referandum meydanlar\u0131nda, se\u00e7im meydanlar\u0131nda &#8216;Biz analar\u0131n ac\u0131s\u0131n\u0131 anl\u0131yoruz. Faili me\u00e7hullerin ac\u0131s\u0131n\u0131 anl\u0131yoruz&#8217; diyecek, ama ortaya \u00e7\u0131kan toplu mezarlarla ilgili hakikatleri ara\u015ft\u0131rma komisyonu ve komisyonlar\u0131n kurulmas\u0131 konusunda Meclis&#8217;te destek vermeyecek. Bu siyaseten iki y\u00fczl\u00fcl\u00fckt\u00fcr.<\/p>\n<p style=\"text-align: justify;\">Ac\u0131lar \u00fczerinden siyasi rant elde etme giri\u015fimidir. AKP bunu \u00e7ok iyi yap\u0131yor. Bu konuda say\u0131n Ba\u015fbakan olmak \u00fczere, AKP&#8217;li y\u00f6neticileri, h\u00fck\u00fcmeti sorumlu davranmaya davet ediyoruz. Arif Do\u011fan ve Atilla K\u0131yat&#8217;\u0131n a\u00e7\u0131klamalar\u0131 ortada, niye bunlarla ilgili siyasi giri\u015fimlerde bulunulmuyor. Bu faili me\u00e7hul cinayetlerden \u00e7ok mu memnunlar kendileri. AKP bunlardan \u00e7ok mu mutlu, ya \u00e7\u0131ks\u0131n bunu a\u00e7\u0131klas\u0131n ya da gere\u011fini yaps\u0131n. B\u00f6lgede y\u00fczlerce \u00e7etenin oldu\u011fu, halen g\u00f6revde oldu\u011fu, halen devlet kademelerinde etkili yetkili g\u00f6revlerde bulunduklar\u0131n\u0131 da biliyoruz. B\u00fct\u00fcn bu \u00e7eteler ortaya \u00e7\u0131kar\u0131lmazsa, kimse derin devletle hesapla\u015ft\u0131 demez, diyemez. Ama g\u00f6r\u00fcn\u00fcn o ki, AKP bir yere kadar derin devletle hesapla\u015fma mant\u0131\u011f\u0131n\u0131 y\u00fcr\u00fctt\u00fc. Bir yerden sonra kendi ye\u015fil Ergenekonunu yaratma ad\u0131na, bu \u00e7evrelerle uzla\u015fma ger\u00e7ekle\u015ftirdi. Bizim g\u00f6rebildi\u011fimiz budur&#8221;<\/p>\n<p style=\"text-align: justify;\"><strong>&#8221;Anadil konusunda hassas\u0131z&#8221; <\/strong><\/p>\n<p style=\"text-align: justify;\">K\u00fcrt Dil Hareketi&#8217;nin 21 \u015eubat&#8217;taki okul boykotuyla ilgili de konu\u015fan Demirta\u015f, anadil konusunda hassasiyetleri oldu\u011funu s\u00f6yledi.<\/p>\n<p style=\"text-align: justify;\">Ana dilin her yerde savunulmas\u0131 gerekti\u011fi y\u00f6n\u00fcnde \u00e7a\u011fr\u0131da bulunan Demirta\u015f, &#8220;Sadece K\u00fcrt\u00e7e i\u00e7in de\u011fil, b\u00fct\u00fcn anadiller i\u00e7in ge\u00e7erlidir. 21 \u015eubat vesilesiyle anadilini korumak isteyen, savunmak isteyen, bask\u0131lar\u0131 dile getirmek i\u00e7in herkesle ilgili biz hassasiyet g\u00f6steriyoruz. BDP olarak b\u00f6yle bir \u00f6rg\u00fctlenme i\u00e7inde de\u011filiz. Ama biz insanlar\u0131n bu t\u00fcr demokratik taleplerini elbette ki sayg\u0131yla kar\u015f\u0131lar\u0131z. Bu bir sivil itaatsizliktir&#8221; dedi.<\/p>\n<p style=\"text-align: justify;\"><strong>&#8220;K\u0131l\u0131\u00e7daro\u011flu&#8217;nun Van ziyaretini ciddiye alm\u0131yoruz&#8221; <\/strong><\/p>\n<p style=\"text-align: justify;\">Bir gazetecinin CHP Genel Ba\u015fkan\u0131 Kemal K\u0131l\u0131\u00e7daro\u011flu&#8217;nun Van ziyaretine ili\u015fkin de\u011ferlendirilmesi sorulmas\u0131 \u00fczerine Demirta\u015f, &#8220;Bizim a\u00e7\u0131m\u0131zdan \u00e7ok de\u011ferlendirmeye de\u011fecek bir durum de\u011fildir. Bir partinin siyasi \u00e7al\u0131\u015fmas\u0131d\u0131r. Bar\u0131\u015f ve Demokrasi Partisi olarak bizim bu konudaki \u00e7\u00f6z\u00fcm \u00f6nerilerimiz, g\u00f6r\u00fc\u015flerimiz ortadad\u0131r. \u00c7ok ciddiye ald\u0131\u011f\u0131m\u0131z\u0131 s\u00f6yleyemeyiz&#8221; cevab\u0131n\u0131 verdi.<\/p>\n<p style=\"text-align: justify;\"><strong>&#8221;Provokasyonu AKP yap\u0131yor&#8221; <\/strong><\/p>\n<p style=\"text-align: justify;\">BDP Genel Ba\u015fkan\u0131 Selahattin Demirta\u015f, se\u00e7im \u00f6ncesi b\u00f6lge illerinde provokasyon yarat\u0131laca\u011f\u0131 y\u00f6n\u00fcndeki haberlere de tepki g\u00f6sterdi. Bir gazetecinin &#8216;Ortam\u0131 ger\u00e7ekten kim geriyor?&#8217; \u015feklindeki sorusunu Demirta\u015f \u015f\u00f6yle cevaplad\u0131:<\/p>\n<p style=\"text-align: justify;\">&#8220;\u015eimdi AKP&#8217;nin yay\u0131n organlar\u0131, AKP&#8217;ye yak\u0131n organlar\u0131 bunu yap\u0131yor daha \u00e7ok. Ortada bir ate\u015fkes s\u00fcreci var. Bu ate\u015fkesin nas\u0131l ger\u00e7ekle\u015fti\u011fi kamuoyunun bilgisi dahilindedir. B\u00f6yle devletin bilgisi dahilinde olmayan bir s\u00fcre\u00e7 de\u011fildir bu. \u0130mral\u0131&#8217;da yap\u0131lan g\u00f6r\u00fc\u015fmeler var. Bunun \u00fczerinden geli\u015fen bir ate\u015fkes var.<\/p>\n<p style=\"text-align: justify;\">\u015eimdi somut geli\u015fmelerin beklendi\u011fi bir d\u00f6nemde, h\u00fck\u00fcmet K\u00fcrt sorununda somut ad\u0131m atma, s\u00f6yleme ve bunun gereklerini yerine getirmek yerine habire sald\u0131rgan bir \u00fcslupla, tutuklama furyalar\u0131yla, g\u00f6zalt\u0131lar ile s\u00fcrece yakla\u015f\u0131yorsa demek ki h\u00fck\u00fcmetin kafas\u0131nda bir \u00e7\u00f6z\u00fcm projesi yok. Bunu \u00f6rtbas edebilmek i\u00e7in ortam\u0131 germek istiyor. Biz bunu anl\u0131yoruz. \u015eu anda AKP&#8217;nin yakla\u015f\u0131m\u0131 d\u0131\u015f\u0131nda, provokasyon geli\u015ftirecek, gerilim yaratacak hi\u00e7bir durum yoktur. \u015eu anki gerilimin tek kayna\u011f\u0131 h\u00fck\u00fcmettir&#8221;<\/p>\n<p style=\"text-align: justify;\"><strong>&#8221;Ortada bir kaos plan\u0131 varsa AKP Genel Merkezi&#8217;nde olu\u015fturuldu&#8221; <\/strong><\/p>\n<p style=\"text-align: justify;\">H\u00fck\u00fcmetin olu\u015fmu\u015f siyasi atmosferi, K\u00fcrt sorununu \u00e7\u00f6zmek i\u00e7in kullanmad\u0131\u011f\u0131n\u0131, siyasi ve se\u00e7im \u00e7al\u0131\u015fmalar\u0131 i\u00e7in kulland\u0131\u011f\u0131 iddias\u0131nda bulunan Demirta\u015f, \u015f\u00f6yle dedi:<\/p>\n<p style=\"text-align: justify;\">&#8220;Bunun i\u00e7in neler yap\u0131yor. Yap\u0131lan y\u00fcr\u00fcy\u00fc\u015flere \u00e7ok sert m\u00fcdahaleler ger\u00e7ekle\u015ftiriliyor. Ortado\u011fu&#8217;da meydanlara inan insanlara y\u00f6nelik \u015fiddeti ele\u015ftiriyor. Halka sayg\u0131 duyuyor. Ama Diyarbak\u0131r&#8217;da kad\u0131nlar sa\u00e7lar\u0131ndan s\u00fcr\u00fckleniyor. \u00c7ocuklar coplan\u0131yor. Hi\u00e7 g\u00f6steriye kat\u0131lmayanlar polisin i\u015fkencesine maruz kal\u0131yor. Buradaki insanlara d\u00fc\u015fman g\u00f6z\u00fcyle bak\u0131l\u0131yor. Sanki d\u00fc\u015fmana sald\u0131r\u0131r gibi h\u00fck\u00fcmetin kolluk g\u00fc\u00e7leri sald\u0131r\u0131 ger\u00e7ekle\u015ftiriyor. Bu emri veren Ba\u015fbakan. Gerilim \u00e7\u0131k\u0131yorsa buradan \u00e7\u0131k\u0131yor.<\/p>\n<p style=\"text-align: justify;\">E\u011fer bir provokasyonsa, h\u00fck\u00fcmetin bu tutumu provokasyon yarat\u0131yor. Hi\u00e7 kimse b\u00f6yle olgunla\u015fm\u0131\u015f bir siyasi zemini K\u00fcrt sorunun \u00e7\u00f6z\u00fcm\u00fc i\u00e7in geli\u015fmi\u015f bu zemini kendi \u00e7\u0131kar\u0131na lehine kullanamaz. Bu b\u00fcy\u00fck bir haks\u0131zl\u0131kt\u0131r ve iki y\u00fczl\u00fcl\u00fckt\u00fcr. Her \u015feyden \u00f6nce Ba\u015fbakan&#8217;\u0131n ortaya koydu\u011fu tutum ahlaki de\u011fildir. Yani bu ate\u015fkesler kolay m\u0131 ger\u00e7ekle\u015fiyor?<\/p>\n<p style=\"text-align: justify;\">Say\u0131n Ba\u015fbakan bu ortam\u0131n nas\u0131l sa\u011fland\u0131\u011f\u0131n\u0131 a\u015fa\u011f\u0131 yukar\u0131 bilmiyor mu? H\u00fck\u00fcmet &#8216;biz bu sorunu \u00e7\u00f6zece\u011fiz. Analar\u0131n g\u00f6zya\u015f\u0131n\u0131 dindirece\u011fiz&#8217; dememi\u015f gibi, bu \u00fclkede K\u00fcrt sorunu yokmu\u015f gibi \u00e7\u0131k\u0131p k\u00fcrs\u00fclerden bize hakaret ya\u011fd\u0131r\u0131yor. Biz kendisinden \u00e7\u00f6z\u00fcm beklerken, somut projeler beklerken, kendisi ha bire hakaretler, tehditler ya\u011fd\u0131r\u0131yor. Somut olarak bug\u00fcne kadar hangi ad\u0131m\u0131 att\u0131 say\u0131n Ba\u015fbakan? Ne s\u00f6yledi de, biz kar\u015f\u0131 \u00e7\u0131kt\u0131k.<\/p>\n<p style=\"text-align: justify;\">Provokasyon i\u015fte bunun kendisidir. H\u00fck\u00fcmet ad\u0131m atmayaca\u011f\u0131, atamayaca\u011f\u0131n\u0131, ad\u0131m atmaya niyeti olmad\u0131\u011f\u0131n\u0131 s\u00f6ylemiyor. Bunun yerine gerilim yaratarak, kaos plan\u0131 gibi kendi medyas\u0131 \u00fczerinden bir yaygara kopar\u0131yor. Ortada bir kaos plan\u0131 varsa bu AKP&#8217;nin genel merkezinde olu\u015fturulmu\u015ftur. Ben buna inan\u0131yorum, ba\u015fka bir kaos plan\u0131 yoktur. Gerilim h\u00fck\u00fcmetin kand\u0131rma politikas\u0131ndan kaynakl\u0131d\u0131r. Bunun sorumlusu say\u0131n Ba\u015fbakan&#8217;\u0131n kendisidir. Bunu \u00f6rtmek i\u00e7inde herkesi, etraf\u0131n\u0131 su\u00e7luyor. D\u00fcnyan\u0131n en demokrat\u0131 kendisiymi\u015f gibi bir hava yaratmaya \u00e7al\u0131\u015f\u0131yor. Halk\u0131m\u0131z\u0131n bu iki y\u00fczl\u00fcl\u00fc\u011f\u00fcn\u00fc yak\u0131ndan g\u00f6r\u00fcyor diye d\u00fc\u015f\u00fcn\u00fcyorum&#8221;<\/p>\n<p style=\"text-align: justify;\"><a href=\"http:\/\/www.cnnturk.com\/2011\/turkiye\/02\/19\/demirtas.gerilimin.kaynagi.hukumettir\/607464.0\/index.html\" target=\"_blank\"><span style=\"color: #888888;\">CNN T\u00dcRK<\/span><\/a><\/p>\n","protected":false},"excerpt":{"rendered":"<p style=\"text-align: justify;\">\n<p style=\"text-align: justify;\">BDP Genel Ba\u015fkan\u0131 Selahattin Demirta\u015f, se\u00e7imler \u00f6ncesi b\u00f6lgede provokasyon yarat\u0131laca\u011f\u0131 s\u00f6ylentilerine tepki g\u00f6sterdi. Demirta\u015f, &#8220;\u015eu anda AKP&#8217;nin yakla\u015f\u0131m\u0131 d\u0131\u015f\u0131nda, provokasyon geli\u015ftirecek, gerilim yaratacak hi\u00e7bir durum yoktur. \u015eu anki gerilimin tek kayna\u011f\u0131 h\u00fck\u00fcmettir&#8221; dedi. <\/p>\n","protected":false},"author":1,"featured_media":0,"comment_status":"open","ping_status":"closed","sticky":false,"template":"","format":"standard","meta":{"footnotes":""},"categories":[105],"tags":[],"class_list":["post-28685","post","type-post","status-publish","format-standard","hentry","category-gundem","odd"],"_links":{"self":[{"href":"http:\/\/www.korhanyilmaz.com\/index.php?rest_route=\/wp\/v2\/posts\/28685","targetHints":{"allow":["GET"]}}],"collection":[{"href":"http:\/\/www.korhanyilmaz.com\/index.php?rest_route=\/wp\/v2\/posts"}],"about":[{"href":"http:\/\/www.korhanyilmaz.com\/index.php?rest_route=\/wp\/v2\/types\/post"}],"author":[{"embeddable":true,"href":"http:\/\/www.korhanyilmaz.com\/index.php?rest_route=\/wp\/v2\/users\/1"}],"replies":[{"embeddable":true,"href":"http:\/\/www.korhanyilmaz.com\/index.php?rest_route=%2Fwp%2Fv2%2Fcomments&post=28685"}],"version-history":[{"count":0,"href":"http:\/\/www.korhanyilmaz.com\/index.php?rest_route=\/wp\/v2\/posts\/28685\/revisions"}],"wp:attachment":[{"href":"http:\/\/www.korhanyilmaz.com\/index.php?rest_route=%2Fwp%2Fv2%2Fmedia&parent=28685"}],"wp:term":[{"taxonomy":"category","embeddable":true,"href":"http:\/\/www.korhanyilmaz.com\/index.php?rest_route=%2Fwp%2Fv2%2Fcategories&post=28685"},{"taxonomy":"post_tag","embeddable":true,"href":"http:\/\/www.korhanyilmaz.com\/index.php?rest_route=%2Fwp%2Fv2%2Ftags&post=28685"}],"curies":[{"name":"wp","href":"https:\/\/api.w.org\/{rel}","templated":true}]}}