{"id":28677,"date":"2011-02-19T12:20:57","date_gmt":"2011-02-19T10:20:57","guid":{"rendered":"http:\/\/www.korhanyilmaz.com\/?p=28677"},"modified":"2011-02-19T12:20:57","modified_gmt":"2011-02-19T10:20:57","slug":"basbakana-danistay-2-daire-cevabi","status":"publish","type":"post","link":"http:\/\/www.korhanyilmaz.com\/?p=28677","title":{"rendered":"Ba\u015fbakan&#8217;a &#8220;Dan\u0131\u015ftay 2. Daire&#8221; cevab\u0131"},"content":{"rendered":"<p style=\"text-align: center;\"><a href=\"http:\/\/www.korhanyilmaz.com\/wp-content\/uploads\/2011\/02\/417.jpg\"  class=\"lightview\"><img loading=\"lazy\" decoding=\"async\" class=\"aligncenter size-full wp-image-28678\" src=\"http:\/\/www.korhanyilmaz.com\/wp-content\/uploads\/2011\/02\/417.jpg\" alt=\"\" width=\"414\" height=\"219\" \/><\/a><\/p>\n<p style=\"text-align: justify;\">CHP lideri K\u0131l\u0131\u00e7daro\u011flu, ergenekon i\u00e7in &#8220;O arad\u0131\u011f\u0131n \u00f6rg\u00fct\u00fc Dan\u0131\u015ftay 2. Dairesi&#8217;nin i\u00e7inde ara&#8221; diyen Ba\u015fbakan Erdo\u011fan&#8217;a, &#8220;Ba\u015fbakan&#8217;\u0131n s\u00f6z\u00fcn\u00fc tuttum, adrese bakt\u0131m, Sivas davas\u0131na bakt\u0131m, kar\u015f\u0131ma Hayati Yaz\u0131c\u0131 \u00e7\u0131kt\u0131. Hayati Yaz\u0131c\u0131 kim? Herhalde Say\u0131n Ba\u015fbakan biliyordur mesai arkada\u015f\u0131 kimin davalar\u0131n\u0131 \u00fcstlenmi\u015f&#8221; dedi.<!--more--><\/p>\n<p style=\"text-align: justify;\">ANKARA-  CHP Genel Ba\u015fkan\u0131 Kemal K\u0131l\u0131\u00e7daro\u011flu, &#8221;Ben de say\u0131n Ba\u015fbakan\u0131n s\u00f6z\u00fcn\u00fc tutum, adrese bakt\u0131m, Sivas Davas\u0131&#8217;na bakt\u0131m, kar\u015f\u0131ma Hayati Yaz\u0131c\u0131 \u00e7\u0131kt\u0131. Hayati Yaz\u0131c\u0131 kim? Herhalde Ba\u015fbakan biliyordur, mesai arkada\u015f\u0131, kimin davalar\u0131n\u0131 \u00fcstlenmi\u015f Hayati Yaz\u0131c\u0131?&#8221; dedi.<\/p>\n<p style=\"text-align: justify;\">K\u0131l\u0131\u00e7daro\u011flu, Ahmet Taner K\u0131\u015flal\u0131 Salonu&#8217;nda d\u00fczenlenen k\u00f6y ve mahalle muhtarlar\u0131 isti\u015fare toplant\u0131s\u0131na geli\u015finde, gazetecilerin, Ba\u015fbakan Recep Tayyip Erdo\u011fan&#8217;\u0131n, kendisine y\u00f6nelik s\u00f6zlerine ili\u015fkin sorular\u0131n\u0131 yan\u0131tlad\u0131.<\/p>\n<p style=\"text-align: justify;\">Bir gazetecinin, &#8221;Ba\u015fbakan Erdo\u011fan, sizin &#8216;Ergenekon ter\u00f6r \u00f6rg\u00fct\u00fc neredeyse gidip \u00fcye olaca\u011f\u0131m&#8217; s\u00f6zlerinize yan\u0131t verdi ve Dan\u0131\u015ftay \u0130kinci Dairesi&#8217;ni adres olarak g\u00f6sterdi. Nas\u0131l de\u011ferlendiriyorsunuz?&#8221; \u015feklindeki sorusu \u00fczerine, K\u0131l\u0131\u00e7daro\u011flu \u015funlar\u0131 s\u00f6yledi:<\/p>\n<p style=\"text-align: justify;\">&#8221;\u0130nsafs\u0131zl\u0131k etmeyin, sadece Dan\u0131\u015ftay 2. Dairesi de\u011fil, Kahramanmara\u015f, Sivas&#8217;\u0131 di\u011fer yerleri de adres g\u00f6sterdi. Ben de Say\u0131n Ba\u015fbakan\u0131n s\u00f6z\u00fcn\u00fc tuttum, adrese bakt\u0131m, Sivas Davas\u0131&#8217;na bakt\u0131m, kar\u015f\u0131ma Hayati Yaz\u0131c\u0131 \u00e7\u0131kt\u0131. Hayati Yaz\u0131c\u0131 kim? Herhalde Ba\u015fbakan biliyordur, mesai arkada\u015f\u0131, kimin davalar\u0131n\u0131 \u00fcstlenmi\u015f Hayati Yaz\u0131c\u0131? Bana adres soran ki\u015fiye \u015funu s\u00f6yl\u00fcyorum. Sen demokratsan, \u00fclkeni seviyorsan, demokrasi, \u00f6zg\u00fcrl\u00fckleri istiyorsan, sana muht\u0131ra verenden hesap sormaktan niye korkuyorsun? Korkan adam bunlar\u0131 yapar m\u0131? \u00c7\u0131k hesab\u0131n\u0131 sor bakal\u0131m y\u00fcrekliysen? Benim kadar y\u00fcrekliysen \u00e7\u0131k hesab\u0131n\u0131 sor? Y\u00fcrekli de\u011fil.&#8221;<\/p>\n<p style=\"text-align: justify;\"><a href=\"http:\/\/www.gazeteport.com.tr\/SIYASET\/NEWS\/GP_856261\" target=\"_blank\"><span style=\"color: #888888;\">Kaynak : GAZETEPORT<\/span><\/a><\/p>\n","protected":false},"excerpt":{"rendered":"<p style=\"text-align: center;\">\n<p style=\"text-align: justify;\">CHP lideri K\u0131l\u0131\u00e7daro\u011flu, ergenekon i\u00e7in &#8220;O arad\u0131\u011f\u0131n \u00f6rg\u00fct\u00fc Dan\u0131\u015ftay 2. Dairesi&#8217;nin i\u00e7inde ara&#8221; diyen Ba\u015fbakan Erdo\u011fan&#8217;a, &#8220;Ba\u015fbakan&#8217;\u0131n s\u00f6z\u00fcn\u00fc tuttum, adrese bakt\u0131m, Sivas davas\u0131na bakt\u0131m, kar\u015f\u0131ma Hayati Yaz\u0131c\u0131 \u00e7\u0131kt\u0131. Hayati Yaz\u0131c\u0131 kim? Herhalde Say\u0131n Ba\u015fbakan biliyordur mesai arkada\u015f\u0131 kimin davalar\u0131n\u0131 \u00fcstlenmi\u015f&#8221; dedi.<\/p>\n","protected":false},"author":1,"featured_media":0,"comment_status":"open","ping_status":"closed","sticky":false,"template":"","format":"standard","meta":{"footnotes":""},"categories":[105],"tags":[],"class_list":["post-28677","post","type-post","status-publish","format-standard","hentry","category-gundem","odd"],"_links":{"self":[{"href":"http:\/\/www.korhanyilmaz.com\/index.php?rest_route=\/wp\/v2\/posts\/28677","targetHints":{"allow":["GET"]}}],"collection":[{"href":"http:\/\/www.korhanyilmaz.com\/index.php?rest_route=\/wp\/v2\/posts"}],"about":[{"href":"http:\/\/www.korhanyilmaz.com\/index.php?rest_route=\/wp\/v2\/types\/post"}],"author":[{"embeddable":true,"href":"http:\/\/www.korhanyilmaz.com\/index.php?rest_route=\/wp\/v2\/users\/1"}],"replies":[{"embeddable":true,"href":"http:\/\/www.korhanyilmaz.com\/index.php?rest_route=%2Fwp%2Fv2%2Fcomments&post=28677"}],"version-history":[{"count":0,"href":"http:\/\/www.korhanyilmaz.com\/index.php?rest_route=\/wp\/v2\/posts\/28677\/revisions"}],"wp:attachment":[{"href":"http:\/\/www.korhanyilmaz.com\/index.php?rest_route=%2Fwp%2Fv2%2Fmedia&parent=28677"}],"wp:term":[{"taxonomy":"category","embeddable":true,"href":"http:\/\/www.korhanyilmaz.com\/index.php?rest_route=%2Fwp%2Fv2%2Fcategories&post=28677"},{"taxonomy":"post_tag","embeddable":true,"href":"http:\/\/www.korhanyilmaz.com\/index.php?rest_route=%2Fwp%2Fv2%2Ftags&post=28677"}],"curies":[{"name":"wp","href":"https:\/\/api.w.org\/{rel}","templated":true}]}}