{"id":28672,"date":"2011-02-19T20:32:21","date_gmt":"2011-02-19T18:32:21","guid":{"rendered":"http:\/\/www.korhanyilmaz.com\/?p=28672"},"modified":"2011-02-19T20:32:21","modified_gmt":"2011-02-19T18:32:21","slug":"yazici-savunmayi-ayiplamak-haddi-degil","status":"publish","type":"post","link":"http:\/\/www.korhanyilmaz.com\/?p=28672","title":{"rendered":"Yaz\u0131c\u0131: &#8220;Savunmay\u0131 ay\u0131plamak haddi de\u011fil&#8221;"},"content":{"rendered":"<p style=\"text-align: center;\"><a href=\"http:\/\/www.korhanyilmaz.com\/wp-content\/uploads\/2011\/02\/416.jpg\"  class=\"lightview\"><img loading=\"lazy\" decoding=\"async\" class=\"aligncenter size-full wp-image-28673\" src=\"http:\/\/www.korhanyilmaz.com\/wp-content\/uploads\/2011\/02\/416.jpg\" alt=\"\" width=\"307\" height=\"236\" \/><\/a><\/p>\n<p style=\"text-align: justify;\">Devlet Bakan\u0131 Hayati Yaz\u0131c\u0131, CHP Genel Ba\u015fkan\u0131 Kemal K\u0131l\u0131\u00e7daro\u011flu&#8217;nun, &#8220;Sivas olaylar\u0131na bakt\u0131m, kar\u015f\u0131ma Hayati Yaz\u0131c\u0131 \u00e7\u0131kt\u0131&#8221; s\u00f6zlerine kar\u015f\u0131l\u0131k, &#8220;Savunmay\u0131 ay\u0131plamak hi\u00e7 kimsenin hakk\u0131 ve haddi de de\u011fil. Bir avukat\u0131n bir san\u0131\u011f\u0131 savunmas\u0131 ayr\u0131d\u0131r, o olay\u0131 \u00f6vmesi, o olay\u0131n vuku bulmas\u0131ndan haz duyup duymamas\u0131 ayr\u0131 bir konudur. Hi\u00e7 kimse, Sivas&#8217;ta ger\u00e7ekle\u015fmi\u015f o vahim olay\u0131 \u00f6vemez. Hepimiz lanetledik, lanetliyoruz&#8221; dedi. <!--more--><\/p>\n<p style=\"text-align: justify;\">Bakan Yaz\u0131c\u0131, CHP Lideri K\u0131l\u0131\u00e7daro\u011flu&#8217;nun, Ba\u015fbakan Recep Tayyip Erdo\u011fan&#8217;\u0131n \u0130l Ba\u015fkanlar\u0131 Toplant\u0131s\u0131&#8217;nda yapt\u0131\u011f\u0131 de\u011ferlendirmeyi cevapland\u0131rmas\u0131n\u0131n imkans\u0131z oldu\u011funu s\u00f6yledi.<\/p>\n<p style=\"text-align: justify;\">Yaz\u0131c\u0131, &#8220;K\u0131l\u0131\u00e7daro\u011flu ke\u015fke biraz daha canl\u0131 davranabilseydi ve &#8216;Benim Ergenekon&#8217;a \u00fcye olaca\u011f\u0131m demem, bir ironidir. Ba\u015fbakan bunu ciddiye alm\u0131\u015f&#8217; deseydi, onun niyetini anlam\u0131\u015f olsayd\u0131k&#8221; ifadesini kulland\u0131.<\/p>\n<p style=\"text-align: justify;\">Kemal K\u0131l\u0131\u00e7daro\u011flu&#8217;nun, kendisiyle ilgili, &#8220;Sivas olaylar\u0131na bakt\u0131m, kar\u015f\u0131ma Hayati Yaz\u0131c\u0131 \u00e7\u0131kt\u0131&#8221; \u015feklindeki a\u00e7\u0131klamas\u0131na bir anlam veremedi\u011fini ifade eden Bakan Yaz\u0131c\u0131, \u015funlar\u0131 s\u00f6yledi:<\/p>\n<p style=\"text-align: justify;\">&#8220;Ba\u015fbakan\u0131m\u0131z\u0131n orada verdi\u011fi \u00f6rnek, &#8216;Gitsin Kahramanmara\u015f&#8217;a baks\u0131n&#8217; derken Mara\u015f olaylar\u0131n\u0131n arkas\u0131na gitsin, &#8216;Sivas&#8217;a baks\u0131n&#8217; derken Sivas olaylar\u0131n\u0131 kastediyor. &#8216;Dan\u0131\u015ftay 2. daireye gitsin, baks\u0131n&#8217; derken 2. Dairede bu \u00f6rg\u00fctle ba\u011flant\u0131l\u0131 olanlar\u0131n ger\u00e7ekle\u015ftirdi\u011fi olaydan s\u00f6z ediyor. Ama anl\u0131yorum ki Say\u0131n K\u0131l\u0131\u00e7daro\u011flu, bunu da iyi anlamam\u0131\u015f. Bak\u0131n avukatl\u0131k mesle\u011fi \u00f6nemli bir meslektir. Bizim hukukumuzda da b\u00fct\u00fcn d\u00fcnyada da b\u00f6yledir.<\/p>\n<p style=\"text-align: justify;\">Yarg\u0131lama \u00fc\u00e7 ayakl\u0131d\u0131r. \u0130ddia aya\u011f\u0131, savunma aya\u011f\u0131 ve h\u00fck\u00fcm aya\u011f\u0131 vard\u0131r. Savunmay\u0131 ay\u0131plamak hi\u00e7 kimsenin hakk\u0131 ve haddi de de\u011fil. Her san\u0131\u011f\u0131n hukuk devletinin ge\u00e7erli oldu\u011fu yerde savunma bulundurma hakk\u0131 var. Her avukat\u0131n da mesle\u011fini \u00f6zg\u00fcnce ifade etme yetkisi vard\u0131r. Bir avukat\u0131n bir san\u0131\u011f\u0131 savunmas\u0131 ayr\u0131d\u0131r, o olay\u0131 \u00f6vmesi, o olay\u0131n vuku bulmas\u0131ndan haz duyup duymamas\u0131 ayr\u0131 bir konudur. Hi\u00e7 kimse, Sivas&#8217;ta ger\u00e7ekle\u015fmi\u015f o vahim olay\u0131 \u00f6vemez. Hepimiz lanetledik, lanetliyoruz.&#8221;<\/p>\n<p style=\"text-align: justify;\">Bakan Yaz\u0131c\u0131, Sivas olay\u0131n\u0131n san\u0131klar\u0131n\u0131n savunmalar\u0131n\u0131 bir hukuk\u00e7u arac\u0131l\u0131\u011f\u0131yla yapt\u0131rma haklar\u0131n\u0131n bulundu\u011funu belirterek, &#8220;Hukuk\u00e7u ile yapt\u0131rma imkanlar\u0131 yoksa bizim mevzuat\u0131m\u0131za g\u00f6re barolar avukat atamas\u0131 yaparlar ve anl\u0131yorum ki Say\u0131n K\u0131l\u0131\u00e7daro\u011flu bu ve benzeri konularda de\u011ferlendirme yaparken hi\u00e7 incelemiyor, bilgilenmiyor, ayak \u00fcst\u00fc konu\u015fuyor ve bu t\u00fcr yanl\u0131\u015flara d\u00fc\u015f\u00fcyor&#8221; diye konu\u015ftu.<\/p>\n<p style=\"text-align: justify;\">Yaz\u0131c\u0131, \u00fcnl\u00fc hukuk\u00e7u Molierac&#8217;\u0131n, avukat\u0131n \u00f6zg\u00fcr ve ba\u011f\u0131ms\u0131z olmas\u0131 gerekti\u011fine ili\u015fkin, &#8220;G\u00f6revimizi yaparken kimseye ne m\u00fcvekkile ne hakime hele ne iktidara tabiyiz. Bizim a\u015fa\u011f\u0131m\u0131zda ki\u015filerin varl\u0131\u011f\u0131 iddias\u0131nda de\u011filiz. Fakat hi\u00e7bir hiyerar\u015fik \u00fcst de tan\u0131m\u0131yoruz. En k\u0131demsizin en k\u0131demliden veya isim yapm\u0131\u015f olandan fark\u0131 yoktur. Avukatlar esir kullanmad\u0131lar, fakat efendileri de olmad\u0131&#8221; s\u00f6zlerini an\u0131msatt\u0131.<\/p>\n<p style=\"text-align: justify;\"><strong>&#8220;Arkas\u0131nda durmayaca\u011f\u0131m hi\u00e7bir davran\u0131\u015f bi\u00e7imim s\u00f6z konusu de\u011fil&#8221; <\/strong><\/p>\n<p style=\"text-align: justify;\">Kemal K\u0131l\u0131\u00e7daro\u011flu&#8217;nun olaylar\u0131 sapt\u0131rd\u0131\u011f\u0131n\u0131 \u00f6ne s\u00fcren Hayati Yaz\u0131c\u0131, &#8220;Say\u0131n K\u0131l\u0131\u00e7daro\u011flu, avukat kimli\u011fimle benim efendim olamaz. Ben, avukatl\u0131k mesle\u011fini \u00f6zg\u00fcrce hukuk kurallar\u0131 g\u00f6zetmek suretiyle icra ettim. Avukatl\u0131k yapt\u0131\u011f\u0131m s\u00fcrede de arkas\u0131nda durmayaca\u011f\u0131m hi\u00e7bir davran\u0131\u015f bi\u00e7imim de s\u00f6z konusu de\u011fil&#8221; \u015feklinde konu\u015ftu.<\/p>\n<p style=\"text-align: justify;\">CHP Lideri K\u0131l\u0131\u00e7daro\u011flu&#8217;nun, anlamaktan uzak beyanlarda bulundu\u011funu iddia eden Bakan Yaz\u0131c\u0131, bug\u00fcne kadar kendisinin ise onunla ilgili konu\u015fmalar\u0131nda \u00e7ok \u00f6zenli davrand\u0131\u011f\u0131n\u0131 bildirdi.<\/p>\n<p style=\"text-align: justify;\">Yaz\u0131c\u0131, muhalefetin proje \u00fcretmesinin bu \u00fclkenin yarar\u0131na oldu\u011funu, bu nedenle proje \u00fcretmeleri gerekti\u011fini vurgulad\u0131.<\/p>\n<p style=\"text-align: justify;\">Muhalefetin her g\u00fcn iftira ve hakarette bulundu\u011funu, \u00f6nlerine ne gelirse onu konu\u015ftuklar\u0131n\u0131 savunan Devlet Bakan\u0131 Yaz\u0131c\u0131, s\u00f6zlerini \u015f\u00f6yle s\u00fcrd\u00fcrd\u00fc:<\/p>\n<p style=\"text-align: justify;\">&#8220;Benimle ilgili konu\u015ftuklar\u0131 son derece abs\u00fcrd, ger\u00e7eklikle ba\u011fda\u015fan bir yan\u0131 olmayan beyanlarda bulunuyor. Ke\u015fke Say\u0131n K\u0131l\u0131\u00e7daro\u011flu bu durumlara d\u00fc\u015fmeseydi. Ben \u00fcz\u00fcl\u00fcyorum, umar\u0131m bu son olur. Ondan sonra bu konularda \u00e7ok daha \u00f6zenli hareket eder, diye d\u00fc\u015f\u00fcn\u00fcyorum. Yani avukat\u0131n g\u00f6revini de mi tayin etmeye kalk\u0131\u015f\u0131yorlar. Avukatlar \u00f6zg\u00fcrd\u00fcr. Onlar kendi i\u015flerine baksalar, kendi siyasal alanlar\u0131nda proje \u00fcretseler, T\u00fcrkiye&#8217;nin gelece\u011fine y\u00f6nelik bir vizyon koysalar bundan memnun olurum. S\u00f6ylediklerinin ne kendisine yarar\u0131 var ne de ger\u00e7eklerle ba\u011fda\u015fan bir yan\u0131 var.&#8221;<\/p>\n<p style=\"text-align: justify;\"><strong>Sivas olaylar\u0131nda 4 san\u0131\u011f\u0131n avukatl\u0131\u011f\u0131 <\/strong><\/p>\n<p style=\"text-align: justify;\">Sivas olaylar\u0131nda avukatl\u0131k yapt\u0131\u011f\u0131n\u0131, davaya girdi\u011fini ve 4 san\u0131\u011f\u0131n avukat\u0131 oldu\u011funu anlatan Yaz\u0131c\u0131, \u015funlar\u0131 ifade etti:<\/p>\n<p style=\"text-align: justify;\">&#8220;Mahkeme karar verdi. Yarg\u0131taya gitti, bozuldu. O a\u015famadan sonra davadan ayr\u0131ld\u0131m, \u00e7ekildim. Sonras\u0131n\u0131 bilemiyorum. Ayr\u0131ld\u0131ktan sonra da bir ili\u015fkim olamad\u0131 ama o duru\u015fmada ben \u015funu hat\u0131rl\u0131yorum. Zaten Ba\u015fbakan\u0131m\u0131z\u0131n da kastetti\u011fi bu. O zaman Emniyet M\u00fcd\u00fcr\u00fc vard\u0131, Sivas Emniyet M\u00fcd\u00fcr\u00fc Do\u011fukan \u00d6ner, bunun duru\u015fmada tan\u0131k olarak dinlenmesini istemi\u015ftik. Ve o ki\u015fi duru\u015fmaya geldi, tan\u0131k olarak dinlendi. Tutanaklarda var. Benimle ilgili de\u011ferlendirme yaparken, o dosyan\u0131n i\u00e7indekilere bakmak bir yana, kapa\u011f\u0131n\u0131 bile a\u00e7m\u0131\u015f de\u011fil.<\/p>\n<p style=\"text-align: justify;\">Bundan \u00e7ok emin olarak s\u00f6yl\u00fcyorum. Biri ayak \u00fcst\u00fc bir \u015fey s\u00f6ylemi\u015f. Emniyet M\u00fcd\u00fcr\u00fcn\u00fcn duru\u015fmada verdi\u011fi ifade \u015f\u00f6yle, &#8216;Bu i\u015fte kesin bir provokasyon vard\u0131. Bu i\u015fte kesin d\u0131\u015far\u0131dan gelme gruplar vard\u0131. Biz bunlar\u0131 yakalayamad\u0131k.&#8217; Hukuk, bunun \u00fczerinde durmayacak m\u0131? Ba\u015fbakan &#8216;Git oraya bak&#8217; derken de onlar\u0131 kastediyor. T\u00fcrkiye&#8217;de bug\u00fcne kadar faili me\u00e7huller, provokat\u00f6rler, provokasyon var. Ba\u015fbakan bunlar\u0131 kastediyor ama K\u0131l\u0131\u00e7daro\u011flu, hala bunlar\u0131 g\u00f6rmemekte \u0131srar ediyorsa o kendi sorunu.&#8221;<\/p>\n<p style=\"text-align: justify;\"><a href=\"http:\/\/www.cnnturk.com\/2011\/turkiye\/02\/19\/yazici.savunmayi.ayiplamak.haddi.degil\/607465.0\/index.html\" target=\"_blank\"><span style=\"color: #888888;\">CNN T\u00dcRK<\/span><\/a><\/p>\n","protected":false},"excerpt":{"rendered":"<p style=\"text-align: center;\">\n<p style=\"text-align: justify;\">Devlet Bakan\u0131 Hayati Yaz\u0131c\u0131, CHP Genel Ba\u015fkan\u0131 Kemal K\u0131l\u0131\u00e7daro\u011flu&#8217;nun, &#8220;Sivas olaylar\u0131na bakt\u0131m, kar\u015f\u0131ma Hayati Yaz\u0131c\u0131 \u00e7\u0131kt\u0131&#8221; s\u00f6zlerine kar\u015f\u0131l\u0131k, &#8220;Savunmay\u0131 ay\u0131plamak hi\u00e7 kimsenin hakk\u0131 ve haddi de de\u011fil. Bir avukat\u0131n bir san\u0131\u011f\u0131 savunmas\u0131 ayr\u0131d\u0131r, o olay\u0131 \u00f6vmesi, o olay\u0131n vuku bulmas\u0131ndan haz duyup duymamas\u0131 ayr\u0131 bir konudur. Hi\u00e7 kimse, Sivas&#8217;ta ger\u00e7ekle\u015fmi\u015f <\/p>\n","protected":false},"author":1,"featured_media":0,"comment_status":"open","ping_status":"closed","sticky":false,"template":"","format":"standard","meta":{"footnotes":""},"categories":[105],"tags":[],"class_list":["post-28672","post","type-post","status-publish","format-standard","hentry","category-gundem","odd"],"_links":{"self":[{"href":"http:\/\/www.korhanyilmaz.com\/index.php?rest_route=\/wp\/v2\/posts\/28672","targetHints":{"allow":["GET"]}}],"collection":[{"href":"http:\/\/www.korhanyilmaz.com\/index.php?rest_route=\/wp\/v2\/posts"}],"about":[{"href":"http:\/\/www.korhanyilmaz.com\/index.php?rest_route=\/wp\/v2\/types\/post"}],"author":[{"embeddable":true,"href":"http:\/\/www.korhanyilmaz.com\/index.php?rest_route=\/wp\/v2\/users\/1"}],"replies":[{"embeddable":true,"href":"http:\/\/www.korhanyilmaz.com\/index.php?rest_route=%2Fwp%2Fv2%2Fcomments&post=28672"}],"version-history":[{"count":0,"href":"http:\/\/www.korhanyilmaz.com\/index.php?rest_route=\/wp\/v2\/posts\/28672\/revisions"}],"wp:attachment":[{"href":"http:\/\/www.korhanyilmaz.com\/index.php?rest_route=%2Fwp%2Fv2%2Fmedia&parent=28672"}],"wp:term":[{"taxonomy":"category","embeddable":true,"href":"http:\/\/www.korhanyilmaz.com\/index.php?rest_route=%2Fwp%2Fv2%2Fcategories&post=28672"},{"taxonomy":"post_tag","embeddable":true,"href":"http:\/\/www.korhanyilmaz.com\/index.php?rest_route=%2Fwp%2Fv2%2Ftags&post=28672"}],"curies":[{"name":"wp","href":"https:\/\/api.w.org\/{rel}","templated":true}]}}