{"id":28652,"date":"2011-02-19T11:29:52","date_gmt":"2011-02-19T09:29:52","guid":{"rendered":"http:\/\/www.korhanyilmaz.com\/?p=28652"},"modified":"2011-02-19T11:29:52","modified_gmt":"2011-02-19T09:29:52","slug":"balyoz-tutuklamalarini-ataya-sikayet","status":"publish","type":"post","link":"http:\/\/www.korhanyilmaz.com\/?p=28652","title":{"rendered":"BALYOZ tutuklamalar\u0131n\u0131 Ata&#8217;ya \u015fikayet"},"content":{"rendered":"<p style=\"text-align: center;\"><a href=\"http:\/\/www.korhanyilmaz.com\/wp-content\/uploads\/2011\/02\/413.jpg\"  class=\"lightview\"><img loading=\"lazy\" decoding=\"async\" class=\"aligncenter size-full wp-image-28653\" src=\"http:\/\/www.korhanyilmaz.com\/wp-content\/uploads\/2011\/02\/413.jpg\" alt=\"\" width=\"413\" height=\"220\" \/><\/a><\/p>\n<p style=\"text-align: justify;\">&#8216;BALYOZ soru\u015fturmas\u0131&#8217; kapsam\u0131nda tutuklanarak cezaevi&#8217;ne g\u00f6nderilen muvazzaf ve emekli general, amiral ve di\u011fer subaylar\u0131n e\u015fleri ve \u00e7e\u015fitli sivil toplum kurulu\u015flar\u0131n\u0131n temsilcileri Ankara&#8217;da An\u0131tkabir&#8217;e \u00e7\u0131kt\u0131.<\/p>\n<p style=\"text-align: justify;\">ANKARA &#8211; Atat\u00fcrk\u00e7\u00fc D\u00fc\u015f\u00fcnce Derne\u011fi (ADD) ve T\u00fcrkiye Emekli Subaylar Derne\u011fi (TESUD) \u00fcyelerinden olu\u015fan, aralar\u0131nda tutuklu subay e\u015flerinin de bulundu\u011fu 15 bin ki\u015filik bir kalabal\u0131k, &#8216;Balyoz Plan\u0131&#8217; davas\u0131 kapsam\u0131nda ger\u00e7ekle\u015ftirilen tutuklamalar\u0131 Atat\u00fcrk&#8217;e \u015fikayet etmek amac\u0131yla An\u0131tkabir&#8217;de bulu\u015ftu. <!--more--><\/p>\n<p style=\"text-align: justify;\">Ba\u015fta \u0130stanbul olmak \u00fczere T\u00fcrkiye&#8217;nin \u00e7e\u015fitli illerinden Ankara&#8217;ya gelen san\u0131k aileleri, yak\u0131nlar\u0131 ve destek i\u00e7in gelenler An\u0131tkabir&#8217;e y\u00fcr\u00fcd\u00fc. Aslanl\u0131 yoldan An\u0131tkabir&#8217;e ellerinde T\u00fcrk bayraklar\u0131yla giren yakla\u015f\u0131k 15 bin ki\u015filik grup, Harbiye mar\u015f\u0131n\u0131 s\u00f6yleyerek &#8216;T\u00fcrkiye laiktir, laik kalacak&#8217;, &#8216;Askere uzanan eller k\u0131r\u0131ls\u0131n&#8217;, &#8216;Mustafa Kemal&#8217;in askerleriyiz&#8217;, &#8216;Vatan sana can\u0131m feda&#8217;, &#8216;Ordu bizimdir&#8217;, &#8216;Tayyip&#8217;in sonu M\u00fcbarek olacak&#8217;, &#8216;Ordu halk el ele tam ba\u011f\u0131ms\u0131z T\u00fcrkiye&#8217;, &#8216;Orduya uzanan eller k\u0131r\u0131ls\u0131n&#8217; sloganlar\u0131 atarak d\u00f6vizler ta\u015f\u0131d\u0131lar.<\/p>\n<p style=\"text-align: justify;\">Mozeleye \u00e7elenk konulmas\u0131n\u0131n ard\u0131ndan dev T\u00fcrk bayra\u011f\u0131 da a\u00e7an grup, slogan atmaya devam ederken \u0130stiklal Mar\u015f\u0131&#8217;n\u0131 hep bir a\u011f\u0131zdan okudular.<\/p>\n<p style=\"text-align: justify;\">TESUD Ba\u015fkan\u0131 Emekli T\u00fcmgeneral Melih Tunca Misak-\u0131 Milli Kulesi&#8217;ndeki An\u0131tkabir \u00d6zel Defteri&#8217;ne yazd\u0131\u011f\u0131 yaz\u0131da, \u201cT\u00fcrkiye Emekli Subaylar Derne\u011fi \u00fcyeleri olarak, Silahl\u0131 Kuvvetlerimize kar\u015f\u0131 y\u00fcr\u00fct\u00fclmekte olan asimetrik sava\u015f\u0131n etkilerini her ge\u00e7en g\u00fcn, ailelerimizle birlikte derin bir \u00fcz\u00fcnt\u00fc i\u00e7erisinde g\u00f6r\u00fcyor, ya\u015f\u0131yor ve esefle kar\u015f\u0131l\u0131yoruz\u201d dedi.<\/p>\n<p style=\"text-align: justify;\">Atat\u00fcrk&#8217;\u00fcn Afyonkarahisar&#8217;da 31 Temmuz 1920 tarihinde subaylara hitaben yapt\u0131\u011f\u0131 konu\u015fmada, \u201cOrdunun hayat ve saadet kayna\u011f\u0131, ba\u011f\u0131ms\u0131zl\u0131\u011f\u0131 takdir eden milletin, kuvvetin l\u00fczumuna olan vicdan\u0131, iman\u0131d\u0131r. Orduyu imha etmek i\u00e7in mutlaka ordunun ruhu olan subaylar\u0131 mahvetmek, a\u015fa\u011f\u0131lamak laz\u0131md\u0131r\u201d dedi\u011fini hat\u0131rlatan Tunca, Atat\u00fcrk&#8217;\u00fcn konu\u015fmas\u0131nda, \u201c\u015eahsi ve \u00f6zel hayatlar\u0131 itibariyle subaylar, fedakarlar s\u0131n\u0131f\u0131n\u0131n en \u00f6n\u00fcnde bulunmak mecburiyetindedirler\u201d direktifini verdi\u011fini s\u00f6yledi.<\/p>\n<p style=\"text-align: justify;\">Tunca, \u015f\u00f6yle devam etti:<\/p>\n<p style=\"text-align: justify;\">\u201cSiz, &#8216;Hayat\u0131nda bir an olsa bile subayl\u0131k yapm\u0131\u015f, subayl\u0131k izzetinefsini, \u015ferefini duymu\u015f, \u00f6l\u00fcm\u00fc k\u00fc\u00e7\u00fcmsemi\u015f bir insan, hayatta iken kendisine reva g\u00f6r\u00fclen muamelelere katlanamaz. Onun ya\u015famak i\u00e7in bir \u00e7aresi vard\u0131r o da \u015ferefini korumakt\u0131r&#8217; demi\u015ftiniz. Size ve milletimize bu g\u00fc\u00e7 \u015fartlar alt\u0131nda lay\u0131k olman\u0131n inanc\u0131 ve gayreti i\u00e7erisindeyiz.\u201d<\/p>\n<p style=\"text-align: center;\"><a href=\"http:\/\/www.korhanyilmaz.com\/wp-content\/uploads\/2011\/02\/414.jpg\"  class=\"lightview\"><img loading=\"lazy\" decoding=\"async\" class=\"aligncenter size-full wp-image-28654\" src=\"http:\/\/www.korhanyilmaz.com\/wp-content\/uploads\/2011\/02\/414.jpg\" alt=\"\" width=\"449\" height=\"231\" \/><\/a><\/p>\n<p style=\"text-align: justify;\"><strong>\u00c7ET\u0130N DO\u011eAN&#8217;IN E\u015e\u0130:GURURLU VE MUTLUYUZ<\/strong><\/p>\n<p style=\"text-align: justify;\">Daha sonra, eski 1&#8243;inci Ordu Komutan\u0131 ve emekli Orgeneral \u00c7etin Do\u011fan&#8217;\u0131n e\u015fi Nilg\u00fcn Do\u011fan, bir gazetecinin duygular\u0131n\u0131 sormas\u0131 \u00fczerine, kendilerine destek veren ki\u015filere te\u015fekk\u00fcr ederek, \u201cBu aktivite bizim amat\u00f6rce yapt\u0131\u011f\u0131m\u0131z bir aktivitedir. Gururlu ve mutluyuz. Bence insanlar\u0131n buraya gelmesi \u00f6nemli. Bu deste\u011fi g\u00f6rmek \u00e7ok g\u00fczel bir duygu. Atat\u00fcrk sevgimizin hi\u00e7 bitmeyece\u011fine inan\u0131yorum\u201d dedi.<\/p>\n<p style=\"text-align: justify;\">\u0130stanbul&#8217;dan An\u0131tkabir&#8217;e Atat\u00fcrk&#8217;e \u015fikayet etmek amac\u0131yla gelen subay e\u015fleri aras\u0131nda Donanma Kurmay Ba\u015fkan\u0131 T\u00fcmamiral Semih \u00c7etin&#8217;in e\u015fi N\u00fclifer \u00c7etin, T\u00fcmamiral Ramazan Cem G\u00fcndeniz&#8217;in e\u015fi Rengin G\u00fcndeniz, T\u00fcmamiral Soner Polat&#8217;\u0131n e\u015fi Sevgi Polat&#8217;ta bas\u0131n mensuplar\u0131n\u0131n sorular\u0131n\u0131 yan\u0131tlad\u0131lar.<\/p>\n<p style=\"text-align: justify;\"><strong>&#8220;BU G\u00dcNLERDE GE\u00c7ECEK&#8221;<\/strong><\/p>\n<p style=\"text-align: justify;\">Sevgi Polat, &#8220;Haftada bir g\u00fcn g\u00f6r\u00fc\u015f\u00fcm\u00fcz olacak, ancak cam\u0131n arkas\u0131ndan olacak bu g\u00f6r\u00fc\u015fme. Bu bizi \u00e7ok \u00fczecek. Bug\u00fcnlerde ge\u00e7ecek her\u015fey d\u00fczelecek. Bunun bir kabus oldu\u011funu d\u00fc\u015f\u00fcn\u00fcyorum. Bug\u00fcne kadar akl\u0131ma hi\u00e7 b\u00f6yle bir\u015fey gelmemi\u015fti ve \u015fu anda da o kabusu ya\u015f\u0131yorum&#8221; diye konu\u015ftu.<\/p>\n<p style=\"text-align: justify;\"><strong>&#8220;ELLER\u0130N\u0130 TUTARAK, S\u00d6YLEMEK \u0130STED\u0130KLER\u0130M\u0130Z\u0130 S\u00d6YLEYEMEYECE\u011e\u0130Z&#8221;<\/strong><\/p>\n<p style=\"text-align: justify;\">Rengin G\u00fcndeniz ise, &#8220;Sesimizi duyurabilmek bizi \u00e7ok mutlu etti. Halk\u0131m\u0131z\u0131n deste\u011fini g\u00f6rmek bizi mutlu etti. 5 g\u00fcn \u00f6nce yap\u0131lm\u0131\u015f bir organizasyondu bu. Tamamen amat\u00f6rce yap\u0131lm\u0131\u015ft\u0131. Bu kadar kalabal\u0131\u011f\u0131 ya\u011fmur ya\u011fmas\u0131na ra\u011fmen biz de beklemiyorduk. A\u00e7\u0131k hava toplant\u0131lar\u0131n\u0131n yenilerini yapacaz, ancak bir ka\u00e7 g\u00fcn \u00f6nce bas\u0131n mensuplar\u0131na duyurular\u0131m\u0131z\u0131 yapaca\u011f\u0131z. Herkes bir kez olmak \u00fczere cezaevine giderek e\u015flerimizle g\u00f6r\u00fc\u015ft\u00fck. Sonu\u00e7ta oras\u0131 bir hapisane ve e\u015flerimizde o kurallara uyuyorlar. Bundan sonra ise, ayda d\u00f6rt defa arada cam olmak kayd\u0131yla telefonla g\u00f6r\u00fc\u015fece\u011fiz. Bizim i\u00e7in kolay de\u011fil bunlar. Daha \u00f6ncede ya\u015fad\u0131m ben bunlar\u0131, e\u015fim bir kez daha tutuklanm\u0131\u015ft\u0131. Ellerini tutarak s\u00f6ylemek istediklerini s\u00f6ylememek, tabiki dinliyorlar, cezaevi kurallar\u0131nca, bunlar\u0131 bilmek insan\u0131 \u00fcz\u00fcyor&#8221; diye konu\u015ftu.<\/p>\n<p style=\"text-align: justify;\"><strong>&#8220;B\u0130R \u00c7ETE VAR BUNUN UZANTILARI B\u0130Z\u0130M \u0130\u00c7ER\u0130M\u0130ZDE&#8221;<\/strong><\/p>\n<p style=\"text-align: justify;\">N\u00fclifer \u00c7etin ise, &#8220;Benim e\u015fim 6 ayd\u0131r g\u00f6revinin ba\u015f\u0131nda. Kimsenin bir yere ka\u00e7t\u0131\u011f\u0131 yok. Arkada\u015flar\u0131m\u0131z var yurtd\u0131\u015f\u0131na gidip geldiler. Nas\u0131l b\u00f6yle bir ithamda bulunuyorlar anlam\u0131yorum. E\u015fim donanma kurmay ba\u015fkan\u0131, delilleri karartma gibi bir ihtamda bulunamazlar. Bizi arama yap\u0131lmadan 4 saat \u00f6nce haber verdiler. Ve oradan bir\u015feyler \u00e7\u0131kt\u0131. \u0130\u00e7imizde de hainler var. Bir \u00e7ete var, bunun uzant\u0131lar\u0131 i\u00e7eride, bizim i\u00e7imizde de var, bunlar\u0131 kabullenmek laz\u0131m. Bir \u015fekilde a\u00e7\u0131k \u015fekilde ortaya \u00e7\u0131kmas\u0131n\u0131 istiyoruz. Biz darbeyle su\u00e7lanmak istemiyoruz. Bizlerde darbeye kar\u015f\u0131y\u0131z. Ordu eski ordu de\u011fil. Daha \u00f6nce de oldu da, bu ordu yine yapacak diye bir\u015fey yok&#8221; dedi.<\/p>\n<p style=\"text-align: justify;\"><a href=\"http:\/\/www.gazeteport.com.tr\/GUNCEL\/NEWS\/GP_856216\" target=\"_blank\"><span style=\"color: #888888;\">Kaynak : GAZETEPORT<\/span><\/a><\/p>\n","protected":false},"excerpt":{"rendered":"<p style=\"text-align: center;\">\n<p style=\"text-align: justify;\">&#8216;BALYOZ soru\u015fturmas\u0131&#8217; kapsam\u0131nda tutuklanarak cezaevi&#8217;ne g\u00f6nderilen muvazzaf ve emekli general, amiral ve di\u011fer subaylar\u0131n e\u015fleri ve \u00e7e\u015fitli sivil toplum kurulu\u015flar\u0131n\u0131n temsilcileri Ankara&#8217;da An\u0131tkabir&#8217;e \u00e7\u0131kt\u0131.<\/p>\n<p style=\"text-align: justify;\">ANKARA &#8211; Atat\u00fcrk\u00e7\u00fc D\u00fc\u015f\u00fcnce Derne\u011fi (ADD) ve T\u00fcrkiye Emekli Subaylar Derne\u011fi (TESUD) \u00fcyelerinden olu\u015fan, aralar\u0131nda tutuklu subay e\u015flerinin de bulundu\u011fu 15 bin ki\u015filik bir <\/p>\n","protected":false},"author":1,"featured_media":0,"comment_status":"open","ping_status":"closed","sticky":false,"template":"","format":"standard","meta":{"footnotes":""},"categories":[105],"tags":[],"class_list":["post-28652","post","type-post","status-publish","format-standard","hentry","category-gundem","odd"],"_links":{"self":[{"href":"http:\/\/www.korhanyilmaz.com\/index.php?rest_route=\/wp\/v2\/posts\/28652","targetHints":{"allow":["GET"]}}],"collection":[{"href":"http:\/\/www.korhanyilmaz.com\/index.php?rest_route=\/wp\/v2\/posts"}],"about":[{"href":"http:\/\/www.korhanyilmaz.com\/index.php?rest_route=\/wp\/v2\/types\/post"}],"author":[{"embeddable":true,"href":"http:\/\/www.korhanyilmaz.com\/index.php?rest_route=\/wp\/v2\/users\/1"}],"replies":[{"embeddable":true,"href":"http:\/\/www.korhanyilmaz.com\/index.php?rest_route=%2Fwp%2Fv2%2Fcomments&post=28652"}],"version-history":[{"count":0,"href":"http:\/\/www.korhanyilmaz.com\/index.php?rest_route=\/wp\/v2\/posts\/28652\/revisions"}],"wp:attachment":[{"href":"http:\/\/www.korhanyilmaz.com\/index.php?rest_route=%2Fwp%2Fv2%2Fmedia&parent=28652"}],"wp:term":[{"taxonomy":"category","embeddable":true,"href":"http:\/\/www.korhanyilmaz.com\/index.php?rest_route=%2Fwp%2Fv2%2Fcategories&post=28652"},{"taxonomy":"post_tag","embeddable":true,"href":"http:\/\/www.korhanyilmaz.com\/index.php?rest_route=%2Fwp%2Fv2%2Ftags&post=28652"}],"curies":[{"name":"wp","href":"https:\/\/api.w.org\/{rel}","templated":true}]}}