{"id":28648,"date":"2011-02-19T20:51:32","date_gmt":"2011-02-19T18:51:32","guid":{"rendered":"http:\/\/www.korhanyilmaz.com\/?p=28648"},"modified":"2011-02-19T20:51:32","modified_gmt":"2011-02-19T18:51:32","slug":"ucube-ilan-ettiler","status":"publish","type":"post","link":"http:\/\/www.korhanyilmaz.com\/?p=28648","title":{"rendered":"&#8220;Ucube&#8221; ilan ettiler"},"content":{"rendered":"<p style=\"text-align: center;\"><a href=\"http:\/\/www.korhanyilmaz.com\/wp-content\/uploads\/2011\/02\/412.jpg\"  class=\"lightview\"><img loading=\"lazy\" decoding=\"async\" class=\"aligncenter size-full wp-image-28649\" src=\"http:\/\/www.korhanyilmaz.com\/wp-content\/uploads\/2011\/02\/412.jpg\" alt=\"\" width=\"411\" height=\"220\" \/><\/a><\/p>\n<p style=\"text-align: justify;\">KARS&#8217;ta d\u00fczenlenen &#8216;Yeni Anayasa&#8217; konulu panelin moder\u00f6t\u00fcr\u00fc, Anayasa Mahkemesi eski raport\u00f6r\u00fc Do\u00e7. Dr. Osman Can, salonda protesto edildi.<\/p>\n<p style=\"text-align: justify;\">KESK ve Devrimci 78&#8217;liler Derne\u011fi s\u00f6zc\u00fcs\u00fc \u00c7etin Ko\u00e7yi\u011fit &#8220;Halktan yana bir anayasa i\u00e7in hi\u00e7bir katk\u0131n\u0131z olmad\u0131\u011f\u0131na inan\u0131yoruz. Sizi &#8216;ucube&#8217; ilan ediyoruz&#8221; diyerek kabal\u0131k grupla salonu terk etti.<!--more--><\/p>\n<p style=\"text-align: justify;\">KARS &#8211; Kars, Ardahan B\u00f6lge Baro ba\u015fkanl\u0131\u011f\u0131n\u0131n Halk E\u011fitim Merkezi salonunda d\u00fczenledi\u011fi &#8216;Yeni Anayasa&#8217; konulu panele modaret\u00f6r Do\u00e7. Dr. Osman Can ile konu\u015fmac\u0131 \u0130stanbul eski Baro Ba\u015fkan\u0131 Do\u00e7. Dr. Y\u00fccel Sayman, avukat Mehmet U\u00e7um, gazeteci Nihal Bengisu Karaca, oyuncu Lale Mansur kat\u0131ld\u0131. Do\u00e7. Dr. Osman Can&#8217;\u0131n konu\u015fmas\u0131ndan sonra Kars KESK, D\u0130SK ve Devrimci 78\u2019liler Derne\u011fi s\u00f6zc\u00fcs\u00fc olarak \u00c7etin Ko\u00e7yi\u011fit, &#8220;Bir konuda bir dakikan\u0131z\u0131 alabilir miyim?&#8221; diyerek s\u00f6z istedi.<\/p>\n<p style=\"text-align: justify;\">Osman Can&#8217;\u0131n &#8220;M\u00fcsadenizle ben format\u0131 k\u0131saca aktaray\u0131m&#8221; demesi \u00fczerine \u00c7etin Ko\u00e7yi\u011fit, &#8220;Yine devam ettirin. Ben Kars KESK, D\u0130SK ve Devrimci 78&#8217;liler Derne\u011fi s\u00f6zc\u00fcs\u00fc olarak bir \u015fey s\u00f6ylemek istiyorum. Bu yapt\u0131\u011f\u0131n\u0131z panelin demokrasiye ya da halktan yana bir anayasaya hizmet etmedi\u011fine inan\u0131yoruz. Biz size &#8216;evet&#8217; demedi\u011fimiz i\u00e7in darbeci olarak yarg\u0131lad\u0131\u011f\u0131n\u0131z insanlar\u0131z. Say\u0131n Osman Can, \u00f6zellikle sizin o ba\u011flamda halktan yana bir anayasa i\u00e7in hi\u00e7bir katk\u0131n\u0131z olmad\u0131\u011f\u0131na inan\u0131yoruz. Sizi &#8216;ucube&#8217; ilan ediyoruz&#8221; dedi. \u00c7etin Ko\u00e7yi\u011fit, konu\u015fmas\u0131n\u0131 tamamlarken alk\u0131\u015fland\u0131 ve ard\u0131ndan paneli izlemeye gelen kad\u0131nl\u0131- erkekli gruphla salonu terk etti.<\/p>\n<p style=\"text-align: justify;\">Bu olay salonda \u015fok etkisi yarat\u0131rken Osman Can, &#8220;Yanl\u0131\u015f bilgiyle bu konu\u015fmay\u0131 yapan de\u011ferli arkada\u015flar\u0131m gidiyor&#8221; deyince protestocular &#8220;Biz gidelim sen sonra konu\u015f&#8221; kar\u015f\u0131l\u0131\u011f\u0131n\u0131 verdi. Referandumda &#8216;hay\u0131r&#8217; diyenlerin darbe\u00e7i ilan edilmedi\u011fini s\u00f6yleyen Osman Can&#8217;a yine protestocu gruptan bir ki\u015fi &#8220;Sizin a\u011fz\u0131n\u0131zdan dinledik&#8221; dedi.<\/p>\n<p style=\"text-align: justify;\"><a href=\"http:\/\/www.gazeteport.com.tr\/GUNCEL\/NEWS\/GP_856516\" target=\"_blank\"><span style=\"color: #888888;\">Kaynak : GAZETEPORT<\/span><\/a><\/p>\n","protected":false},"excerpt":{"rendered":"<p style=\"text-align: center;\">\n<p style=\"text-align: justify;\">KARS&#8217;ta d\u00fczenlenen &#8216;Yeni Anayasa&#8217; konulu panelin moder\u00f6t\u00fcr\u00fc, Anayasa Mahkemesi eski raport\u00f6r\u00fc Do\u00e7. Dr. Osman Can, salonda protesto edildi.<\/p>\n<p style=\"text-align: justify;\">KESK ve Devrimci 78&#8217;liler Derne\u011fi s\u00f6zc\u00fcs\u00fc \u00c7etin Ko\u00e7yi\u011fit &#8220;Halktan yana bir anayasa i\u00e7in hi\u00e7bir katk\u0131n\u0131z olmad\u0131\u011f\u0131na inan\u0131yoruz. Sizi &#8216;ucube&#8217; ilan ediyoruz&#8221; diyerek kabal\u0131k grupla salonu terk etti.<\/p>\n","protected":false},"author":1,"featured_media":0,"comment_status":"open","ping_status":"closed","sticky":false,"template":"","format":"standard","meta":{"footnotes":""},"categories":[105],"tags":[],"class_list":["post-28648","post","type-post","status-publish","format-standard","hentry","category-gundem","odd"],"_links":{"self":[{"href":"http:\/\/www.korhanyilmaz.com\/index.php?rest_route=\/wp\/v2\/posts\/28648","targetHints":{"allow":["GET"]}}],"collection":[{"href":"http:\/\/www.korhanyilmaz.com\/index.php?rest_route=\/wp\/v2\/posts"}],"about":[{"href":"http:\/\/www.korhanyilmaz.com\/index.php?rest_route=\/wp\/v2\/types\/post"}],"author":[{"embeddable":true,"href":"http:\/\/www.korhanyilmaz.com\/index.php?rest_route=\/wp\/v2\/users\/1"}],"replies":[{"embeddable":true,"href":"http:\/\/www.korhanyilmaz.com\/index.php?rest_route=%2Fwp%2Fv2%2Fcomments&post=28648"}],"version-history":[{"count":0,"href":"http:\/\/www.korhanyilmaz.com\/index.php?rest_route=\/wp\/v2\/posts\/28648\/revisions"}],"wp:attachment":[{"href":"http:\/\/www.korhanyilmaz.com\/index.php?rest_route=%2Fwp%2Fv2%2Fmedia&parent=28648"}],"wp:term":[{"taxonomy":"category","embeddable":true,"href":"http:\/\/www.korhanyilmaz.com\/index.php?rest_route=%2Fwp%2Fv2%2Fcategories&post=28648"},{"taxonomy":"post_tag","embeddable":true,"href":"http:\/\/www.korhanyilmaz.com\/index.php?rest_route=%2Fwp%2Fv2%2Ftags&post=28648"}],"curies":[{"name":"wp","href":"https:\/\/api.w.org\/{rel}","templated":true}]}}