{"id":28636,"date":"2011-02-19T16:45:41","date_gmt":"2011-02-19T14:45:41","guid":{"rendered":"http:\/\/www.korhanyilmaz.com\/?p=28636"},"modified":"2011-02-19T16:45:41","modified_gmt":"2011-02-19T14:45:41","slug":"tutuklu-subaylarin-esleri-anitkabirdeydi","status":"publish","type":"post","link":"http:\/\/www.korhanyilmaz.com\/?p=28636","title":{"rendered":"Tutuklu subaylar\u0131n e\u015fleri Ata&#8217;n\u0131n huzurundayd\u0131"},"content":{"rendered":"<p style=\"text-align: center;\"><a href=\"http:\/\/www.korhanyilmaz.com\/wp-content\/uploads\/2011\/02\/410.jpg\"  class=\"lightview\"><img loading=\"lazy\" decoding=\"async\" class=\"aligncenter size-full wp-image-28637\" src=\"http:\/\/www.korhanyilmaz.com\/wp-content\/uploads\/2011\/02\/410.jpg\" alt=\"\" width=\"307\" height=\"236\" \/><\/a><\/p>\n<p style=\"text-align: justify;\">Balyoz soru\u015fturmas\u0131 kapsam\u0131ndaki son tutuklamalara gerek\u00e7e g\u00f6sterilen belgelerin bulundu\u011fu iddia edilen Donanma Komutanl\u0131\u011f\u0131 G\u00f6lc\u00fck Deniz \u00dcss\u00fc&#8217;nde g\u00f6revli amiral ve subaylar\u0131n e\u015flerinden olu\u015fan 100 ki\u015filik grup Ata&#8217;n\u0131n huzuruna \u00e7\u0131kt\u0131. Grup, &#8220;Yarg\u0131lamaya de\u011fil hukuksuz yarg\u0131lamaya kar\u015f\u0131y\u0131z&#8221; dedi.<\/p>\n<p style=\"text-align: justify;\">San\u0131k aileleri, yak\u0131nlar\u0131 ve destek i\u00e7in gelenler, T\u00fcrkiye Emekli Subaylar Derne\u011fi Ba\u015fkan\u0131 Emekli T\u00fcmgeneral Melih Tunca ba\u015fkanl\u0131\u011f\u0131nda aslanl\u0131 yoldan y\u00fcr\u00fcd\u00fc. <!--more--><\/p>\n<p style=\"text-align: justify;\">Bu s\u0131rada Harbiye Mar\u015f\u0131 s\u00f6ylendi ve alk\u0131\u015flarla &#8220;T\u00fcrkiye laiktir laik kalacak&#8221;, &#8220;Askere uzanan eller k\u0131r\u0131ls\u0131n&#8221; sloganlar\u0131 at\u0131ld\u0131.<\/p>\n<p style=\"text-align: justify;\">Tunca, Atat\u00fcrk&#8217;\u00fcn mozolesine \u00e7elenk konulmas\u0131n\u0131n ard\u0131ndan, Misak-\u0131 Milli Kulesi&#8217;ndeki An\u0131tkabir \u00d6zel Defteri&#8217;ne yazd\u0131\u011f\u0131 yaz\u0131da, &#8220;T\u00fcrkiye Emekli Subaylar Derne\u011fi \u00fcyeleri olarak, Silahl\u0131 Kuvvetlerimize kar\u015f\u0131 y\u00fcr\u00fct\u00fclmekte olan asimetrik sava\u015f\u0131n etkilerini her ge\u00e7en g\u00fcn, ailelerimizle birlikte derin bir \u00fcz\u00fcnt\u00fc i\u00e7erisinde g\u00f6r\u00fcyor, ya\u015f\u0131yor ve esefle kar\u015f\u0131l\u0131yoruz&#8221; dedi.<\/p>\n<p style=\"text-align: justify;\">Atat\u00fcrk&#8217;\u00fcn Afyonkarahisar&#8217;da 31 Temmuz 1920 tarihinde subaylara hitaben yapt\u0131\u011f\u0131 konu\u015fmada, &#8220;Ordunun hayat ve saadet kayna\u011f\u0131, ba\u011f\u0131ms\u0131zl\u0131\u011f\u0131 takdir eden milletin, kuvvetin l\u00fczumuna olan vicdan\u0131, iman\u0131d\u0131r. Orduyu imha etmek i\u00e7in<\/p>\n<p style=\"text-align: justify;\">mutlaka ordunun ruhu olan subaylar\u0131 mahvetmek, a\u015fa\u011f\u0131lamak laz\u0131md\u0131r&#8221; dedi\u011fini hat\u0131rlatan Tunca, Atat\u00fcrk&#8217;\u00fcn konu\u015fmas\u0131nda, &#8220;\u015eahsi ve \u00f6zel hayatlar\u0131 itibariyle subaylar, fedakarlar s\u0131n\u0131f\u0131n\u0131n en \u00f6n\u00fcnde bulunmak mecburiyetindedirler&#8221; direktifini verdi\u011fini s\u00f6yledi.<\/p>\n<p style=\"text-align: justify;\">Tunca, \u015f\u00f6yle devam etti:<\/p>\n<p style=\"text-align: justify;\">&#8220;Siz, &#8216;Hayat\u0131nda bir an olsa bile subayl\u0131k yapm\u0131\u015f, subayl\u0131k izzetinefsini, \u015ferefini duymu\u015f, \u00f6l\u00fcm\u00fc k\u00fc\u00e7\u00fcmsemi\u015f bir insan, hayatta iken kendisine reva g\u00f6r\u00fclen muamelelere katlanamaz. Onun ya\u015famak i\u00e7in bir \u00e7aresi vard\u0131r o da \u015ferefini korumakt\u0131r&#8217; demi\u015ftiniz. Size ve milletimize bu g\u00fc\u00e7 \u015fartlar alt\u0131nda lay\u0131k olman\u0131n inanc\u0131 ve gayreti i\u00e7erisindeyiz.&#8221;<\/p>\n<p style=\"text-align: justify;\">Daha sonra, eski 1. Ordu Komutan\u0131 ve emekli Orgeneral \u00c7etin Do\u011fan&#8217;\u0131n e\u015fi Nilg\u00fcn Do\u011fan, bir gazetecinin duygular\u0131n\u0131 sormas\u0131 \u00fczerine, kendilerine destek veren ki\u015filere te\u015fekk\u00fcr ederek, &#8220;Bu aktivite bizim amat\u00f6rce yapt\u0131\u011f\u0131m\u0131z bir aktivitedir. Gururlu ve mutluyuz. Bence insanlar\u0131n buraya gelmesi \u00f6nemli. Bu deste\u011fi g\u00f6rmek \u00e7ok g\u00fczel bir duygu. Atat\u00fcrk sevgimizin hi\u00e7 bitmeyece\u011fine inan\u0131yorum&#8221; dedi.<\/p>\n<p style=\"text-align: justify;\"><strong>&#8220;Vardiya Bizde&#8221; platformu <\/strong><\/p>\n<p style=\"text-align: justify;\">T\u00f6renin ard\u0131ndan An\u0131tkabir giri\u015finde bas\u0131n mensuplar\u0131na a\u00e7\u0131klama yapan, T\u00fcmamiral Ramazan Cem G\u00fcrdeniz&#8217;in e\u015fi Rengin G\u00fcrdeniz, ya\u015fanan s\u00fcreci kamuoyuyla payla\u015fmak i\u00e7in &#8220;Vardiya Bizde&#8221; ad\u0131 alt\u0131nda bir platform kurduklar\u0131n\u0131 bildirdi.<\/p>\n<p style=\"text-align: justify;\">G\u00fcrdeniz, &#8220;Bu hukuksuzlu\u011fu duyurmak ad\u0131na kanunun bize izin verdi\u011fi her t\u00fcrl\u00fc organizasyonda yer alman\u0131z\u0131 siz duyarl\u0131 halk\u0131m\u0131zdan rica ediyoruz&#8221; dedi.<\/p>\n<p style=\"text-align: justify;\">Duru\u015fmalar\u0131n televizyonda canl\u0131 yay\u0131nlanmas\u0131n\u0131 talep ettiklerini ve bunun i\u00e7in destek beklediklerini s\u00f6yleyen G\u00fcrdeniz, \u015funlar\u0131 kaydetti:<\/p>\n<p style=\"text-align: justify;\">&#8220;T\u00fcrk hukukuna sars\u0131lan g\u00fcvenin yeniden tazelenmesi i\u00e7in yapt\u0131\u011f\u0131m\u0131z bu harekette bizlerin yan\u0131nda oldu\u011funuz i\u00e7in \u00e7ok te\u015fekk\u00fcr ederiz. Biz yarg\u0131lanmaya kar\u015f\u0131 de\u011filiz. Hukuksuzca, s\u00f6z hakk\u0131 tan\u0131nmadan yap\u0131lan tutuklamalara kar\u015f\u0131y\u0131z.&#8221;<\/p>\n<p style=\"text-align: justify;\">G\u00fcrdeniz, daha sonra Hasdal Cezaevinde bulunan bir tutuklunun yazd\u0131\u011f\u0131 akrosti\u015f \u015fiiri okudu. \u015eiirin ba\u015f harflerinin birle\u015fmesiyle &#8220;komplo&#8221; kelimesinin ortaya \u00e7\u0131kt\u0131\u011f\u0131n\u0131 s\u00f6yledi.<\/p>\n<p style=\"text-align: justify;\">Bir gazetecinin, An\u0131tkabir ziyaretine gelmek isteyen baz\u0131 otob\u00fcslerin durduruldu\u011fu y\u00f6n\u00fcnde haberler al\u0131nd\u0131\u011f\u0131n\u0131 belirtmesi \u00fczerine, G\u00fcrdeniz, bu t\u00fcr haberlerin kendilerine de ula\u015ft\u0131\u011f\u0131n\u0131 kaydetti.<\/p>\n<p style=\"text-align: justify;\">Bundan sonraki faaliyetlerinin ne olaca\u011f\u0131n\u0131n sorulmas\u0131 \u00fczerine G\u00fcrdeniz, &#8220;Sonraki ad\u0131mlar hep s\u00fcrpriz olacak&#8221; dedi.<\/p>\n<p style=\"text-align: justify;\"><strong>&#8220;Arkam\u0131zda olduklar\u0131n\u0131 g\u00f6stersinler&#8221; <\/strong><\/p>\n<p style=\"text-align: justify;\">Eski Deniz Kuvvetleri Komutan\u0131 emekli Oramiral \u00d6zden \u00d6rnek&#8217;in e\u015fi Sevil \u00d6rnek ise gazetecilerin sorular\u0131 \u00fczerine, hukuk olmayan bir yerde yarg\u0131laman\u0131n da olmayaca\u011f\u0131n\u0131 s\u00f6yledi.<\/p>\n<p style=\"text-align: justify;\">\u00d6fkeli olup olmad\u0131\u011f\u0131 y\u00f6n\u00fcndeki soru \u00fczerine de \u00d6rnek, &#8220;Hukuk istiyoruz, ba\u015fka bir \u015fey istemiyoruz, adil yarg\u0131lama istiyoruz&#8221; dedi.<\/p>\n<p style=\"text-align: justify;\">Bir gazetecinin Genelkurmay Ba\u015fkan\u0131 Orgeneral I\u015f\u0131k Ko\u015faner ve kuvvet komutanlar\u0131n\u0131n Hasdal cezaevini ziyaret ederek san\u0131klarla g\u00f6r\u00fc\u015ft\u00fc\u011f\u00fcn\u00fc hat\u0131rlatmas\u0131 ve bunun bir destek olarak de\u011ferlendirildi\u011fini belirtmesi \u00fczerine \u00d6rnek, &#8220;Arkam\u0131zdalar ise arkam\u0131zda olduklar\u0131n\u0131 g\u00f6stersinler&#8221; diye konu\u015ftu.<\/p>\n<p style=\"text-align: justify;\">Di\u011fer taraftan T\u00fcrkiye Gen\u00e7lik Birli\u011fi \u00fcyeleri de &#8220;Balyoz Davas\u0131&#8221;n\u0131 ve h\u00fck\u00fcmeti protesto eden sloganlar atarak ve afi\u015fler ta\u015f\u0131yarak K\u0131z\u0131lay&#8217;dan An\u0131tkabir&#8217;e y\u00fcr\u00fcd\u00fc.<\/p>\n<p style=\"text-align: justify;\">An\u0131tkabir&#8217;in giri\u015f kap\u0131s\u0131nda k\u0131sa bir a\u00e7\u0131klama yapan grup, daha sonra san\u0131k yak\u0131nlar\u0131yla birlikte An\u0131tkabir&#8217;deki ziyarete kat\u0131ld\u0131.<\/p>\n<hr style=\"width: 500px;\" \/>\n<p style=\"text-align: justify;\"><strong>Ankara&#8217;ya yolculuk \u00f6ncesi&#8230; <\/strong><\/p>\n<p style=\"text-align: justify;\">Subay e\u015fleri, ge\u00e7mi\u015fin ac\u0131s\u0131n\u0131n bug\u00fcnk\u00fc subaylardan \u00e7\u0131kar\u0131lmak istendi\u011fini s\u00f6yledi.<\/p>\n<p style=\"text-align: justify;\">Balyoz iddias\u0131yla tutuklananlar aras\u0131nda bulunan muvazzaf askerlerden Donanma Komutanl\u0131\u011f\u0131 Denizalt\u0131 Filosusu Komutan\u0131 Tu\u011famiral Ahmet T\u00fcrkmen&#8217;in e\u015fi Nuray T\u00fcrkmen adil bir yarg\u0131lama istediklerini s\u00f6yledi.<\/p>\n<p style=\"text-align: justify;\">Di\u011fer subay e\u015flerinin de destek verdi\u011fi, son derece \u00fczg\u00fcn olan ve iki g\u00fcn \u00f6nce e\u015fini cezaevinde ziyaret etti\u011fini s\u00f6yleyen Nuray T\u00fcrkmen, &#8220;E\u015flerimizin haks\u0131z yere tutukland\u0131klar\u0131 i\u00e7in buraday\u0131z. Onlar\u0131n adil olarak yarg\u0131lanmas\u0131n\u0131 istiyoruz. Onlar\u0131n arkas\u0131nday\u0131z. B\u0131rakmayaca\u011f\u0131z. Hak, hukuk adalet istiyoruz&#8221; dedi.<\/p>\n<p style=\"text-align: justify;\">Nuray T\u00fcrkmen \u00fcz\u00fcnt\u00fcs\u00fcnden fazla konu\u015famad\u0131.<\/p>\n<p style=\"text-align: justify;\">Ankara&#8217;ya giden grup ad\u0131na konu\u015fan bir subay e\u015fi de, ge\u00e7mi\u015fin ac\u0131s\u0131n\u0131n bug\u00fcnk\u00fc subaylardan \u00e7\u0131kar\u0131lmak istenildi\u011fini s\u00f6yleyerek \u015f\u00f6yle devam etti:<\/p>\n<p style=\"text-align: justify;\">&#8220;Arkada\u015flar\u0131m\u0131z\u0131n adil olarak yarg\u0131lanmas\u0131n\u0131 istiyoruz. Onlar\u0131n yan\u0131nday\u0131z. Hepimiz biriz. Arkada\u015f\u0131m\u0131z d\u00fcn a\u00e7\u0131k g\u00f6r\u00fc\u015fte e\u015fiyle birlikte g\u00f6r\u00fc\u015ft\u00fc. Gayet kuvvetliler. Biz de onlara destek olmak amac\u0131yla An\u0131tkabir&#8217;de sesimizi duyurmak istiyoruz. Herkes l\u00fctfen bizi takip etsin. Bizi anlamaya \u00e7al\u0131\u015fs\u0131nlar. Sadece hak, hukuk, adalet istiyoruz. Adil olarak yarg\u0131lanmak istiyoruz. Her \u015feyin tek tarafl\u0131 olarak de\u011ferlendirilmesini istemiyoruz. Ge\u00e7mi\u015fin ac\u0131s\u0131n\u0131 da bizden \u00e7\u0131karmas\u0131nlar l\u00fctfen.&#8221;<\/p>\n<p style=\"text-align: justify;\"><a href=\"http:\/\/www.cnnturk.com\/2011\/turkiye\/02\/19\/tutuklu.subaylarin.esleri.anitkabirdeydi\/607398.0\/index.html\" target=\"_blank\"><span style=\"color: #888888;\">CNN T\u00dcRK<\/span><\/a><\/p>\n","protected":false},"excerpt":{"rendered":"<p style=\"text-align: center;\">\n<p style=\"text-align: justify;\">Balyoz soru\u015fturmas\u0131 kapsam\u0131ndaki son tutuklamalara gerek\u00e7e g\u00f6sterilen belgelerin bulundu\u011fu iddia edilen Donanma Komutanl\u0131\u011f\u0131 G\u00f6lc\u00fck Deniz \u00dcss\u00fc&#8217;nde g\u00f6revli amiral ve subaylar\u0131n e\u015flerinden olu\u015fan 100 ki\u015filik grup Ata&#8217;n\u0131n huzuruna \u00e7\u0131kt\u0131. Grup, &#8220;Yarg\u0131lamaya de\u011fil hukuksuz yarg\u0131lamaya kar\u015f\u0131y\u0131z&#8221; dedi.<\/p>\n<p style=\"text-align: justify;\">San\u0131k aileleri, yak\u0131nlar\u0131 ve destek i\u00e7in gelenler, T\u00fcrkiye Emekli Subaylar Derne\u011fi Ba\u015fkan\u0131 Emekli <\/p>\n","protected":false},"author":1,"featured_media":0,"comment_status":"open","ping_status":"closed","sticky":false,"template":"","format":"standard","meta":{"footnotes":""},"categories":[105],"tags":[],"class_list":["post-28636","post","type-post","status-publish","format-standard","hentry","category-gundem","odd"],"_links":{"self":[{"href":"http:\/\/www.korhanyilmaz.com\/index.php?rest_route=\/wp\/v2\/posts\/28636","targetHints":{"allow":["GET"]}}],"collection":[{"href":"http:\/\/www.korhanyilmaz.com\/index.php?rest_route=\/wp\/v2\/posts"}],"about":[{"href":"http:\/\/www.korhanyilmaz.com\/index.php?rest_route=\/wp\/v2\/types\/post"}],"author":[{"embeddable":true,"href":"http:\/\/www.korhanyilmaz.com\/index.php?rest_route=\/wp\/v2\/users\/1"}],"replies":[{"embeddable":true,"href":"http:\/\/www.korhanyilmaz.com\/index.php?rest_route=%2Fwp%2Fv2%2Fcomments&post=28636"}],"version-history":[{"count":0,"href":"http:\/\/www.korhanyilmaz.com\/index.php?rest_route=\/wp\/v2\/posts\/28636\/revisions"}],"wp:attachment":[{"href":"http:\/\/www.korhanyilmaz.com\/index.php?rest_route=%2Fwp%2Fv2%2Fmedia&parent=28636"}],"wp:term":[{"taxonomy":"category","embeddable":true,"href":"http:\/\/www.korhanyilmaz.com\/index.php?rest_route=%2Fwp%2Fv2%2Fcategories&post=28636"},{"taxonomy":"post_tag","embeddable":true,"href":"http:\/\/www.korhanyilmaz.com\/index.php?rest_route=%2Fwp%2Fv2%2Ftags&post=28636"}],"curies":[{"name":"wp","href":"https:\/\/api.w.org\/{rel}","templated":true}]}}