{"id":28632,"date":"2011-02-18T20:31:34","date_gmt":"2011-02-18T18:31:34","guid":{"rendered":"http:\/\/www.korhanyilmaz.com\/?p=28632"},"modified":"2011-02-18T20:31:34","modified_gmt":"2011-02-18T18:31:34","slug":"kosaner-ve-komutanlar-hasdalda","status":"publish","type":"post","link":"http:\/\/www.korhanyilmaz.com\/?p=28632","title":{"rendered":"Ko\u015faner ve komutanlar Hasdal&#8217;da"},"content":{"rendered":"<p style=\"text-align: center;\"><a href=\"http:\/\/www.korhanyilmaz.com\/wp-content\/uploads\/2011\/02\/408.jpg\"  class=\"lightview\"><img loading=\"lazy\" decoding=\"async\" class=\"aligncenter size-full wp-image-28633\" src=\"http:\/\/www.korhanyilmaz.com\/wp-content\/uploads\/2011\/02\/408.jpg\" alt=\"\" width=\"449\" height=\"231\" \/><\/a><\/p>\n<p style=\"text-align: justify;\">Genelkurmay Ba\u015fkan\u0131 Ko\u015faner ve kuvvet komutanlar\u0131, Hasdal Askeri Ceza ve tutukevinde bulunan Balyoz davas\u0131n\u0131n tutuklu muvazzaf subay san\u0131klar\u0131n\u0131 ziyaret etti.<\/p>\n<p style=\"text-align: justify;\">\u0130STANBUL &#8211; Genelkurmay Ba\u015fkan\u0131 ve kuvvet komutanlar\u0131 Hasdal Askeri Cezaevi\u2019nde yatan 102 muvazzaf subay\u0131 ziyaret etti. <!--more--><\/p>\n<p style=\"text-align: justify;\">Balyoz davas\u0131 kapsam\u0131nda tutuklanarak Hasdal Cezaevi\u2019ne konulan 24&#8217;\u00fc general ve amiral toplam 102 muvazzaf subay\u0131n s\u00fcrpriz ziyaret\u00e7ileri vard\u0131.<\/p>\n<p style=\"text-align: justify;\">Genelkurmay Ba\u015fkan\u0131 Orgeneral I\u015f\u0131k Ko\u015faner, Kara Kuvvetleri Komutan\u0131 Orgeneral Erdal Ceylano\u011flu, Deniz Kuvvetleri Komutan\u0131 Oramiral E\u015fref U\u011fur Yi\u011fit, Hava Kuvvetleri Komutan\u0131 Orgeneral Hasan Aksay ile Jandarma Genel Komutan\u0131 Orgeneral Necdet \u00d6zel Hasdal Cezaevi\u2019ne helikopterle gitti.<\/p>\n<p style=\"text-align: justify;\">Ziyarette Birinci Ordu Komutan\u0131 Orgeneral Hayri K\u0131vr\u0131ko\u011flu&#8217;nun da bulundu\u011fu \u00f6\u011frenildi.<\/p>\n<p style=\"text-align: justify;\">Komutanlar tutuklu general-amiral ve subaylarla g\u00f6r\u00fc\u015ferek, &#8220;ge\u00e7mi\u015f olsun&#8221; dile\u011finde bulundu. En \u00fcst d\u00fczeyde yap\u0131lan bu ziyaret, Silahl\u0131 Kuvvetler&#8217;in tutuklu subaylara &#8220;moral&#8221; ve &#8220;dayan\u0131\u015fma&#8221; mesaj\u0131 olarak yorumland\u0131.<\/p>\n<p style=\"text-align: justify;\"><a href=\"http:\/\/www.gazeteport.com.tr\/GUNCEL\/NEWS\/GP_856045\" target=\"_blank\"><span style=\"color: #888888;\">Kaynak : GAZETEPORT<\/span><\/a><\/p>\n","protected":false},"excerpt":{"rendered":"<p style=\"text-align: center;\">\n<p style=\"text-align: justify;\">Genelkurmay Ba\u015fkan\u0131 Ko\u015faner ve kuvvet komutanlar\u0131, Hasdal Askeri Ceza ve tutukevinde bulunan Balyoz davas\u0131n\u0131n tutuklu muvazzaf subay san\u0131klar\u0131n\u0131 ziyaret etti.<\/p>\n<p style=\"text-align: justify;\">\u0130STANBUL &#8211; Genelkurmay Ba\u015fkan\u0131 ve kuvvet komutanlar\u0131 Hasdal Askeri Cezaevi\u2019nde yatan 102 muvazzaf subay\u0131 ziyaret etti. <\/p>\n","protected":false},"author":1,"featured_media":0,"comment_status":"open","ping_status":"closed","sticky":false,"template":"","format":"standard","meta":{"footnotes":""},"categories":[105],"tags":[],"class_list":["post-28632","post","type-post","status-publish","format-standard","hentry","category-gundem","odd"],"_links":{"self":[{"href":"http:\/\/www.korhanyilmaz.com\/index.php?rest_route=\/wp\/v2\/posts\/28632","targetHints":{"allow":["GET"]}}],"collection":[{"href":"http:\/\/www.korhanyilmaz.com\/index.php?rest_route=\/wp\/v2\/posts"}],"about":[{"href":"http:\/\/www.korhanyilmaz.com\/index.php?rest_route=\/wp\/v2\/types\/post"}],"author":[{"embeddable":true,"href":"http:\/\/www.korhanyilmaz.com\/index.php?rest_route=\/wp\/v2\/users\/1"}],"replies":[{"embeddable":true,"href":"http:\/\/www.korhanyilmaz.com\/index.php?rest_route=%2Fwp%2Fv2%2Fcomments&post=28632"}],"version-history":[{"count":0,"href":"http:\/\/www.korhanyilmaz.com\/index.php?rest_route=\/wp\/v2\/posts\/28632\/revisions"}],"wp:attachment":[{"href":"http:\/\/www.korhanyilmaz.com\/index.php?rest_route=%2Fwp%2Fv2%2Fmedia&parent=28632"}],"wp:term":[{"taxonomy":"category","embeddable":true,"href":"http:\/\/www.korhanyilmaz.com\/index.php?rest_route=%2Fwp%2Fv2%2Fcategories&post=28632"},{"taxonomy":"post_tag","embeddable":true,"href":"http:\/\/www.korhanyilmaz.com\/index.php?rest_route=%2Fwp%2Fv2%2Ftags&post=28632"}],"curies":[{"name":"wp","href":"https:\/\/api.w.org\/{rel}","templated":true}]}}