{"id":28603,"date":"2011-02-18T19:12:33","date_gmt":"2011-02-18T17:12:33","guid":{"rendered":"http:\/\/www.korhanyilmaz.com\/?p=28603"},"modified":"2011-02-18T19:12:33","modified_gmt":"2011-02-18T17:12:33","slug":"bulent-ecevit-ile-ilgili-sok-rapor","status":"publish","type":"post","link":"http:\/\/www.korhanyilmaz.com\/?p=28603","title":{"rendered":"B\u00fclent Ecevit ile ilgili \u015fok rapor"},"content":{"rendered":"<p style=\"text-align: center;\"><a href=\"http:\/\/www.korhanyilmaz.com\/wp-content\/uploads\/2011\/02\/404.jpg\"  class=\"lightview\"><img loading=\"lazy\" decoding=\"async\" class=\"aligncenter size-full wp-image-28604\" src=\"http:\/\/www.korhanyilmaz.com\/wp-content\/uploads\/2011\/02\/404.jpg\" alt=\"\" width=\"307\" height=\"236\" \/><\/a><\/p>\n<p style=\"text-align: justify;\">Adli T\u0131p Kurumu&#8217;nun, eski Ba\u015fbakan B\u00fclent Ecevit&#8217;in rahats\u0131zl\u0131\u011f\u0131 s\u0131ras\u0131nda Ba\u015fkent \u00dcniversitesi Hastanesi&#8217;nce verilen rapor ve belgelere ili\u015fkin haz\u0131rlad\u0131\u011f\u0131 rapor, ikinci &#8221;Ergenekon&#8221; davas\u0131na bakan mahkemeye ula\u015ft\u0131. Rapora g\u00f6re Ecevit&#8217;in Parkinson hastal\u0131\u011f\u0131 tedavisi eksik yap\u0131ld\u0131. <!--more--><\/p>\n<p style=\"text-align: justify;\">Raporun sonu\u00e7 b\u00f6l\u00fcm\u00fcnde, &#8221;Ecevit&#8217;in Ba\u015fkent \u00dcniversitesi Hastanesi&#8217;nde 17 May\u0131s-27 May\u0131s 2002 tarihleri aras\u0131ndaki yat\u0131\u015f\u0131nda; sol 9. kaburga k\u0131r\u0131\u011f\u0131, tromboflebit, pulmoner troinboemboli y\u00f6n\u00fcnden de\u011ferlendirildi\u011fi, uygulanan tedavilerin t\u0131bben uygun oldu\u011fu, myastania gravisede uygun tedavi verildi\u011fi, fakat Parkinson hastal\u0131\u011f\u0131 a\u00e7\u0131s\u0131ndan hastane ve evdeki t\u0131bbi kay\u0131tlar ve takiplerde tutulan notlarda eksikliklerin dikkati \u00e7ekti\u011fi&#8221; kaydedildi.<\/p>\n<p style=\"text-align: justify;\">Parkinson hastal\u0131\u011f\u0131n\u0131n d\u00fczeyi, komplikasyon (unutkanl\u0131k, hipotansiyon, uyku problemleri) geli\u015fip geli\u015fmedi\u011fi, ila\u00e7 kullan\u0131m\u0131yla ilgili sorunlar\u0131n olup olmad\u0131\u011f\u0131n\u0131n not edilmedi\u011fi, bunlardan dolay\u0131 hastan\u0131n son muayene bulgular\u0131n\u0131n d\u00fczenli olarak de\u011ferlendirilmedi\u011fi ve detayl\u0131 olarak bildirilmedi\u011finden hastan\u0131n klini\u011fine g\u00f6re dopaminerjik tedavi ve tedavinin dozlar\u0131n\u0131n yeterli olup olmad\u0131\u011f\u0131 hakk\u0131nda kesin bir yorum yap\u0131lamad\u0131\u011f\u0131 aktar\u0131ld\u0131.<\/p>\n<p style=\"text-align: justify;\">Raporda \u015f\u00f6yle denildi: &#8221;Evdeki takipte d\u00fc\u015fmelerin \u00f6n planda oldu\u011fu, iki tarafl\u0131 Parkinson hastal\u0131\u011f\u0131 olan olgunun orta veya ileri evre parkinson hastalar\u0131nda g\u00f6r\u00fclebilen bir durum oldu\u011fu, bunu destekler bi\u00e7imde GATA taraf\u0131ndan yap\u0131lan takipte ila\u00e7 dozunun y\u00fckseltilmi\u015f olmas\u0131 ve klinik bulgular\u0131n daha iyi oldu\u011funun not d\u00fc\u015f\u00fclmesi d\u00fc\u015f\u00fcn\u00fcld\u00fc\u011f\u00fcnde dopaminerjik tedavinin yetersiz kald\u0131\u011f\u0131n\u0131n kabul\u00fc gerekti\u011fi oy \u00e7oklu\u011fuyla m\u00fctalaa olunur.&#8221;<\/p>\n<p style=\"text-align: justify;\"><a href=\"http:\/\/www.cnnturk.com\/2011\/turkiye\/02\/18\/bulent.ecevit.ile.ilgili.sok.rapor\/607382.0\/index.html\" target=\"_blank\"><span style=\"color: #888888;\">CNN T\u00dcRK<\/span><\/a><\/p>\n","protected":false},"excerpt":{"rendered":"<p style=\"text-align: center;\">\n<p style=\"text-align: justify;\">Adli T\u0131p Kurumu&#8217;nun, eski Ba\u015fbakan B\u00fclent Ecevit&#8217;in rahats\u0131zl\u0131\u011f\u0131 s\u0131ras\u0131nda Ba\u015fkent \u00dcniversitesi Hastanesi&#8217;nce verilen rapor ve belgelere ili\u015fkin haz\u0131rlad\u0131\u011f\u0131 rapor, ikinci &#8221;Ergenekon&#8221; davas\u0131na bakan mahkemeye ula\u015ft\u0131. Rapora g\u00f6re Ecevit&#8217;in Parkinson hastal\u0131\u011f\u0131 tedavisi eksik yap\u0131ld\u0131. <\/p>\n","protected":false},"author":1,"featured_media":0,"comment_status":"open","ping_status":"closed","sticky":false,"template":"","format":"standard","meta":{"footnotes":""},"categories":[105],"tags":[],"class_list":["post-28603","post","type-post","status-publish","format-standard","hentry","category-gundem","odd"],"_links":{"self":[{"href":"http:\/\/www.korhanyilmaz.com\/index.php?rest_route=\/wp\/v2\/posts\/28603","targetHints":{"allow":["GET"]}}],"collection":[{"href":"http:\/\/www.korhanyilmaz.com\/index.php?rest_route=\/wp\/v2\/posts"}],"about":[{"href":"http:\/\/www.korhanyilmaz.com\/index.php?rest_route=\/wp\/v2\/types\/post"}],"author":[{"embeddable":true,"href":"http:\/\/www.korhanyilmaz.com\/index.php?rest_route=\/wp\/v2\/users\/1"}],"replies":[{"embeddable":true,"href":"http:\/\/www.korhanyilmaz.com\/index.php?rest_route=%2Fwp%2Fv2%2Fcomments&post=28603"}],"version-history":[{"count":0,"href":"http:\/\/www.korhanyilmaz.com\/index.php?rest_route=\/wp\/v2\/posts\/28603\/revisions"}],"wp:attachment":[{"href":"http:\/\/www.korhanyilmaz.com\/index.php?rest_route=%2Fwp%2Fv2%2Fmedia&parent=28603"}],"wp:term":[{"taxonomy":"category","embeddable":true,"href":"http:\/\/www.korhanyilmaz.com\/index.php?rest_route=%2Fwp%2Fv2%2Fcategories&post=28603"},{"taxonomy":"post_tag","embeddable":true,"href":"http:\/\/www.korhanyilmaz.com\/index.php?rest_route=%2Fwp%2Fv2%2Ftags&post=28603"}],"curies":[{"name":"wp","href":"https:\/\/api.w.org\/{rel}","templated":true}]}}