{"id":28596,"date":"2011-02-18T11:22:43","date_gmt":"2011-02-18T09:22:43","guid":{"rendered":"http:\/\/www.korhanyilmaz.com\/?p=28596"},"modified":"2011-02-18T11:22:43","modified_gmt":"2011-02-18T09:22:43","slug":"erdogan-aradigin-orgut-danistay-2-dairesinde","status":"publish","type":"post","link":"http:\/\/www.korhanyilmaz.com\/?p=28596","title":{"rendered":"Erdo\u011fan: &#8220;Arad\u0131\u011f\u0131n \u00f6rg\u00fct Dan\u0131\u015ftay 2. Dairesi&#8217;nde&#8221;"},"content":{"rendered":"<p style=\"text-align: center;\"><a href=\"http:\/\/www.korhanyilmaz.com\/wp-content\/uploads\/2011\/02\/402.jpg\"  class=\"lightview\"><img loading=\"lazy\" decoding=\"async\" class=\"aligncenter size-full wp-image-28597\" src=\"http:\/\/www.korhanyilmaz.com\/wp-content\/uploads\/2011\/02\/402.jpg\" alt=\"\" width=\"430\" height=\"200\" \/><\/a><\/p>\n<p style=\"text-align: justify;\">Ba\u015fbakan Erdo\u011fan, partisinin Geni\u015fletilmi\u015f \u0130l Ba\u015fkanlar\u0131 Toplant\u0131s\u0131&#8217;nda, Ergenekon i\u00e7in &#8220;Neredeymi\u015f bu \u00f6rg\u00fct gidip \u00fcye olay\u0131m&#8221; diyen CHP lideri K\u0131l\u0131\u00e7daro\u011flu&#8217;na, &#8220;Dan\u0131\u015ftay&#8217;\u0131n 2. Dairesi&#8217;ne git orada arad\u0131\u011f\u0131n \u00f6rg\u00fct\u00fcn izlerini bulursun&#8221; dedi.<!--more--><\/p>\n<p style=\"text-align: justify;\">ANKARA- AK Parti Genel Ba\u015fkan\u0131 ve Ba\u015fbakan Recep Tayyip Erdo\u011fan, Ergenekon i\u00e7in &#8220;Neredeymi\u015f bu \u00f6rg\u00fct gidip \u00fcye olay\u0131m&#8221; diyen CHP lideri Kemal K\u0131l\u0131\u00e7daro\u011flu&#8217;na, &#8220;Dan\u0131\u015ftay&#8217;\u0131n 2. Dairesi&#8217;ne git orada arad\u0131\u011f\u0131n \u00f6rg\u00fct\u00fcn izlerini bulursun&#8221; dedi. Ba\u015fbakan Erdo\u011fan&#8217;\u0131n s\u00f6z\u00fcn\u00fc etti\u011fi Dan\u0131\u015ftay 2. Dairesi, tart\u0131\u015fmal\u0131 t\u00fcrban karar\u0131 sonras\u0131nda Alparslan Aslan taraf\u0131ndan silahl\u0131 sald\u0131r\u0131ya u\u011fram\u0131\u015f ve Daire Ba\u015fkan\u0131 Mustafa Birden a\u011f\u0131r yaralanm\u0131\u015ft\u0131.<\/p>\n<p style=\"text-align: justify;\">Erdo\u011fan, AK Parti Genel Merkezi&#8217;nde, &#8221;Geni\u015fletilmi\u015f \u0130l Ba\u015fkanlar\u0131 Toplant\u0131s\u0131nda&#8221; yapt\u0131\u011f\u0131 konu\u015fmada \u015funlar\u0131 kaydetti:<\/p>\n<p style=\"text-align: justify;\"><strong>&#8220;ARADI\u011eIN \u00d6RG\u00dcT\u00dcN \u0130ZLER\u0130 \u0130\u00c7\u0130N DANI\u015eTAY 2. DA\u0130RES\u0130&#8217;NE G\u0130T&#8221;<\/strong><\/p>\n<p style=\"text-align: justify;\">&#8220;Biz milletle i\u015fbirli\u011fi yaparken muhalefet \u00e7etelerle i\u015fbirli\u011fi yapt\u0131. \u00c7amur \u00fcreterek milli iradeye y\u00f6n \u00e7izeceklerini zannettiler. Dan\u0131\u015ftay&#8217;\u0131n 2. Dairesi&#8217;ne git orada arad\u0131\u011f\u0131n \u00f6rg\u00fct\u00fcn izlerini bulursun. &#8220;Nerede o \u00f6rg\u00fct \u00fcye olaca\u011f\u0131m&#8221; diyor. Git ol orada i\u015fte. Eski genel ba\u015fkan Ergenekon avukat\u0131yd\u0131, yeni genel ba\u015fkan yetinmedi \u00fcye olmak isiyor.&#8221;<\/p>\n<p style=\"text-align: justify;\"><strong>T\u00dcRBAN KARARINA \u0130MZA ATAN DA\u0130RE<\/strong><\/p>\n<p style=\"text-align: justify;\">Dan\u0131\u015ftay 2. Dairesi tart\u0131\u015f\u0131lan t\u00fcrban karar\u0131na imza atm\u0131\u015ft\u0131. Daha sonra ise \u015fu anda Ergenekon ile birle\u015ftirilen Dan\u0131\u015ftay&#8217;a sald\u0131r\u0131 davas\u0131nda yarg\u0131lanan Alparslan AslanDan\u0131\u015ftay 2. Dairesi&#8217;ne sald\u0131r\u0131 d\u00fczenlemi\u015fti. Daire, 9 \u015eubat 2006&#8217;da okula geli\u015f gidi\u015flerinde t\u00fcrban takan bir \u00f6\u011fretmenin, anaokuluna m\u00fcd\u00fcr olmas\u0131n\u0131 sak\u0131ncal\u0131 bulan bir karara imza atm\u0131\u015ft\u0131. Daire Ba\u015fkan\u0131 Mustafa Birden bu karar\u0131n ard\u0131ndan s\u00fcrekli \u00f6l\u00fcm tehditleri al\u0131yordu.<\/p>\n<p style=\"text-align: justify;\">Karardan sonra Ba\u015fbakan Erdo\u011fan ele\u015ftiri y\u00fckl\u00fc ele\u015ftirilerde bulunmu\u015f baz\u0131 dinci gazeteler de Mutafa Birden ve daire \u00fcyesi yarg\u0131\u00e7lar\u0131n foto\u011fraflar\u0131n\u0131 yay\u0131nlam\u0131\u015ft\u0131. Dan\u0131\u015ftay Ba\u015fkan\u0131 Sumru \u00c7\u00f6rto\u011flu 10 May\u0131s g\u00fcn\u00fc yapt\u0131\u011f\u0131 konu\u015fmada bu konuya de\u011finmi\u015fti.<\/p>\n<p style=\"text-align: justify;\">Kimi kararlara kar\u015f\u0131 duyulan memnuniyetsizli\u011fin, ele\u015ftiri ve yorum s\u0131n\u0131rlar\u0131n\u0131 a\u015ft\u0131\u011f\u0131n\u0131 s\u00f6yleyen \u00c7\u00f6rto\u011flu, karara kat\u0131lan yarg\u0131 mensuplar\u0131n\u0131n ki\u015fisel bilgi ve foto\u011fraflar\u0131na gazete sayfalar\u0131nda yer verilmek suretiyle &#8216;y\u0131pratma, hatta hedef g\u00f6sterme&#8217; giri\u015fimine d\u00f6n\u00fc\u015ft\u00fcr\u00fcld\u00fc\u011f\u00fcn\u00fc ifade etmi\u015fti.<\/p>\n<p style=\"text-align: justify;\"><strong>ABD B\u00dcY\u00dcKEL\u00c7\u0130S\u0130 RICCIARDONE&#8217;YE TEPK\u0130<\/strong><\/p>\n<p style=\"text-align: justify;\">&#8221;Acaba Anayasa&#8217;da, anayasalarda medya patronlar\u0131n\u0131n, medya mensuplar\u0131n\u0131n dokulmaz oldu\u011funa dair bir h\u00fck\u00fcm var da bizim bundan haberimiz mi yok? Medya kurulu\u015flar\u0131 her \u015feyden muaf m\u0131d\u0131r, vergiden, her t\u00fcrl\u00fc su\u00e7tan muaf m\u0131d\u0131r, onlar sorgulanamaz m\u0131, yarg\u0131lanamaz m\u0131? Maalesef bu yaygaraya hi\u00e7 \u00fczerine vazife olmad\u0131\u011f\u0131 halde hari\u00e7ten birileri de inan\u0131yor ve g\u00f6r\u00fc\u015f bildiriyor. T\u00fcrkiye&#8217;yi tan\u0131maz, bilmez. Ne nedir? Hangi yasa var? Hi\u00e7 haberi olmaz. Orada hemen bir tuza\u011fa, tezgaha gelir, kalkar a\u00e7\u0131klama yapar. Dur ya \u00f6nce bir ara\u015ft\u0131r, sor nedir, yarg\u0131 burada ne yapacak, hangi neticeye varacak bunu bir \u00f6\u011fren, i\u015fte buna acemi el\u00e7ilik denir.&#8221;<\/p>\n<p style=\"text-align: justify;\"><strong>EYLEMLER SE\u00c7\u0130MLER\u0130 ETK\u0130LEMEK \u0130\u00c7\u0130N<\/strong><\/p>\n<p style=\"text-align: justify;\">&#8220;Se\u00e7ime 4 ay kala PKK ve onun uzant\u0131lar\u0131 yine ta\u015feronluk \u00fcstlenmi\u015f durumda. Yap\u0131lan eylemle se\u00e7imi etkilemek i\u00e7in yap\u0131l\u0131yor. Bunlar\u0131 zaten belirli tarihleri var, kendilerine g\u00f6re allay\u0131p pullay\u0131p g\u00fcya anma yap\u0131yorlar. K\u0131rarak, d\u00f6kerek, yakarak eylem yaparlar. Her se\u00e7im \u00f6ncesi ayn\u0131 \u015fey yap\u0131l\u0131yor. \u0130\u00e7 siyaseti y\u00f6nlendirmek, milleti korkutarak her se\u00e7im \u00f6ncesinde ter\u00f6r \u00f6rg\u00fct\u00fc ihale \u00fcstlenmi\u015ftir. Aziz milletim oynanan bu oyunu, bu \u00e7irkin senaryoyu l\u00fctfen iyi anlas\u0131n. Bu kirli oyunu biz bozduk, ama milletin deste\u011fiyle bozduk. Bug\u00fcnde bu se\u00e7imde \u00f6ncesinde de bu oyunu milletimizle beraber bozaca\u011f\u0131z. Bu millet de s\u00f6z de, hak da sadece millettedir. Egemensizlik kay\u0131ts\u0131z \u015farts\u0131z milletindir.&#8221;<\/p>\n<p style=\"text-align: justify;\"><strong>&#8220;BELGELERLE A\u00c7IKLAYACA\u011eIZ&#8221;<\/strong><\/p>\n<p style=\"text-align: justify;\">&#8220;CHP, BDP, MHP ortak bir s\u00f6ylem olu\u015fturarak T\u00fcrkiye sanki bir korku t\u00fcnelindeymi\u015f, korku imparatorlu\u011fu varm\u0131\u015f gibi koro halinde ayn\u0131 \u015feyi ifade ediyorlar. B\u00f6yle \u015feylerle kendi kitlelerini korkutmaya \u00e7al\u0131\u015f\u0131yorlar. Kendi ayaklar\u0131n\u0131n alt\u0131ndaki kilimlerin de kayaca\u011f\u0131ndan \u015f\u00fcphe ediyorlar. Bu kampanya bayat bir kampanyad\u0131r. Bu kampanya Adnan Menderes&#8217;e uygulanan bir kampanyad\u0131r. Biraz daha yol alal\u0131m, size belgelerle a\u00e7\u0131klayaca\u011f\u0131z. CHP o d\u00f6nemlerde neler yapm\u0131\u015f. 27 May\u0131s m\u00fcdahalesinin daha 2. g\u00fcn\u00fc kendisini arayanlara &#8220;\u00c7ok iyi bir i\u015f yapt\u0131n\u0131z, emrinizdeyim&#8221; diyerek alk\u0131\u015f tutmu\u015ftur. Yapt\u0131klar\u0131n\u0131 belgelerle a\u00e7\u0131klayaca\u011f\u0131z.&#8221;<\/p>\n<p style=\"text-align: justify;\"><strong>KORKU S\u0130YASET\u0130 CHP&#8217;N\u0130N GENLER\u0130NE \u0130\u015eLEM\u0130\u015e<\/strong><\/p>\n<p style=\"text-align: justify;\">&#8220;Bundan sonra millet iradesine kastetmeye \u00e7al\u0131\u015fanlar bizim dik duru\u015fumuz kar\u015f\u0131lar\u0131nda g\u00f6recekler. Ama\u00e7lar\u0131 hak ve \u00f6zg\u00fcrl\u00fckleri geli\u015ftirmek de\u011fildir. Darbe olunca alk\u0131\u015f tutan bu jakobenler darbe \u00f6ncesinde de darbe ko\u015fullar\u0131n\u0131n olu\u015fturulmas\u0131 i\u00e7in gayret g\u00f6stermektedirler. Sivil diktat\u00f6rl\u00fck, korku imparatorlu\u011fu medyaya bask\u0131 gibi kavramlar bug\u00fcn ortaya \u00e7\u0131kmad\u0131. Bunlar darbeci anlay\u0131\u015f\u0131d\u0131r. CHP\u2019nin \u00f6nceki genel ba\u015fkan\u0131 irtica \u00fczerinden korku siyaseti takip ediyordu. Korku siyaseti bu CHP\u2019nin genlerine i\u015flemi\u015ftir. Demokrasi i\u00e7inde m\u00fccadele edemeyenler, sand\u0131ktan medet umamaz soka\u011f\u0131, da\u011f\u0131 g\u00f6sterirler.&#8221;<\/p>\n<p style=\"text-align: justify;\"><strong>ODA TV BASKINI<\/strong><\/p>\n<p style=\"text-align: justify;\">&#8220;BDP&#8217;ye soruyorum: Orhan Miro\u011flu&#8217;na y\u00f6nelik teditler fa\u015fizm de\u011fil de nedir? ODA TV i\u00e7in bug\u00fcn yazan \u00e7izen sahip \u00e7\u0131kanlar, ayn\u0131 cesareti Orhan Miro\u011flu, Mehmet Metiner i\u00e7in kalemlerini k\u0131p\u0131rdatm\u0131yorlar. ODA TV&#8217;nin yarg\u0131lananlar\u0131 yaz\u0131lar\u0131ndan, d\u00fc\u015f\u00fcncelerinden de\u011fil ba\u015fka bir durumdan yarg\u0131 alt\u0131ndalar.&#8221;<\/p>\n<p style=\"text-align: justify;\"><strong>D\u0130KTAT\u00d6R G\u00d6RMEK \u0130ST\u0130YORSANIZ AYNAYA BAKIN<\/strong><\/p>\n<p style=\"text-align: justify;\">&#8220;K\u00fcrt k\u00f6kenli karde\u015fim de T\u00fcrk karde\u015fim nas\u0131l bir kirli oyun oynand\u0131\u011f\u0131n\u0131 biliyor. Mikrofon ba\u015f\u0131na ge\u00e7enler konu\u015fman\u0131n ba\u015f\u0131ndan sonuna kadar k\u00fcf\u00fcr ediyor. Ciddiyet yok. Bir yandan korku siyaseti diyorlar, bir yandan sistematik \u015fekilde hakareti benimsiyorlar. Bu \u00fclkenin bakanlar\u0131na, b\u00fcrokratlar\u0131na, ailelerine laf edeceksiniz sonra haktan hukuktan bahsediyorsunuz. &#8220;Burnunuzdan fitil fitil getirece\u011fiz&#8221; diye k\u00fclhanbeyi a\u011fz\u0131yla konu\u015fuyorsunuz sonra korku siyasetinden bahsediyorsunuz.  Diktat\u00f6r g\u00f6rmek istiyorsan\u0131z aynaya bak\u0131n beyler. M\u0131s\u0131r&#8217;\u0131 siz mi \u00f6rnek alacaks\u0131n\u0131z, biz mi alaca\u011f\u0131z.&#8221;<\/p>\n<p style=\"text-align: justify;\"><strong>CHP SE\u00c7\u0130MDEN UMUDUNU KEST\u0130<\/strong><\/p>\n<p style=\"text-align: justify;\">&#8220;K\u0131p\u0131rdayam\u0131yorsunuz yerinizden. O koltuklar\u0131n\u0131z makamlar\u0131n\u0131z\u0131 b\u0131rak\u0131p gidemediniz. Siz ne zaman sand\u0131klara kulak vereceksiniz, Biz samimiyetle s\u00f6yledik. Partimiz 2. parti olursa b\u0131rak\u0131r\u0131z dedik ama siz ne yapt\u0131n\u0131z? CHP, MHP ve BDP&#8217;lilerin korku ve dikta s\u00f6ylemlerini art\u0131rd\u0131lar.<\/p>\n<p style=\"text-align: justify;\">CHP se\u00e7imden tamamen umudu kesti. Kendi taban\u0131n\u0131 korkutarak \u00e7\u0131k\u0131\u015f yolu bulaca\u011f\u0131n\u0131 \u00fcmit ediyor. K\u0131l\u0131\u00e7daro\u011flu&#8217;na soruyorum: Sokak sokak direnme \u00e7a\u011fr\u0131s\u0131 yapan milletvekillerinizle ilgili nas\u0131l bir i\u015flem yapt\u0131n\u0131z? Bizi diktat\u00f6rl\u00fckle su\u00e7larken, genel ba\u015fkan\u0131n\u0131zla ilgili hangi i\u015flemi yapt\u0131n\u0131z. TSK&#8217;ya hakaret eden genel ba\u015fkan yard\u0131mc\u0131n\u0131zla ilgili ne yapt\u0131n\u0131z?&#8221;<\/p>\n<p style=\"text-align: justify;\"><strong>&#8220;D\u0130RENME \u00c7A\u011eRISI YAPAN VEK\u0130L \u0130\u00c7\u0130N NE YAPTIN?&#8221;<\/strong><\/p>\n<p style=\"text-align: justify;\">&#8220;K\u0131l\u0131\u00e7daro\u011flu&#8217;na soruyorum: Sokak sokak direnme \u00e7a\u011fr\u0131s\u0131 yapan milletvekillerinizle ilgili nas\u0131l bir i\u015flem yapt\u0131n\u0131z. Bizi diktat\u00f6rl\u00fckle su\u00e7larken, genel ba\u015fkan\u0131n\u0131zla ilgili hangi i\u015flemi yapt\u0131n\u0131z. TSK&#8217;ya hakaret eden genel ba\u015fkan yard\u0131mc\u0131n\u0131zla ilgili ne yapt\u0131n\u0131z? &#8216;Ka\u011f\u0131ttan kaplan&#8217; diyen genel ba\u015fkan\u0131n\u0131z i\u00e7in nas\u0131l bir tav\u0131r ald\u0131n\u0131z. Arap halklar\u0131n\u0131n kad\u0131nlar\u0131na hakaret eden vekillerinizle ilgili ne yapt\u0131n\u0131z? Karde\u015f Arap \u00fclkelerinin kad\u0131nlar\u0131na \u0131rk\u00e7\u0131 hakaret eden  milletvekiliniz ile ilgili hangi i\u015flemi yapt\u0131n\u0131z. Kad\u0131nlar konusunda hi\u00e7 bir ayr\u0131m i\u00e7inde olmay\u0131z. Bizim nezdimizde CHP&#8217;li, BDP&#8217;li, MHP&#8217;li kad\u0131n karde\u015flerimiz ayn\u0131d\u0131r.&#8221;<\/p>\n<p style=\"text-align: justify;\"><strong>MEDYA \u00d6ZG\u00dcR<\/strong><\/p>\n<p style=\"text-align: justify;\">&#8220;8 y\u0131l \u00f6nce hayali bile kurulamayan reformlar\u0131n yap\u0131ld\u0131\u011f\u0131 bir T\u00fcrkiye var. \u00d6zg\u00fcrl\u00fcklerin bask\u0131 alt\u0131nda oldu\u011funu s\u00f6yleyenler 8 y\u0131l \u00f6ncesini hat\u0131rlay\u0131n. Emirle, sipari\u015fle yaz\u0131 yazarlard\u0131 yazarlar. \u015eimdi serbest\u00e7e yaz\u0131yorlar. \u015eimdi \u00f6zg\u00fcrce ifade edebildi\u011fi bir T\u00fcrkiye olu\u015fturduk. 8 y\u0131ld\u0131r sesini k\u0131st\u0131\u011f\u0131m\u0131z tek bir yay\u0131n organ\u0131 yok, yasalar\u0131m\u0131z da buna m\u00fcsaade etmez. Yarg\u0131 karar\u0131yla yay\u0131n durduruluyorsa bunun bizimle ne ilgisi var.&#8221;<\/p>\n<p style=\"text-align: justify;\"><strong>O YORUMLARA &#8220;ACEM\u0130 EL\u00c7\u0130L\u0130K&#8221; DEN\u0130R<\/strong><\/p>\n<p style=\"text-align: justify;\">Yarg\u0131 karar\u0131 beklemeden yap\u0131lan yorumlara &#8216;acemi el\u00e7ilik&#8217; denir. Yarg\u0131 yoluyla yap\u0131lan araman\u0131n bizim h\u00fck\u00fcmetimizle ne ilgisi var. 8 y\u0131ld\u0131r i\u015fitmedi\u011fimiz hakaret kalmad\u0131. Yarg\u0131 bize yap\u0131lan hakaretlere, k\u00fcf\u00fcrlere &#8220;A\u011f\u0131r ele\u015ftiri&#8221; dedi.<\/p>\n<p style=\"text-align: justify;\"><strong>SANAL KORKULARA KAPILMAYIN<\/strong><\/p>\n<p style=\"text-align: justify;\">Korkular\u0131 bitirmenin \u00e7abas\u0131 i\u00e7indeyiz, herkesi mutlu etme \u00e7abas\u0131 i\u00e7indeyiz. Vatanda\u015flar\u0131m\u0131z\u0131n ya\u015fam tarz\u0131 bizim garantimiz alt\u0131nda. Biz \u00f6lece\u011fimizi her an akl\u0131m\u0131zda tutuyoruz ve kendi kendimizi hesaba \u00e7ekebiliyoruz. Halk\u0131ma sesleniyorum. CHP&#8217;li, MHP&#8217;li karde\u015flerimize sesleniyorum: Sanal korkulara kap\u0131lmay\u0131n. Bask\u0131, dikta, korku imparatorlu\u011fu bizim tarz\u0131m\u0131 ve siyasetimiz de\u011fildir. Ya\u015fam tarz\u0131n\u0131 tehlikede hisseden vatanda\u015flar\u0131ma sesleniyorum: Y\u00fcr\u00fct\u00fclen korku kampanyas\u0131na kanmay\u0131n. t\u00fcrkiye&#8217;yi, Ak Parti&#8217;yi vicdan terazisinde tart\u0131n diyorum.<\/p>\n<p style=\"text-align: justify;\"><strong>HAKARET YAZANLAR RAHAT OLSUN<\/strong><\/p>\n<p style=\"text-align: justify;\">Hakaret yaz\u0131lar\u0131n\u0131 yazanlar rahat olsun. 4 ay var. O zaman millet s\u00f6z\u00fcn\u00fc s\u00f6yleyecek. As\u0131l olan\u0131 millet,  sand\u0131kta m\u00fchr\u00fcn\u00fc basarak verecek. 8 y\u0131l boyunca s\u00f6z, karar, yetki ve egemenlik milletin dedik ve diyoruz. CHP yakla\u015fan se\u00e7imlerle birlikte pop\u00fclist vaatlerine h\u0131z verdi. Biz yoksullu\u011fu en yak\u0131ndan takip eden bir partiyiz. 8 y\u0131l boyunca 2 \u015fey yapt\u0131k. T\u00fcrkiye&#8217;yi b\u00fcy\u00fcterek, yoksullu\u011fu azaltmak \u00e7abas\u0131nda olduk. Biz bunlar\u0131 yaparken bize &#8220;Sadaka k\u00fclt\u00fcr\u00fc&#8221; yap\u0131yor dediler. Devletin yapt\u0131\u011f\u0131 sadaka vermek de\u011fildir. Olmas\u0131 gerekeni yap\u0131yor. Devlet fakiri aray\u0131p bulacak. Bunu yapt\u0131\u011f\u0131m\u0131z i\u00e7in ele\u015ftirildik. Bunu yapmak devletin i\u015fidir, yard\u0131m etmek devletin i\u015fidir. Muhalefet g\u00fcya bizi taklit ediyor. Bol keseden da\u011f\u0131t\u0131yorlar ama yanl\u0131\u015f yap\u0131yorlar.<\/p>\n<p style=\"text-align: justify;\"><strong>&#8220;KILI\u00c7DARO\u011eLU&#8217;NUN D\u00d6RT \u0130\u015eLEM SORUNU VAR&#8221;<\/strong><\/p>\n<p style=\"text-align: justify;\">Ben CHP Genel Ba\u015fkan\u0131&#8217;na kayna\u011f\u0131n ne diye sormuyorum, muhatab\u0131m da de\u011fil. Kaynaklar\u0131 belli. K\u0131l\u0131\u00e7daro\u011flu&#8217;nun ciddi bir d\u00f6rt i\u015flem sorunu var. Yapt\u0131\u011f\u0131 hesap \u015fu: T\u00fcrkiye&#8217;de 12 milyon yoksul var diyor. En az 600, 1250 en fazla maa\u015f ba\u011flayaca\u011f\u0131z diyor. Hesab\u0131m\u0131z\u0131 kitab\u0131m\u0131z yapt\u0131k diyor. Bu s\u00f6zler CHP Genel Ba\u015fkan\u0131&#8217;na ait. Yalan yanl\u0131\u015f rakamlarla halk\u0131n kar\u015f\u0131s\u0131na \u00e7\u0131k\u0131yorlar.<\/p>\n<p style=\"text-align: justify;\"><a href=\"http:\/\/www.gazeteport.com.tr\/SIYASET\/NEWS\/GP_855667\" target=\"_blank\"><span style=\"color: #888888;\">Kaynak : GAZETEPORT<\/span><\/a><\/p>\n","protected":false},"excerpt":{"rendered":"<p style=\"text-align: center;\">\n<p style=\"text-align: justify;\">Ba\u015fbakan Erdo\u011fan, partisinin Geni\u015fletilmi\u015f \u0130l Ba\u015fkanlar\u0131 Toplant\u0131s\u0131&#8217;nda, Ergenekon i\u00e7in &#8220;Neredeymi\u015f bu \u00f6rg\u00fct gidip \u00fcye olay\u0131m&#8221; diyen CHP lideri K\u0131l\u0131\u00e7daro\u011flu&#8217;na, &#8220;Dan\u0131\u015ftay&#8217;\u0131n 2. Dairesi&#8217;ne git orada arad\u0131\u011f\u0131n \u00f6rg\u00fct\u00fcn izlerini bulursun&#8221; dedi.<\/p>\n","protected":false},"author":1,"featured_media":0,"comment_status":"open","ping_status":"closed","sticky":false,"template":"","format":"standard","meta":{"footnotes":""},"categories":[105],"tags":[],"class_list":["post-28596","post","type-post","status-publish","format-standard","hentry","category-gundem","odd"],"_links":{"self":[{"href":"http:\/\/www.korhanyilmaz.com\/index.php?rest_route=\/wp\/v2\/posts\/28596","targetHints":{"allow":["GET"]}}],"collection":[{"href":"http:\/\/www.korhanyilmaz.com\/index.php?rest_route=\/wp\/v2\/posts"}],"about":[{"href":"http:\/\/www.korhanyilmaz.com\/index.php?rest_route=\/wp\/v2\/types\/post"}],"author":[{"embeddable":true,"href":"http:\/\/www.korhanyilmaz.com\/index.php?rest_route=\/wp\/v2\/users\/1"}],"replies":[{"embeddable":true,"href":"http:\/\/www.korhanyilmaz.com\/index.php?rest_route=%2Fwp%2Fv2%2Fcomments&post=28596"}],"version-history":[{"count":0,"href":"http:\/\/www.korhanyilmaz.com\/index.php?rest_route=\/wp\/v2\/posts\/28596\/revisions"}],"wp:attachment":[{"href":"http:\/\/www.korhanyilmaz.com\/index.php?rest_route=%2Fwp%2Fv2%2Fmedia&parent=28596"}],"wp:term":[{"taxonomy":"category","embeddable":true,"href":"http:\/\/www.korhanyilmaz.com\/index.php?rest_route=%2Fwp%2Fv2%2Fcategories&post=28596"},{"taxonomy":"post_tag","embeddable":true,"href":"http:\/\/www.korhanyilmaz.com\/index.php?rest_route=%2Fwp%2Fv2%2Ftags&post=28596"}],"curies":[{"name":"wp","href":"https:\/\/api.w.org\/{rel}","templated":true}]}}