{"id":28592,"date":"2011-02-18T13:38:41","date_gmt":"2011-02-18T11:38:41","guid":{"rendered":"http:\/\/www.korhanyilmaz.com\/?p=28592"},"modified":"2011-02-18T13:38:41","modified_gmt":"2011-02-18T11:38:41","slug":"ayim-kararini-tekrar-etti-terfi-ettirilmeliler","status":"publish","type":"post","link":"http:\/\/www.korhanyilmaz.com\/?p=28592","title":{"rendered":"AY\u0130M karar\u0131n\u0131 tekrar etti: &#8220;Terfi ettirilmeliler&#8221;"},"content":{"rendered":"<p style=\"text-align: justify;\"><a href=\"http:\/\/www.korhanyilmaz.com\/wp-content\/uploads\/2011\/02\/401.jpg\"  class=\"lightview\"><img loading=\"lazy\" decoding=\"async\" class=\"aligncenter size-full wp-image-28593\" src=\"http:\/\/www.korhanyilmaz.com\/wp-content\/uploads\/2011\/02\/401.jpg\" alt=\"\" width=\"292\" height=\"224\" \/><\/a><\/p>\n<p style=\"text-align: justify;\">Askeri Y\u00fcksek \u0130dare Mahkemesi (AY\u0130M), iki general ve bir amiralin &#8220;bir \u00fcst r\u00fctbeye terfi ettirilmeme i\u015fleminin iptali&#8221; istemini yerinde buldu\u011fu karar\u0131 hakk\u0131nda Ba\u015fbakanl\u0131k, \u0130\u00e7i\u015fleri ve Milli Savunma Bakanl\u0131klar\u0131n\u0131n d\u00fczeltme talebini reddetti, &#8220;Komutanlar terfi ettirilmeli&#8221; dedi.<!--more--><\/p>\n<p style=\"text-align: justify;\">T\u00fcmgeneral G\u00fcrb\u00fcz Kaya, Tu\u011famiral Abdullah Gavremo\u011flu ile Jandarma T\u00fcmgeneral Halil Helvac\u0131o\u011flu, &#8220;Y\u00fcksek Askeri \u015eura&#8217;n\u0131n 1-4 A\u011fustos 2010 tarihlerinde yapt\u0131\u011f\u0131 toplant\u0131da al\u0131nan terfi karar\u0131n\u0131n kendileri y\u00f6n\u00fcnden uygulanmamas\u0131 i\u015fleminin iptali&#8221; istemiyle dava a\u00e7m\u0131\u015flard\u0131.<\/p>\n<p style=\"text-align: justify;\">AY\u0130M Daireler Kurulu&#8217;nda 24 Aral\u0131k 2010 da yap\u0131lan g\u00f6r\u00fc\u015fmede oybirli\u011fiyle i\u015flemin iptaline karar verilmi\u015fti.<\/p>\n<p style=\"text-align: justify;\">AY\u0130M&#8217;in i\u015flemin iptaline ili\u015fkin gerek\u00e7eli karar\u0131nda, davac\u0131lar\u0131n bir \u00fcst r\u00fctbeye terfine kanunen bir engel bulunmad\u0131\u011f\u0131 belirtilerek, &#8220;Genelkurmay Ba\u015fkanl\u0131\u011f\u0131 taraf\u0131ndan, ilgili bakanl\u0131klar makam\u0131na teklif edilen terfi kararnamesinin imzalanmayarak, geri \u00e7evrilmesi ve bunun zorunlu sonucu olan bi r\u00fcst r\u00fctbeye terfi ettirilmeme i\u015fleminin hukuka ayk\u0131r\u0131 oldu\u011fu de\u011ferlendirilmi\u015ftir&#8221; denilmi\u015fti.<\/p>\n<p style=\"text-align: justify;\">Ba\u015fbakanl\u0131k, \u0130\u00e7i\u015fleri ve Milli Savunma Bakanl\u0131klar\u0131 AY\u0130M&#8217;in karar\u0131na itiraz ederek, karar\u0131n d\u00fczeltilmesini talep etmi\u015flerdi.<\/p>\n<p style=\"text-align: justify;\">Di\u011fer taraftan, 22 Kas\u0131m 2010 tarihinde Milli Savunma Bakanl\u0131\u011f\u0131 ve \u0130\u00e7i\u015fleri Bakanl\u0131\u011f\u0131 taraf\u0131ndan s\u00f6z konusu generaller ve amiral a\u00e7\u0131\u011fa \u00e7\u0131kar\u0131lm\u0131\u015flard\u0131.<\/p>\n<p style=\"text-align: justify;\">AY\u0130M, 3 Aral\u0131k 2010&#8217;da, komutanlar\u0131n a\u00e7\u0131\u011fa al\u0131nmas\u0131yla ilgilii\u015flemin y\u00fcr\u00fctmesinin durdurulmas\u0131 istemini ise oy \u00e7oklu\u011fuyla reddetmi\u015fti.<\/p>\n<p style=\"text-align: justify;\">AY\u0130M Daireler Kurulu&#8217;nda bug\u00fcn g\u00f6r\u00fc\u015f\u00fclen karar d\u00fczeltme talebi, oybirli\u011fiyle reddedildi.<\/p>\n<p style=\"text-align: justify;\">Konuya ili\u015fkin ba\u015fsavc\u0131l\u0131k g\u00f6r\u00fc\u015f\u00fcnde de &#8220;kararda d\u00fczeltilecek bir husus bulunmad\u0131\u011f\u0131&#8221; belirtilmi\u015fti. AY\u0130M Daireler Kurulu&#8217;nun 10 \u00fcyesinden 6&#8217;s\u0131, bu y\u0131l\u0131n ba\u015f\u0131nda de\u011fi\u015fmi\u015fti.<\/p>\n<p style=\"text-align: justify;\"><strong>Gerek\u00e7eli karar a\u00e7\u0131kland\u0131&#8230; <\/strong><\/p>\n<p style=\"text-align: justify;\">Karar\u0131n gerek\u00e7esinde, 1602 say\u0131l\u0131 Askeri Y\u00fcksek \u0130dare Mahkemesi Kanunu&#8217;nun 66&#8217;\u0131nc\u0131 maddesinde &#8220;karar\u0131n esas\u0131na etkisi olan iddia ve itirazlar\u0131n kararda kar\u015f\u0131lanmam\u0131\u015f olmas\u0131, bir ilamda birbirine ayk\u0131r\u0131 h\u00fck\u00fcmler bulunmas\u0131, karar\u0131n usul ve kanuna ayk\u0131r\u0131 bulunmas\u0131&#8221; sebeplerinin varl\u0131\u011f\u0131 halinde karar\u0131n d\u00fczeltilebilece\u011finin talep edilebilece\u011fi belirtildi.<\/p>\n<p style=\"text-align: justify;\">Yap\u0131lan incelemede, daval\u0131 dairelerce karar d\u00fczeltme dilek\u00e7elerinde ileri s\u00fcr\u00fclen hususlar\u0131n tamam\u0131n\u0131n d\u00fczeltilmesi istenilen kararda ayr\u0131nt\u0131l\u0131 bir \u015fekilde ele al\u0131n\u0131p de\u011ferlendirildi\u011fi ifade edilen kararda, &#8220;Karar d\u00fczeltme talebini i\u00e7eren dilek\u00e7ede karar\u0131n esas\u0131n\u0131 etkileyecek farkl\u0131 bir iddia ve itiraz\u0131n ileri s\u00fcr\u00fclmedi\u011fi, d\u00fczeltmeye konu karar\u0131n birbirine ayk\u0131r\u0131 h\u00fck\u00fcmler i\u00e7ermedi\u011fi, usulve hukuka ayk\u0131r\u0131 olmad\u0131\u011f\u0131 de\u011ferlendirildi\u011finden, daval\u0131 idarelerin karar\u0131n d\u00fczeltilmesi istemlerinin reddine oybirli\u011fi ile karar verildi&#8221; denildi.<\/p>\n<p style=\"text-align: justify;\">Kararda ba\u015fsavc\u0131l\u0131k g\u00f6r\u00fc\u015f\u00fcn\u00fcnde de &#8220;Karar\u0131n d\u00fczeltilmesi isteminin reddinin gerekece\u011fi&#8221; yolunda oldu\u011fu belirtildi.<\/p>\n<p style=\"text-align: justify;\"><a href=\"http:\/\/www.cnnturk.com\/2011\/turkiye\/02\/18\/ayim.kararini.tekrar.etti.terfi.ettirilmeliler\/607210.0\/index.html\" target=\"_blank\"><span style=\"color: #888888;\">CNN T\u00dcRK<\/span><\/a><\/p>\n","protected":false},"excerpt":{"rendered":"<p style=\"text-align: justify;\">\n<p style=\"text-align: justify;\">Askeri Y\u00fcksek \u0130dare Mahkemesi (AY\u0130M), iki general ve bir amiralin &#8220;bir \u00fcst r\u00fctbeye terfi ettirilmeme i\u015fleminin iptali&#8221; istemini yerinde buldu\u011fu karar\u0131 hakk\u0131nda Ba\u015fbakanl\u0131k, \u0130\u00e7i\u015fleri ve Milli Savunma Bakanl\u0131klar\u0131n\u0131n d\u00fczeltme talebini reddetti, &#8220;Komutanlar terfi ettirilmeli&#8221; dedi.<\/p>\n","protected":false},"author":1,"featured_media":0,"comment_status":"open","ping_status":"closed","sticky":false,"template":"","format":"standard","meta":{"footnotes":""},"categories":[105],"tags":[],"class_list":["post-28592","post","type-post","status-publish","format-standard","hentry","category-gundem","odd"],"_links":{"self":[{"href":"http:\/\/www.korhanyilmaz.com\/index.php?rest_route=\/wp\/v2\/posts\/28592","targetHints":{"allow":["GET"]}}],"collection":[{"href":"http:\/\/www.korhanyilmaz.com\/index.php?rest_route=\/wp\/v2\/posts"}],"about":[{"href":"http:\/\/www.korhanyilmaz.com\/index.php?rest_route=\/wp\/v2\/types\/post"}],"author":[{"embeddable":true,"href":"http:\/\/www.korhanyilmaz.com\/index.php?rest_route=\/wp\/v2\/users\/1"}],"replies":[{"embeddable":true,"href":"http:\/\/www.korhanyilmaz.com\/index.php?rest_route=%2Fwp%2Fv2%2Fcomments&post=28592"}],"version-history":[{"count":0,"href":"http:\/\/www.korhanyilmaz.com\/index.php?rest_route=\/wp\/v2\/posts\/28592\/revisions"}],"wp:attachment":[{"href":"http:\/\/www.korhanyilmaz.com\/index.php?rest_route=%2Fwp%2Fv2%2Fmedia&parent=28592"}],"wp:term":[{"taxonomy":"category","embeddable":true,"href":"http:\/\/www.korhanyilmaz.com\/index.php?rest_route=%2Fwp%2Fv2%2Fcategories&post=28592"},{"taxonomy":"post_tag","embeddable":true,"href":"http:\/\/www.korhanyilmaz.com\/index.php?rest_route=%2Fwp%2Fv2%2Ftags&post=28592"}],"curies":[{"name":"wp","href":"https:\/\/api.w.org\/{rel}","templated":true}]}}