{"id":28584,"date":"2011-02-18T09:25:43","date_gmt":"2011-02-18T07:25:43","guid":{"rendered":"http:\/\/www.korhanyilmaz.com\/?p=28584"},"modified":"2011-02-18T09:25:43","modified_gmt":"2011-02-18T07:25:43","slug":"savci-beyin-tecavuz-gecesi","status":"publish","type":"post","link":"http:\/\/www.korhanyilmaz.com\/?p=28584","title":{"rendered":"Savc\u0131 Bey&#8217;in tecav\u00fcz gecesi"},"content":{"rendered":"<p style=\"text-align: center;\"><a href=\"http:\/\/www.korhanyilmaz.com\/wp-content\/uploads\/2011\/02\/399.jpg\"  class=\"lightview\"><img loading=\"lazy\" decoding=\"async\" class=\"aligncenter size-full wp-image-28585\" src=\"http:\/\/www.korhanyilmaz.com\/wp-content\/uploads\/2011\/02\/399.jpg\" alt=\"\" width=\"336\" height=\"224\" \/><\/a><\/p>\n<p style=\"text-align: justify;\">B\u00fcy\u00fck\u00e7ekmece Adliyesi&#8217;nde g\u00f6revli savc\u0131 D.O.&#8217;nun, kendisiyle birlikte olmak istemeyen bir kad\u0131na tecav\u00fcz giri\u015fiminde bulundu\u011fu iddia edildi. Ba\u015fsavc\u0131l\u0131k, inceleme ba\u015flatt\u0131.<\/p>\n<p style=\"text-align: justify;\">B\u00fcy\u00fck\u00e7ekmece, ge\u00e7en hafta bir savc\u0131n\u0131n &#8216;tecav\u00fcz giri\u015fimi&#8217; iddias\u0131yla sars\u0131ld\u0131. Beylikd\u00fcz\u00fc, Bizimkent Sitesi&#8217;nde ya\u015fanan olay, iddialara g\u00f6re \u015f\u00f6yle geli\u015fti: <!--more--><\/p>\n<p style=\"text-align: justify;\"><strong>HAKKINDA \u0130\u015eLEM YAPILDI<\/strong><\/p>\n<p style=\"text-align: justify;\">Site sakinleri gece ge\u00e7 saatte apartmanda kavga edildi\u011fi gerek\u00e7esiyle \u0130l\u00e7e Emniyet M\u00fcd\u00fcrl\u00fc\u011f\u00fc&#8217;ne \u015fikayette bulundu. Olay yerine gelen polis, dairenin kap\u0131s\u0131n\u0131 a\u00e7an 28 ya\u015f\u0131ndaki L.A. isimli kad\u0131n\u0131n darp edildi\u011fini g\u00f6rd\u00fc. Sald\u0131rgan oldu\u011fu belirtilen ki\u015fi ise &#8216;Ben B\u00fcy\u00fck\u00e7ekmece savc\u0131s\u0131 D.O&#8217;yum. \u00c7\u0131k\u0131n buradan&#8217; dedi. Kimlik kontrol\u00fc yapan polis, B\u00fcy\u00fck\u00e7ekmece Adliyesi&#8217;ni arayarak durumu n\u00f6bet\u00e7i cumhuriyet savc\u0131s\u0131na bildirdi. N\u00f6bet\u00e7i savc\u0131 &#8216;Tutanak tutun&#8217; talimat\u0131 verince savc\u0131 D.O., karakola g\u00f6t\u00fcr\u00fclerek i\u015flem yap\u0131ld\u0131. Savc\u0131, iki g\u00fcnl\u00fck iznin ard\u0131ndan g\u00f6revinin ba\u015f\u0131na d\u00f6nd\u00fc.<\/p>\n<p style=\"text-align: justify;\">L.A., polis ifadesinde D.O. ile arkada\u015f ortam\u0131nda tan\u0131\u015ft\u0131\u011f\u0131n\u0131 belirterek \u015funlar\u0131 s\u00f6yledi: Bir, iki kez yemek yedik. Olay gecesi D.O. \u00e7ok sarho\u015ftu. Bizimkent&#8217;teki daireye gittik. Sonra, benimle birlikte olmak istedi. Kar\u015f\u0131 \u00e7\u0131k\u0131nca sinirlendi, tecav\u00fcz etmek istedi. Direnince de evdeki laptopu kafamda k\u0131rd\u0131. Polis gelmeseydi daha da k\u00f6t\u00fc \u015feyler olabilirdi.&#8217;<\/p>\n<p style=\"text-align: justify;\"><strong>DOSYASI BAKANLI\u011eA G\u0130TT\u0130<\/strong><\/p>\n<p style=\"text-align: justify;\">Hakk\u0131nda daha \u00f6nce 20&#8217;nin \u00fcst\u00fcnde \u015fikayet dilek\u00e7esi verilen savc\u0131 D.O.&#8217;nun son vukuat\u0131na B\u00fcy\u00fck\u00e7ekmece Cumhuriyet Ba\u015fsavc\u0131s\u0131 \u0130brahim Ethem Dikmen el koydu. L.A.&#8217;n\u0131n ifadesini bizzat alan Dikmen, D.O.&#8217;nun da bilgisine ba\u015fvurdu. \u0130ncelemelerin ard\u0131ndan haz\u0131rlanan dosya, Adalet Bakanl\u0131\u011f\u0131&#8217;na g\u00f6nderildi.<\/p>\n<p style=\"text-align: justify;\"><strong>\u0130ki ayda iki skandal<\/strong><\/p>\n<p style=\"text-align: justify;\">B\u00fcy\u00fck\u00e7ekmece Adliyesi&#8217;nde ge\u00e7ti\u011fimiz g\u00fcnlerde de 2&#8217;nci Asliye Hakimi \u0130.K. hakk\u0131nda da sahte silah ruhsat\u0131 \u015febekesiyle i\u015fbirli\u011fi yapt\u0131\u011f\u0131 gerek\u00e7esiyle hakk\u0131nda inceleme ba\u015flat\u0131lm\u0131\u015ft\u0131. M\u00fcfetti\u015fler taraf\u0131ndan ifadesi al\u0131nan hakim \u0130.K., emekliye ayr\u0131lm\u0131\u015ft\u0131. B\u00fcy\u00fck\u00e7ekmece Cumhuriyet Savc\u0131s\u0131 D.O. da yak\u0131n \u00e7evresine emekliye ayr\u0131laca\u011f\u0131n\u0131 s\u00f6yledi\u011fi \u00f6\u011frenildi.<\/p>\n<p style=\"text-align: justify;\"><a href=\"http:\/\/www.aksam.com.tr\/savci-beyin-tecavuz-gecesi--20896h.html\" target=\"_blank\"><span style=\"color: #888888;\">Kaynak : Ercan \u00d6zt\u00fcrk &#8211; Ak\u015fam<\/span><\/a><\/p>\n","protected":false},"excerpt":{"rendered":"<p style=\"text-align: center;\">\n<p style=\"text-align: justify;\">B\u00fcy\u00fck\u00e7ekmece Adliyesi&#8217;nde g\u00f6revli savc\u0131 D.O.&#8217;nun, kendisiyle birlikte olmak istemeyen bir kad\u0131na tecav\u00fcz giri\u015fiminde bulundu\u011fu iddia edildi. Ba\u015fsavc\u0131l\u0131k, inceleme ba\u015flatt\u0131.<\/p>\n<p style=\"text-align: justify;\">B\u00fcy\u00fck\u00e7ekmece, ge\u00e7en hafta bir savc\u0131n\u0131n &#8216;tecav\u00fcz giri\u015fimi&#8217; iddias\u0131yla sars\u0131ld\u0131. Beylikd\u00fcz\u00fc, Bizimkent Sitesi&#8217;nde ya\u015fanan olay, iddialara g\u00f6re \u015f\u00f6yle geli\u015fti: <\/p>\n","protected":false},"author":1,"featured_media":0,"comment_status":"open","ping_status":"closed","sticky":false,"template":"","format":"standard","meta":{"footnotes":""},"categories":[105],"tags":[],"class_list":["post-28584","post","type-post","status-publish","format-standard","hentry","category-gundem","odd"],"_links":{"self":[{"href":"http:\/\/www.korhanyilmaz.com\/index.php?rest_route=\/wp\/v2\/posts\/28584","targetHints":{"allow":["GET"]}}],"collection":[{"href":"http:\/\/www.korhanyilmaz.com\/index.php?rest_route=\/wp\/v2\/posts"}],"about":[{"href":"http:\/\/www.korhanyilmaz.com\/index.php?rest_route=\/wp\/v2\/types\/post"}],"author":[{"embeddable":true,"href":"http:\/\/www.korhanyilmaz.com\/index.php?rest_route=\/wp\/v2\/users\/1"}],"replies":[{"embeddable":true,"href":"http:\/\/www.korhanyilmaz.com\/index.php?rest_route=%2Fwp%2Fv2%2Fcomments&post=28584"}],"version-history":[{"count":0,"href":"http:\/\/www.korhanyilmaz.com\/index.php?rest_route=\/wp\/v2\/posts\/28584\/revisions"}],"wp:attachment":[{"href":"http:\/\/www.korhanyilmaz.com\/index.php?rest_route=%2Fwp%2Fv2%2Fmedia&parent=28584"}],"wp:term":[{"taxonomy":"category","embeddable":true,"href":"http:\/\/www.korhanyilmaz.com\/index.php?rest_route=%2Fwp%2Fv2%2Fcategories&post=28584"},{"taxonomy":"post_tag","embeddable":true,"href":"http:\/\/www.korhanyilmaz.com\/index.php?rest_route=%2Fwp%2Fv2%2Ftags&post=28584"}],"curies":[{"name":"wp","href":"https:\/\/api.w.org\/{rel}","templated":true}]}}