{"id":28580,"date":"2011-02-18T08:52:18","date_gmt":"2011-02-18T06:52:18","guid":{"rendered":"http:\/\/www.korhanyilmaz.com\/?p=28580"},"modified":"2011-02-18T08:52:18","modified_gmt":"2011-02-18T06:52:18","slug":"soner-yalcin-ile-2-yonetici-tutuklandi","status":"publish","type":"post","link":"http:\/\/www.korhanyilmaz.com\/?p=28580","title":{"rendered":"Soner Yal\u00e7\u0131n ile 2 y\u00f6netici tutukland\u0131"},"content":{"rendered":"<p style=\"text-align: center;\"><a href=\"http:\/\/www.korhanyilmaz.com\/wp-content\/uploads\/2011\/02\/398.jpg\"  class=\"lightview\"><img loading=\"lazy\" decoding=\"async\" class=\"aligncenter size-full wp-image-28581\" src=\"http:\/\/www.korhanyilmaz.com\/wp-content\/uploads\/2011\/02\/398.jpg\" alt=\"\" width=\"307\" height=\"236\" \/><\/a><\/p>\n<p style=\"text-align: justify;\">&#8220;Ergenekon&#8221; soru\u015fturmas\u0131 kapsam\u0131nda g\u00f6zalt\u0131na al\u0131nan Odatv&#8217;nin y\u00f6neticisi gazeteci Soner Yal\u00e7\u0131n, Odatv Genel Yay\u0131n Y\u00f6netmeni Bar\u0131\u015f Pehlivan ve Haber M\u00fcd\u00fcr\u00fc Bar\u0131\u015f Terko\u011flu tutukland\u0131. Ayhan Bozkurt ise serbest b\u0131rak\u0131ld\u0131. CHP lideri K\u0131l\u0131\u00e7daro\u011flu ise geli\u015fmeyi, &#8220;Niye \u015fa\u015f\u0131rd\u0131n\u0131z? Buras\u0131 T\u00fcrkiye&#8221; diye yorumlad\u0131. <!--more--><\/p>\n<p style=\"text-align: justify;\">G\u00f6zalt\u0131 s\u00fcresi d\u00fcn dolan Soner Yal\u00e7\u0131n ile birlikte Odatv&#8217;nin 3 y\u00f6neticisi sabah saatlerinde Be\u015fikta\u015f&#8217;taki \u0130stanbul Adliyesi&#8217;ne g\u00f6t\u00fcr\u00fclm\u00fc\u015ft\u00fc.<\/p>\n<p style=\"text-align: justify;\">Sa\u011fl\u0131k kontrol\u00fcnden ge\u00e7irilen \u015f\u00fcpheliler daha sonra &#8220;Ergenekon&#8221; savc\u0131lar\u0131na ifade verdi.<\/p>\n<p style=\"text-align: justify;\">Odatv Genel Yay\u0131n Y\u00f6netmeni Bar\u0131\u015f Pehlivan ve Haber M\u00fcd\u00fcr\u00fc Bar\u0131\u015f Terko\u011flu ve Soner Yal\u00e7\u0131n, savc\u0131l\u0131ktaki sorgular\u0131n\u0131n ard\u0131ndan ge\u00e7 saatlerde tutuklama istemiyle \u0130stanbul N\u00f6bet\u00e7i 12. A\u011f\u0131r Ceza Mahkemesi&#8217;ne sevk edildi.<\/p>\n<p style=\"text-align: justify;\">N\u00f6bet\u00e7i 12. A\u011f\u0131r Ceza Mahkemesi&#8217;ne sevk edilen Yal\u00e7\u0131n, Pehlivan ve Terko\u011flu&#8217;nun mahkemedeki sorgular\u0131 da yakla\u015f\u0131k 4 saat s\u00fcrd\u00fc.<\/p>\n<p style=\"text-align: justify;\">Sorgular\u0131n\u0131n tamamlanmas\u0131n\u0131n ard\u0131ndan mahkeme, &#8220;ter\u00f6r \u00f6rg\u00fct\u00fcne \u00fcye olmak&#8221;, &#8220;devletin g\u00fcvenli\u011fine ait gizli belgeleri temin etmek ve yay\u0131nlamak&#8221;, &#8220;halk\u0131 kin ve d\u00fc\u015fmanl\u0131\u011fa tahrik etmek&#8221; su\u00e7lamas\u0131yla bu 3 ki\u015fiyi tutuklad\u0131. Tutuklanan 3 zanl\u0131 Metris Cezaevi&#8217;ne g\u00f6nderildi.<\/p>\n<p style=\"text-align: justify;\">Bu ki\u015filerle birlikte adliyeye sevk edilen edit\u00f6r Ayhan Bozkurt, savc\u0131l\u0131k sorgusunun ard\u0131ndan daha \u00f6nce serbest b\u0131rak\u0131lm\u0131\u015ft\u0131.<\/p>\n<p style=\"text-align: justify;\"><strong>K\u0131l\u0131\u00e7daro\u011flu: &#8220;\u015ea\u015f\u0131rmay\u0131n buras\u0131 T\u00fcrkiye&#8221; <\/strong><\/p>\n<p style=\"text-align: justify;\">CHP lideri Kemal K\u0131l\u0131\u00e7daro\u011flu, bu sabah D\u00fczce&#8217;ye hareketinden \u00f6nce, Genel Merkez \u00f6n\u00fcnde gazetecilerin sorular\u0131n\u0131 yan\u0131tlad\u0131.<\/p>\n<p style=\"text-align: justify;\">K\u0131l\u0131\u00e7daro\u011flu, gazeteci Soner Yal\u00e7\u0131n&#8217;\u0131n tutuklanmas\u0131 ile ilgili olarak, &#8220;Say\u0131n Soner Yal\u00e7\u0131n&#8217;\u0131n tutuklanmas\u0131na niye \u015fa\u015f\u0131r\u0131yorsunuz arkada\u015flar, \u015fa\u015f\u0131rmay\u0131n, buras\u0131 T\u00fcrkiye. Davan\u0131n savc\u0131s\u0131 belli, yarg\u0131\u00e7lar\u0131 belli, hangi mahkemeye \u00e7\u0131kar\u0131laca\u011f\u0131 belli. Bunu sa\u011fduyusu olan her yurtta\u015f gayet iyi biliyor&#8221; dedi.<\/p>\n<p style=\"text-align: justify;\"><a href=\"http:\/\/www.cnnturk.com\/2011\/turkiye\/02\/18\/soner.yalcin.ile.2.yonetici.tutuklandi\/607127.0\/index.html\" target=\"_blank\"><span style=\"color: #888888;\">CNN T\u00dcRK<\/span><\/a><\/p>\n","protected":false},"excerpt":{"rendered":"<p style=\"text-align: center;\">\n<p style=\"text-align: justify;\">&#8220;Ergenekon&#8221; soru\u015fturmas\u0131 kapsam\u0131nda g\u00f6zalt\u0131na al\u0131nan Odatv&#8217;nin y\u00f6neticisi gazeteci Soner Yal\u00e7\u0131n, Odatv Genel Yay\u0131n Y\u00f6netmeni Bar\u0131\u015f Pehlivan ve Haber M\u00fcd\u00fcr\u00fc Bar\u0131\u015f Terko\u011flu tutukland\u0131. Ayhan Bozkurt ise serbest b\u0131rak\u0131ld\u0131. CHP lideri K\u0131l\u0131\u00e7daro\u011flu ise geli\u015fmeyi, &#8220;Niye \u015fa\u015f\u0131rd\u0131n\u0131z? Buras\u0131 T\u00fcrkiye&#8221; diye yorumlad\u0131. <\/p>\n","protected":false},"author":1,"featured_media":0,"comment_status":"open","ping_status":"closed","sticky":false,"template":"","format":"standard","meta":{"footnotes":""},"categories":[105],"tags":[],"class_list":["post-28580","post","type-post","status-publish","format-standard","hentry","category-gundem","odd"],"_links":{"self":[{"href":"http:\/\/www.korhanyilmaz.com\/index.php?rest_route=\/wp\/v2\/posts\/28580","targetHints":{"allow":["GET"]}}],"collection":[{"href":"http:\/\/www.korhanyilmaz.com\/index.php?rest_route=\/wp\/v2\/posts"}],"about":[{"href":"http:\/\/www.korhanyilmaz.com\/index.php?rest_route=\/wp\/v2\/types\/post"}],"author":[{"embeddable":true,"href":"http:\/\/www.korhanyilmaz.com\/index.php?rest_route=\/wp\/v2\/users\/1"}],"replies":[{"embeddable":true,"href":"http:\/\/www.korhanyilmaz.com\/index.php?rest_route=%2Fwp%2Fv2%2Fcomments&post=28580"}],"version-history":[{"count":0,"href":"http:\/\/www.korhanyilmaz.com\/index.php?rest_route=\/wp\/v2\/posts\/28580\/revisions"}],"wp:attachment":[{"href":"http:\/\/www.korhanyilmaz.com\/index.php?rest_route=%2Fwp%2Fv2%2Fmedia&parent=28580"}],"wp:term":[{"taxonomy":"category","embeddable":true,"href":"http:\/\/www.korhanyilmaz.com\/index.php?rest_route=%2Fwp%2Fv2%2Fcategories&post=28580"},{"taxonomy":"post_tag","embeddable":true,"href":"http:\/\/www.korhanyilmaz.com\/index.php?rest_route=%2Fwp%2Fv2%2Ftags&post=28580"}],"curies":[{"name":"wp","href":"https:\/\/api.w.org\/{rel}","templated":true}]}}