{"id":28577,"date":"2011-02-18T10:16:27","date_gmt":"2011-02-18T08:16:27","guid":{"rendered":"http:\/\/www.korhanyilmaz.com\/?p=28577"},"modified":"2011-02-18T10:16:27","modified_gmt":"2011-02-18T08:16:27","slug":"chpye-gecen-sanatcinin-konserine-iptal","status":"publish","type":"post","link":"http:\/\/www.korhanyilmaz.com\/?p=28577","title":{"rendered":"CHP&#8217;ye ge\u00e7en sanat\u00e7\u0131n\u0131n konserine iptal!"},"content":{"rendered":"<p style=\"text-align: justify;\"><a href=\"http:\/\/www.korhanyilmaz.com\/wp-content\/uploads\/2011\/02\/397.jpg\"  class=\"lightview\"><img loading=\"lazy\" decoding=\"async\" class=\"aligncenter size-full wp-image-28578\" src=\"http:\/\/www.korhanyilmaz.com\/wp-content\/uploads\/2011\/02\/397.jpg\" alt=\"\" width=\"292\" height=\"224\" \/><\/a><\/p>\n<p style=\"text-align: justify;\">T\u00fcrk Halk M\u00fczi\u011fi sanat\u00e7\u0131s\u0131 Sabahat Akkiraz&#8217;\u0131n Kars Belediyesi taraf\u0131ndan 4-10 Mart tarihleri aras\u0131nda d\u00fczenleyece\u011fi K\u00fclt\u00fcr ve Sanat Festivali&#8217;nde konser vermesi i\u00e7in yapt\u0131\u011f\u0131 anla\u015fmay\u0131 CHP&#8217;ye ge\u00e7ti\u011fi i\u00e7in iptal edildi\u011fi ileri s\u00fcr\u00fcld\u00fc. <!--more--><\/p>\n<p style=\"text-align: justify;\">Sabahat Akkiraz&#8217;\u0131n karde\u015fi ve dan\u0131\u015fman\u0131 Hasan Akkiraz, bu konserinin CHP&#8217;ye ge\u00e7ip rozet takt\u0131\u011f\u0131 i\u00e7in AK Partili belediye taraf\u0131ndan iptal edildi\u011fini a\u00e7\u0131klad\u0131.<\/p>\n<p style=\"text-align: justify;\">Hasan Akkiraz, &#8220;Aral\u0131k ay\u0131 ba\u015f\u0131nda arac\u0131 kurum bize Kars&#8217;ta yap\u0131lacak festivalle ilgili bir teklif sundu. Kabul ettik ve 5 Mart g\u00fcn\u00fc i\u00e7in anla\u015ft\u0131k. Kars belediyesi yay\u0131nlad\u0131\u011f\u0131 bas\u0131n b\u00fclteninde Sabahat Akkiraz&#8217;\u0131n ismine yer verdi. Sabahat Akkiraz 1 \u015eubat&#8217;ta CHP \u00fcyesi olup rozet tak\u0131nca belediye meclisinde bir rahats\u0131zl\u0131k olmu\u015f. Bunun \u00fczerine konser iptal edildi&#8221; dedi.<\/p>\n<p style=\"text-align: justify;\">Kars Belediyesi \u00d6zel Kalem M\u00fcd\u00fcrl\u00fc\u011f\u00fc ise Sabahat Akkiraz ile hi\u00e7bir \u015fekilde anla\u015fma yap\u0131lmad\u0131\u011f\u0131n\u0131 iddia etti.<\/p>\n<p style=\"text-align: justify;\"><a href=\"http:\/\/www.cnnturk.com\/2011\/turkiye\/02\/18\/chpye.gecen.sanatcinin.konserine.iptal\/607281.0\/index.html\" target=\"_blank\"><span style=\"color: #888888;\">Kaynak : CNN T\u00dcRK<\/span><\/a><\/p>\n","protected":false},"excerpt":{"rendered":"<p style=\"text-align: justify;\">\n<p style=\"text-align: justify;\">T\u00fcrk Halk M\u00fczi\u011fi sanat\u00e7\u0131s\u0131 Sabahat Akkiraz&#8217;\u0131n Kars Belediyesi taraf\u0131ndan 4-10 Mart tarihleri aras\u0131nda d\u00fczenleyece\u011fi K\u00fclt\u00fcr ve Sanat Festivali&#8217;nde konser vermesi i\u00e7in yapt\u0131\u011f\u0131 anla\u015fmay\u0131 CHP&#8217;ye ge\u00e7ti\u011fi i\u00e7in iptal edildi\u011fi ileri s\u00fcr\u00fcld\u00fc. <\/p>\n","protected":false},"author":1,"featured_media":0,"comment_status":"open","ping_status":"closed","sticky":false,"template":"","format":"standard","meta":{"footnotes":""},"categories":[105],"tags":[],"class_list":["post-28577","post","type-post","status-publish","format-standard","hentry","category-gundem","odd"],"_links":{"self":[{"href":"http:\/\/www.korhanyilmaz.com\/index.php?rest_route=\/wp\/v2\/posts\/28577","targetHints":{"allow":["GET"]}}],"collection":[{"href":"http:\/\/www.korhanyilmaz.com\/index.php?rest_route=\/wp\/v2\/posts"}],"about":[{"href":"http:\/\/www.korhanyilmaz.com\/index.php?rest_route=\/wp\/v2\/types\/post"}],"author":[{"embeddable":true,"href":"http:\/\/www.korhanyilmaz.com\/index.php?rest_route=\/wp\/v2\/users\/1"}],"replies":[{"embeddable":true,"href":"http:\/\/www.korhanyilmaz.com\/index.php?rest_route=%2Fwp%2Fv2%2Fcomments&post=28577"}],"version-history":[{"count":0,"href":"http:\/\/www.korhanyilmaz.com\/index.php?rest_route=\/wp\/v2\/posts\/28577\/revisions"}],"wp:attachment":[{"href":"http:\/\/www.korhanyilmaz.com\/index.php?rest_route=%2Fwp%2Fv2%2Fmedia&parent=28577"}],"wp:term":[{"taxonomy":"category","embeddable":true,"href":"http:\/\/www.korhanyilmaz.com\/index.php?rest_route=%2Fwp%2Fv2%2Fcategories&post=28577"},{"taxonomy":"post_tag","embeddable":true,"href":"http:\/\/www.korhanyilmaz.com\/index.php?rest_route=%2Fwp%2Fv2%2Ftags&post=28577"}],"curies":[{"name":"wp","href":"https:\/\/api.w.org\/{rel}","templated":true}]}}