{"id":28573,"date":"2011-02-17T15:22:56","date_gmt":"2011-02-17T13:22:56","guid":{"rendered":"http:\/\/www.korhanyilmaz.com\/?p=28573"},"modified":"2011-02-17T15:22:56","modified_gmt":"2011-02-17T13:22:56","slug":"selasini-banta-kaydetti-olumunun-ardindan-yayinlatti","status":"publish","type":"post","link":"http:\/\/www.korhanyilmaz.com\/?p=28573","title":{"rendered":"Selas\u0131n\u0131 banta kaydetti, \u00f6l\u00fcm\u00fcn\u00fcn ard\u0131ndan yay\u0131nlatt\u0131"},"content":{"rendered":"<p style=\"text-align: justify;\"><a href=\"http:\/\/www.korhanyilmaz.com\/wp-content\/uploads\/2011\/02\/396.jpg\"  class=\"lightview\"><img loading=\"lazy\" decoding=\"async\" class=\"aligncenter size-full wp-image-28574\" src=\"http:\/\/www.korhanyilmaz.com\/wp-content\/uploads\/2011\/02\/396.jpg\" alt=\"\" width=\"258\" height=\"206\" \/><\/a><\/p>\n<p style=\"text-align: justify;\">TRABZON\u2019un Tonya il\u00e7esinde hayat\u0131n\u0131 kaybeden 88 ya\u015f\u0131ndaki emekli imam Mehmet Ali \u00d6ner\u2019in, \u00f6lmeden 1 hafta \u00f6nce kendi sesiyle okuyarak banta kaydetti\u011fi selas\u0131 ve \u00f6l\u00fcm ilan\u0131, vefat\u0131n\u0131n ard\u0131ndan cami hoparl\u00f6r\u00fcnden yay\u0131nland\u0131. <!--more--><\/p>\n<p style=\"text-align: justify;\">B\u00fcy\u00fckmahalle\u2019de ya\u015fayan emekli imam Mehmet Ali \u00d6ner, Siroz hastal\u0131\u011f\u0131na yakaland\u0131. \u00d6ner bunun \u00fczerine kendi sesiyle selas\u0131n\u0131 ve \u00f6l\u00fcm ilan\u0131n\u0131 bir banta kaydetti, bant\u0131 da \u00f6l\u00fcm\u00fcn\u00fcn ard\u0131ndan emekli oldu\u011fu Tomasl\u0131 Cami\u2019nin hoparl\u00f6r\u00fcnden okunmas\u0131n\u0131 vasiyet ederek \u00e7ocuklar\u0131na verdi. \u0130mam\u0131n hayat\u0131n\u0131 kaybetmesinin ard\u0131ndan \u00e7ocuklar\u0131 bant kayd\u0131n\u0131 cami hoparl\u00f6rlerinden mahalle sakinlerine duyurdu.<\/p>\n<p style=\"text-align: justify;\">Kalkuzo\u011flu Mehmet Ali Hoca olarak bilinen imam \u00d6ner, kasette sela okumas\u0131n\u0131n ard\u0131ndan, &#8220;Bu bir \u00f6l\u00fcm ilan\u0131d\u0131r. Ben Tonya\u2019n\u0131n B\u00fcy\u00fckmahallesi\u2019nden Kalkuzo\u011flu Mehmet Ali Hoca. \u015eu anda fani hayat\u0131m sona ermi\u015ftir. Y\u00fcce yaratan\u0131n bol rahmetine kavu\u015fmu\u015f bulunuyorum. Varislerim o\u011fullar\u0131m; Kemal \u00d6ner, Adnan \u00d6ner, Min\u00fcr \u00d6ner. Ye\u011fenlerim Ahmet \u00d6ner, Mustafa \u00d6ner ve o\u011fullar\u0131&#8221; dedi.<\/p>\n<p style=\"text-align: justify;\">\u00d6ner\u2019in 46 ya\u015f\u0131ndaki o\u011flu Adnan \u00d6ner, babas\u0131n\u0131n k\u00f6yde \u00e7ok sevildi\u011fini ve say\u0131ld\u0131\u011f\u0131n\u0131 belirterek, &#8220;Bizi bir araya toplad\u0131, \u00f6lmeden \u00f6nce vasiyet etti. \u2019Kaseti ben \u00f6ld\u00fc\u011f\u00fcmde emekli oldu\u011fum camiden anons yapt\u0131r\u0131n\u2019 dedi. Biz de babam\u0131n son iste\u011fini yerine getirerek kaseti cami hoparl\u00f6r\u00fcnden duyurduk. Duyanlar \u00e7ok \u015fa\u015f\u0131rd\u0131. Allah rahmet eylesin, babam \u00e7ok derin bir adamd\u0131&#8221; dedi. \u00d6ner, babas\u0131n\u0131n vefat\u0131 sonras\u0131nda B\u00fcy\u00fckmahalle Camii\u2019nde k\u0131l\u0131nan cenaze namaz\u0131n\u0131n ard\u0131ndan 1996 y\u0131l\u0131nda kendi gibi Siroz hastal\u0131\u011f\u0131ndan ya\u015fam\u0131n\u0131 yitiren e\u015fi 65 ya\u015f\u0131ndaki Fatma \u00d6ner\u2019in yan\u0131na defnedildi\u011fini s\u00f6yledi.<\/p>\n<p style=\"text-align: justify;\"><span style=\"background-color: #ffffff; color: #993300;\"><strong>O Ses kayd\u0131 : <\/strong><\/span><\/p>\n<p style=\"text-align: justify;\">[flv]http:\/\/milliyet.cubecdn.net\/2011\/02\/17\/48045.flv[\/flv]<\/p>\n<p style=\"text-align: justify;\"><a href=\"http:\/\/www.milliyet.com.tr\/selasini-banta-kaydetti-olumunun-ardindan-yayinlatti\/turkiye\/sondakika\/17.02.2011\/1353570\/default.htm\" target=\"_blank\"><span style=\"color: #808080;\">Kaynak : Milliyet<\/span><\/a><\/p>\n","protected":false},"excerpt":{"rendered":"<p style=\"text-align: justify;\">\n<p style=\"text-align: justify;\">TRABZON\u2019un Tonya il\u00e7esinde hayat\u0131n\u0131 kaybeden 88 ya\u015f\u0131ndaki emekli imam Mehmet Ali \u00d6ner\u2019in, \u00f6lmeden 1 hafta \u00f6nce kendi sesiyle okuyarak banta kaydetti\u011fi selas\u0131 ve \u00f6l\u00fcm ilan\u0131, vefat\u0131n\u0131n ard\u0131ndan cami hoparl\u00f6r\u00fcnden yay\u0131nland\u0131. <\/p>\n","protected":false},"author":1,"featured_media":0,"comment_status":"open","ping_status":"closed","sticky":false,"template":"","format":"standard","meta":{"footnotes":""},"categories":[105],"tags":[],"class_list":["post-28573","post","type-post","status-publish","format-standard","hentry","category-gundem","odd"],"_links":{"self":[{"href":"http:\/\/www.korhanyilmaz.com\/index.php?rest_route=\/wp\/v2\/posts\/28573","targetHints":{"allow":["GET"]}}],"collection":[{"href":"http:\/\/www.korhanyilmaz.com\/index.php?rest_route=\/wp\/v2\/posts"}],"about":[{"href":"http:\/\/www.korhanyilmaz.com\/index.php?rest_route=\/wp\/v2\/types\/post"}],"author":[{"embeddable":true,"href":"http:\/\/www.korhanyilmaz.com\/index.php?rest_route=\/wp\/v2\/users\/1"}],"replies":[{"embeddable":true,"href":"http:\/\/www.korhanyilmaz.com\/index.php?rest_route=%2Fwp%2Fv2%2Fcomments&post=28573"}],"version-history":[{"count":0,"href":"http:\/\/www.korhanyilmaz.com\/index.php?rest_route=\/wp\/v2\/posts\/28573\/revisions"}],"wp:attachment":[{"href":"http:\/\/www.korhanyilmaz.com\/index.php?rest_route=%2Fwp%2Fv2%2Fmedia&parent=28573"}],"wp:term":[{"taxonomy":"category","embeddable":true,"href":"http:\/\/www.korhanyilmaz.com\/index.php?rest_route=%2Fwp%2Fv2%2Fcategories&post=28573"},{"taxonomy":"post_tag","embeddable":true,"href":"http:\/\/www.korhanyilmaz.com\/index.php?rest_route=%2Fwp%2Fv2%2Ftags&post=28573"}],"curies":[{"name":"wp","href":"https:\/\/api.w.org\/{rel}","templated":true}]}}