{"id":28567,"date":"2011-02-17T07:19:16","date_gmt":"2011-02-17T05:19:16","guid":{"rendered":"http:\/\/www.korhanyilmaz.com\/?p=28567"},"modified":"2011-02-17T07:19:16","modified_gmt":"2011-02-17T05:19:16","slug":"silivri-cezaevinde-pasa-alarmi","status":"publish","type":"post","link":"http:\/\/www.korhanyilmaz.com\/?p=28567","title":{"rendered":"Silivri Cezaevi&#8217;nde Pa\u015fa alarm\u0131"},"content":{"rendered":"<p style=\"text-align: center;\"><a href=\"http:\/\/www.korhanyilmaz.com\/wp-content\/uploads\/2011\/02\/395.jpg\"  class=\"lightview\"><img loading=\"lazy\" decoding=\"async\" class=\"aligncenter size-full wp-image-28568\" src=\"http:\/\/www.korhanyilmaz.com\/wp-content\/uploads\/2011\/02\/395.jpg\" alt=\"\" width=\"414\" height=\"218\" \/><\/a><\/p>\n<p style=\"text-align: justify;\">\u00dcst d\u00fczey komutanlar\u0131n bulundu\u011fu Silivri Cezaevi&#8217;nde askeri personele davran\u0131\u015f talimat\u0131: Mutlaka &#8216;pa\u015fam&#8217; diye hitap edin, s\u00fcrekli onlarla sohbet edin, yaln\u0131z b\u0131rakmay\u0131n, istedikleri zaman revire \u00e7\u0131kar\u0131n..<!--more--><\/p>\n<p style=\"text-align: justify;\">\u0130STANBUL &#8211; Ergenekon ve Balyoz davalar\u0131 kapsam\u0131nda tutuklanan ve aralar\u0131nda emekli orgeneraller \u0130brahim F\u0131rt\u0131na, \u00c7etin Do\u011fan gibi \u00fcst d\u00fczey komutanlar\u0131n bulundu\u011fu cezaevinde, r\u00fctbeli askeri personele davran\u0131\u015f talimat\u0131 verildi: &#8216;S\u00fcrekli onlar sohbet edin, yanlar\u0131na gidin, yaln\u0131z b\u0131rakmay\u0131n, revire \u00e7\u0131kmak isterlerse hemen \u00e7\u0131kar\u0131n, pa\u015fam diye hitap edin.<\/p>\n<p style=\"text-align: justify;\"><strong>JANDARMADA ALARM VER\u0130LD\u0130<\/strong><\/p>\n<p style=\"text-align: justify;\">Balyoz davas\u0131nda ge\u00e7en hafta 163 san\u0131k hakk\u0131nda tutuklama karar\u0131 \u00e7\u0131km\u0131\u015ft\u0131. Aralar\u0131nda Hava Kuvvetleri eski komutan\u0131 emekli orgeneral Halil \u0130brahim F\u0131rt\u0131na, Deniz Kuvvetleri eski komutan\u0131 emekli oramiral \u00d6zden \u00d6rnek, emekli orgeneraller \u00c7etin Do\u011fan, \u015e\u00fckr\u00fc Sar\u0131\u0131\u015f\u0131k, emekli korgeneraller Engin Alan, Ahmet Feyyaz \u00d6\u011f\u00fct\u00e7\u00fc gibi isimlerin de bulundu\u011fu 28 emekli komutan Silivri Cezaevi&#8217;ne konuldu.<\/p>\n<p style=\"text-align: justify;\">Ak\u015fam gazetesinde yer alan habere g\u00f6re, \u00dcst d\u00fczey komutanlar\u0131n ko\u011fu\u015flara yerle\u015ftirilme i\u015flemlerinin tamamlanmas\u0131n\u0131n ard\u0131ndan cezaevinin i\u00e7 g\u00fcvenli\u011finden sorumlu jandarmada alarm verildi. Bu \u00e7er\u00e7evede, emekli komutanlar\u0131n sayg\u0131nl\u0131klar\u0131n\u0131n korunmas\u0131 i\u00e7in Silivri&#8217;de g\u00f6revli r\u00fctbeli askerlere bir dizi talimatlar g\u00f6nderildi.<\/p>\n<p style=\"text-align: justify;\">\u0130\u015fte Silivri&#8217;deki komutan kriterleri:<\/p>\n<p style=\"text-align: justify;\"><strong>K\u0130MSE SAYGISIZLIK YAPMASIN<\/strong><\/p>\n<p style=\"text-align: justify;\">&#8211; S\u0131k s\u0131k ziyaret edin, yaln\u0131z b\u0131rakmay\u0131n,<\/p>\n<p style=\"text-align: justify;\">&#8211; S\u0131k\u0131nt\u0131lar\u0131n\u0131n olup olmad\u0131\u011f\u0131n\u0131 sorun,<\/p>\n<p style=\"text-align: justify;\">&#8211; Revire \u00e7\u0131kmak istediklerinde bekletmeyin,<\/p>\n<p style=\"text-align: justify;\">&#8211; Psikolojilerinin iyi, morallerinin \u00fcst d\u00fczeyde tutulmas\u0131n\u0131 sa\u011flay\u0131n,<\/p>\n<p style=\"text-align: justify;\">&#8211; Sa\u011fl\u0131k durumlar\u0131n\u0131 yak\u0131ndan izleyin,<\/p>\n<p style=\"text-align: justify;\">&#8211; Mutlaka &#8216;pa\u015fam&#8217; diye hitap edin,<\/p>\n<p style=\"text-align: justify;\">&#8211; Kimse sayg\u0131s\u0131zl\u0131k yapmas\u0131n.<\/p>\n<p style=\"text-align: justify;\"><strong>28 \u00dcST D\u00dcZEY KOMUTAN VAR<\/strong><\/p>\n<p style=\"text-align: justify;\">Emekli oramiral \u00d6zden \u00d6rnek, emekli orgeneraller \u0130brahim F\u0131rt\u0131na, \u015e\u00fckr\u00fc Sar\u0131\u0131\u015f\u0131k, \u00c7etin Do\u011fan, emekli korgeneraller Engin Alan, Ayhan Ta\u015f, Metin Yavuz Yal\u00e7\u0131n, Do\u011fan Temel, Hayri G\u00fcner, emekli koramiral L\u00fctfi Sancar, emekli t\u00fcmgeneraller Mustafa Kemal Tutkun, Behzat Balta, Tuncay \u00c7akan, Nuri Ali Karababa, emekli t\u00fcmamiraller \u00d6zer Karabulut, Ali Deniz Kutluk, Mustafa Ayd\u0131n G\u00fcr\u00fcl, Taner Balk\u0131\u015f, emekli tu\u011fgeneraller \u0130zzet Ocak, S\u00fcha Tanyeri, Halil Kalkanl\u0131, Faruk Oktay Memio\u011flu, Mehmet<\/p>\n<p style=\"text-align: justify;\">Kaya Varol, emekli tu\u011famiraller Engin Baykal, Hasan Ho\u015fgit, H\u00fcseyin Ho\u015fgit, emekli koramiral A. Feyyaz \u00d6\u011f\u00fct\u00e7\u00fc.<\/p>\n<p style=\"text-align: justify;\"><strong>CEZAEVLER\u0130N\u0130N G\u00dcVENL\u0130\u011e\u0130 JANDARMADAN SORULUYOR<\/strong><\/p>\n<p style=\"text-align: justify;\">T\u00fcrkiye&#8217;de cezaevlerinin i\u00e7 ve d\u0131\u015f g\u00fcvenli\u011fi Ceza \u0130nfaz G\u00fcvenlik Kanunu&#8217;na g\u00f6re B\u00f6lge Jandarma Komutanl\u0131\u011f\u0131&#8217;na ba\u011fl\u0131 birlikler taraf\u0131ndan sa\u011fl\u0131yor. Silivri Cezaevi&#8217;nin i\u00e7erisinde \u0130stanbul \u0130l Jandarma Alay Komutanl\u0131\u011f\u0131&#8217;na ba\u011fl\u0131 bir tabur bulunuyor. Bu taburun ba\u015f\u0131nda da yarbay r\u00fctbesinde bir subay var.<\/p>\n<p style=\"text-align: justify;\"><a href=\"http:\/\/www.gazeteport.com.tr\/GUNCEL\/NEWS\/GP_854789\" target=\"_blank\"><span style=\"color: #888888;\">Kaynak : GAZETEPORT<\/span><\/a><\/p>\n","protected":false},"excerpt":{"rendered":"<p style=\"text-align: center;\">\n<p style=\"text-align: justify;\">\u00dcst d\u00fczey komutanlar\u0131n bulundu\u011fu Silivri Cezaevi&#8217;nde askeri personele davran\u0131\u015f talimat\u0131: Mutlaka &#8216;pa\u015fam&#8217; diye hitap edin, s\u00fcrekli onlarla sohbet edin, yaln\u0131z b\u0131rakmay\u0131n, istedikleri zaman revire \u00e7\u0131kar\u0131n..<\/p>\n","protected":false},"author":1,"featured_media":0,"comment_status":"open","ping_status":"closed","sticky":false,"template":"","format":"standard","meta":{"footnotes":""},"categories":[105],"tags":[],"class_list":["post-28567","post","type-post","status-publish","format-standard","hentry","category-gundem","odd"],"_links":{"self":[{"href":"http:\/\/www.korhanyilmaz.com\/index.php?rest_route=\/wp\/v2\/posts\/28567","targetHints":{"allow":["GET"]}}],"collection":[{"href":"http:\/\/www.korhanyilmaz.com\/index.php?rest_route=\/wp\/v2\/posts"}],"about":[{"href":"http:\/\/www.korhanyilmaz.com\/index.php?rest_route=\/wp\/v2\/types\/post"}],"author":[{"embeddable":true,"href":"http:\/\/www.korhanyilmaz.com\/index.php?rest_route=\/wp\/v2\/users\/1"}],"replies":[{"embeddable":true,"href":"http:\/\/www.korhanyilmaz.com\/index.php?rest_route=%2Fwp%2Fv2%2Fcomments&post=28567"}],"version-history":[{"count":0,"href":"http:\/\/www.korhanyilmaz.com\/index.php?rest_route=\/wp\/v2\/posts\/28567\/revisions"}],"wp:attachment":[{"href":"http:\/\/www.korhanyilmaz.com\/index.php?rest_route=%2Fwp%2Fv2%2Fmedia&parent=28567"}],"wp:term":[{"taxonomy":"category","embeddable":true,"href":"http:\/\/www.korhanyilmaz.com\/index.php?rest_route=%2Fwp%2Fv2%2Fcategories&post=28567"},{"taxonomy":"post_tag","embeddable":true,"href":"http:\/\/www.korhanyilmaz.com\/index.php?rest_route=%2Fwp%2Fv2%2Ftags&post=28567"}],"curies":[{"name":"wp","href":"https:\/\/api.w.org\/{rel}","templated":true}]}}