{"id":28545,"date":"2011-02-16T23:54:55","date_gmt":"2011-02-16T21:54:55","guid":{"rendered":"http:\/\/www.korhanyilmaz.com\/?p=28545"},"modified":"2011-02-16T23:54:55","modified_gmt":"2011-02-16T21:54:55","slug":"abdden-buyukelciye-destek","status":"publish","type":"post","link":"http:\/\/www.korhanyilmaz.com\/?p=28545","title":{"rendered":"ABD&#8217;den b\u00fcy\u00fckel\u00e7iye destek"},"content":{"rendered":"<p style=\"text-align: center;\"><a href=\"http:\/\/www.korhanyilmaz.com\/wp-content\/uploads\/2011\/02\/392.jpg\"  class=\"lightview\"><img loading=\"lazy\" decoding=\"async\" class=\"aligncenter size-full wp-image-28546\" src=\"http:\/\/www.korhanyilmaz.com\/wp-content\/uploads\/2011\/02\/392.jpg\" alt=\"\" width=\"414\" height=\"221\" \/><\/a><\/p>\n<p style=\"text-align: justify;\">ABD D\u0131\u015fi\u015fleri Bakanl\u0131\u011f\u0131 S\u00f6zc\u00fcs\u00fc, Ricciardone&#8217;nin s\u00f6zlerinin arkas\u0131nda olduklar\u0131n\u0131 s\u00f6yledi.<\/p>\n<p style=\"text-align: justify;\">ABD D\u0131\u015fi\u015fleri Bakanl\u0131\u011f\u0131 S\u00f6zc\u00fcs\u00fc Philip Crowley, ABD&#8217;nin Ankara B\u00fcy\u00fckel\u00e7isi Francis Ricciardone&#8217;nin s\u00f6zlerinin arkas\u0131nda olduklar\u0131n\u0131 bildirerek, &#8221;T\u00fcrkiye&#8217;de gazetecilere muameleler konusundaki gidi\u015fattan mevcut kayg\u0131lar\u0131m\u0131z var. Bu konuyu genel anlamda T\u00fcrk h\u00fck\u00fcmeti nezdinde dile getiriyoruz ve yak\u0131ndan izliyoruz&#8221; dedi.<!--more--><\/p>\n<p style=\"text-align: justify;\">G\u00fcnl\u00fck bas\u0131n toplant\u0131s\u0131nda Crowley, &#8221;T\u00fcrkiye&#8217;de gazetecilerin g\u00f6zalt\u0131na al\u0131nmas\u0131yla&#8221; ilgili soru \u00fczerine, konuyu yak\u0131ndan takip ettiklerini s\u00f6yledi.<\/p>\n<p style=\"text-align: justify;\">Crowley, &#8221;\u00d6zel bir yorumum yok ama \u015funu s\u00f6yleyebilirim: T\u00fcrkiye&#8217;de gazetecilere muameleler konusundaki gidi\u015fattan mevcut kayg\u0131lar\u0131m\u0131z var. Bu konuyu T\u00fcrk h\u00fck\u00fcmeti nezdinde dile getiriyoruz. Bu konuyu yak\u0131ndan izliyoruz&#8221; dedi.<\/p>\n<p style=\"text-align: justify;\">&#8221;T\u00fcrk h\u00fck\u00fcmetiyle son durumla ilgili spesifik temaslar\u0131n\u0131n olup olmad\u0131\u011f\u0131na&#8221; y\u00f6nelik soru \u00fczerine Crowley, &#8221;\u00d6zellikle bu konuda bir temas\u0131m\u0131z olup olmad\u0131\u011f\u0131n\u0131 bilmiyorum ama T\u00fcrkiye&#8217;ye genel anlamda g\u00fcndeme getirdi\u011fimiz bir konu ve bunu da yapmaya devam edece\u011fiz&#8221; diye konu\u015ftu.<\/p>\n<p style=\"text-align: justify;\">ABD&#8217;nin Ankara B\u00fcy\u00fckel\u00e7isi Francis Ricciardone&#8217;nin s\u00f6zlerinin hat\u0131rlat\u0131lmas\u0131 \u00fczerine Crowley, &#8221;bu s\u00f6zlerin arkas\u0131nda olduklar\u0131n\u0131&#8221; belirtti.<\/p>\n<p style=\"text-align: justify;\">&#8221;T\u00fcrkiye&#8217;de gazetecilerin y\u0131ld\u0131r\u0131lmas\u0131na y\u00f6nelik e\u011filimlerden geni\u015f kayg\u0131lar\u0131m\u0131z bulunuyor&#8221; ifadesini kullanan Crowley, AK Parti Genel Ba\u015fkan Yard\u0131mc\u0131s\u0131 H\u00fcseyin \u00c7elik&#8217;in konuyla ilgili s\u00f6zlerinin sorulmas\u0131 \u00fczerine, T\u00fcrk yetkililerce yap\u0131lan a\u00e7\u0131klamalar\u0131 de\u011ferlendirmenin &#8221;kendilerine d\u00fc\u015fmedi\u011fini&#8221; kaydetti.<\/p>\n<p style=\"text-align: justify;\">Crowley, bir soru \u00fczerine, T\u00fcrkiye&#8217;nin ABD&#8217;nin dostu ve m\u00fcttefiki oldu\u011funu belirterek, &#8221;Ancak bir dost, m\u00fcttefik ya da h\u0131s\u0131m olsun, herhangi bir \u00fclkenin evrensel ilkelere sayg\u0131 konusunda \u00e7izgiyi a\u015ft\u0131\u011f\u0131n\u0131 d\u00fc\u015f\u00fcn\u00fcrsek, bu konular\u0131 g\u00fcndeme getirmekten \u00e7ekinmeyiz&#8221; dedi.<\/p>\n<p style=\"text-align: justify;\"><a href=\"http:\/\/www.gazeteport.com.tr\/DUNYA\/NEWS\/GP_854743\" target=\"_blank\"><span style=\"color: #888888;\">Kaynak : GAZETEPORT<\/span><\/a><\/p>\n","protected":false},"excerpt":{"rendered":"<p style=\"text-align: center;\">\n<p style=\"text-align: justify;\">ABD D\u0131\u015fi\u015fleri Bakanl\u0131\u011f\u0131 S\u00f6zc\u00fcs\u00fc, Ricciardone&#8217;nin s\u00f6zlerinin arkas\u0131nda olduklar\u0131n\u0131 s\u00f6yledi.<\/p>\n<p style=\"text-align: justify;\">ABD D\u0131\u015fi\u015fleri Bakanl\u0131\u011f\u0131 S\u00f6zc\u00fcs\u00fc Philip Crowley, ABD&#8217;nin Ankara B\u00fcy\u00fckel\u00e7isi Francis Ricciardone&#8217;nin s\u00f6zlerinin arkas\u0131nda olduklar\u0131n\u0131 bildirerek, &#8221;T\u00fcrkiye&#8217;de gazetecilere muameleler konusundaki gidi\u015fattan mevcut kayg\u0131lar\u0131m\u0131z var. Bu konuyu genel anlamda T\u00fcrk h\u00fck\u00fcmeti nezdinde dile getiriyoruz ve yak\u0131ndan izliyoruz&#8221; dedi.<\/p>\n","protected":false},"author":1,"featured_media":0,"comment_status":"open","ping_status":"closed","sticky":false,"template":"","format":"standard","meta":{"footnotes":""},"categories":[105],"tags":[],"class_list":["post-28545","post","type-post","status-publish","format-standard","hentry","category-gundem","odd"],"_links":{"self":[{"href":"http:\/\/www.korhanyilmaz.com\/index.php?rest_route=\/wp\/v2\/posts\/28545","targetHints":{"allow":["GET"]}}],"collection":[{"href":"http:\/\/www.korhanyilmaz.com\/index.php?rest_route=\/wp\/v2\/posts"}],"about":[{"href":"http:\/\/www.korhanyilmaz.com\/index.php?rest_route=\/wp\/v2\/types\/post"}],"author":[{"embeddable":true,"href":"http:\/\/www.korhanyilmaz.com\/index.php?rest_route=\/wp\/v2\/users\/1"}],"replies":[{"embeddable":true,"href":"http:\/\/www.korhanyilmaz.com\/index.php?rest_route=%2Fwp%2Fv2%2Fcomments&post=28545"}],"version-history":[{"count":0,"href":"http:\/\/www.korhanyilmaz.com\/index.php?rest_route=\/wp\/v2\/posts\/28545\/revisions"}],"wp:attachment":[{"href":"http:\/\/www.korhanyilmaz.com\/index.php?rest_route=%2Fwp%2Fv2%2Fmedia&parent=28545"}],"wp:term":[{"taxonomy":"category","embeddable":true,"href":"http:\/\/www.korhanyilmaz.com\/index.php?rest_route=%2Fwp%2Fv2%2Fcategories&post=28545"},{"taxonomy":"post_tag","embeddable":true,"href":"http:\/\/www.korhanyilmaz.com\/index.php?rest_route=%2Fwp%2Fv2%2Ftags&post=28545"}],"curies":[{"name":"wp","href":"https:\/\/api.w.org\/{rel}","templated":true}]}}