{"id":28540,"date":"2011-02-16T22:38:40","date_gmt":"2011-02-16T20:38:40","guid":{"rendered":"http:\/\/www.korhanyilmaz.com\/?p=28540"},"modified":"2011-02-16T22:38:40","modified_gmt":"2011-02-16T20:38:40","slug":"buyukelcinin-aciklamasi-beni-ilgilendirmez","status":"publish","type":"post","link":"http:\/\/www.korhanyilmaz.com\/?p=28540","title":{"rendered":"&#8220;B\u00fcy\u00fckel\u00e7inin a\u00e7\u0131klamas\u0131 beni ilgilendirmez&#8221;"},"content":{"rendered":"<p style=\"text-align: center;\"><a href=\"http:\/\/www.korhanyilmaz.com\/wp-content\/uploads\/2011\/02\/391.jpg\"  class=\"lightview\"><img loading=\"lazy\" decoding=\"async\" class=\"aligncenter size-full wp-image-28541\" src=\"http:\/\/www.korhanyilmaz.com\/wp-content\/uploads\/2011\/02\/391.jpg\" alt=\"\" width=\"322\" height=\"241\" \/><\/a><\/p>\n<p style=\"text-align: justify;\">Cumhurba\u015fkan\u0131 Abdullah G\u00fcl, &#8220;Ergenekon&#8221; soru\u015fturmas\u0131 kapsam\u0131nda tutuklanan gazeteci Soner Yal\u00e7\u0131n&#8217;la ilgili ABD B\u00fcy\u00fckel\u00e7isi Ricciardone&#8217;nin yapt\u0131\u011f\u0131 a\u00e7\u0131klamalar\u0131na ili\u015fkin &#8220;A\u00e7\u0131klamas\u0131 beni ilgilendirmez&#8221; dedi.<!--more--><\/p>\n<p style=\"text-align: justify;\">Ankara- Cumhurba\u015fkan\u0131 Abdullah G\u00fcl, \u0130ran&#8217;a ger\u00e7ekle\u015ftirdi\u011fi resmi ziyareti tamamlayarak yurda d\u00f6nd\u00fc. Esenbo\u011fa Havaliman\u0131&#8217;nda bir bas\u0131n toplant\u0131s\u0131 d\u00fczenleyen G\u00fcl, \u0130ran temaslar\u0131 hakk\u0131nda bilgi verdi.<\/p>\n<p style=\"text-align: justify;\">G\u00fcl, ekonomi ve enerjinin yan\u0131nda g\u00fcvenlik konusunda da g\u00f6r\u00fc\u015fmelerde bulundu\u011funu ifade ederken, &#8220;\u00d6zellikle s\u0131n\u0131rda meydana gelen can kay\u0131plar\u0131n\u0131 konu\u015ftuk&#8221; diye konu\u015ftu.<\/p>\n<p style=\"text-align: justify;\">N\u00fckleer enerji konusunun da \u00f6nemli konu ba\u015fl\u0131klar\u0131ndan birisi oldu\u011funu s\u00f6yleyen G\u00fcl, bu konuda yeni bir yol haritas\u0131 \u00fczerinde anla\u015f\u0131ld\u0131\u011f\u0131n\u0131 ve \u00e7al\u0131\u015fmalar\u0131n devam etti\u011fini belitterek, &#8220;T\u00fcrkiye&#8217;nin bu konunun diyalog ve diplomasiyle \u00e7\u00f6z\u00fclmesi i\u00e7in \u00e7abalar\u0131 devam edecektir&#8221; dedi.<\/p>\n<p style=\"text-align: justify;\">A\u00e7\u0131klamalar\u0131n\u0131n ard\u0131ndan gazetecilerin sorular\u0131n\u0131 yan\u0131tlayan G\u00fcl, bir gazetecinin &#8220;\u0130ran&#8217;daki g\u00f6r\u00fc\u015fmeler s\u0131ras\u0131nda ya\u015fanan protesto g\u00f6sterilerini nas\u0131l de\u011ferlendiriyorsunuz?&#8221; \u015feklindeki sorusuna, &#8220;Protesto eylemleri her \u00fclkede oluyor. Bizde de oluyor. \u0130ran&#8217;da da oluyor. Yetkililerle de g\u00f6r\u00fc\u015ft\u00fck. Her yerde olan \u015feyler&#8221; diye konu\u015ftu.<\/p>\n<p style=\"text-align: justify;\"><strong>&#8220;Beni ilgilendirmez&#8221; <\/strong><\/p>\n<p style=\"text-align: justify;\">Cumhurba\u015fkan\u0131 G\u00fcl, bir gazetecinin &#8220;Ergenekon&#8221; soru\u015fturmas\u0131 kapsam\u0131nda tutuklanan gazeteci Soner Yal\u00e7\u0131n&#8217;la ilgili ABD B\u00fcy\u00fckel\u00e7isi Ricciardone&#8217;in bas\u0131n \u00f6zg\u00fcrl\u00fc\u011f\u00fc a\u00e7\u0131klamas\u0131n\u0131 hat\u0131rlatmas\u0131 \u00fczerine &#8220;A\u00e7\u0131klamas\u0131 beni ilgilendirmez&#8221; dedi. Tutuklamalarla ilgili yapt\u0131\u011f\u0131 de\u011ferlendirmede ise G\u00fcl, mahkeme safhas\u0131n\u0131n devam etti\u011fini ve kendisinin bir \u015fey s\u00f6ylemesinin do\u011fru olmayaca\u011f\u0131n\u0131 kaydetti.<\/p>\n<p style=\"text-align: justify;\"><a href=\"http:\/\/www.cumhuriyet.com.tr\/?hn=217554&amp;kw=%22B%FCy%FCkel%E7inin+a%E7%FDklamas%FD+beni+ilgilendirmez%22\" target=\"_blank\"><span style=\"color: #888888;\">Kaynak : Cumhuriyet Haber Portal\u0131<\/span><\/a><\/p>\n","protected":false},"excerpt":{"rendered":"<p style=\"text-align: center;\">\n<p style=\"text-align: justify;\">Cumhurba\u015fkan\u0131 Abdullah G\u00fcl, &#8220;Ergenekon&#8221; soru\u015fturmas\u0131 kapsam\u0131nda tutuklanan gazeteci Soner Yal\u00e7\u0131n&#8217;la ilgili ABD B\u00fcy\u00fckel\u00e7isi Ricciardone&#8217;nin yapt\u0131\u011f\u0131 a\u00e7\u0131klamalar\u0131na ili\u015fkin &#8220;A\u00e7\u0131klamas\u0131 beni ilgilendirmez&#8221; dedi.<\/p>\n","protected":false},"author":1,"featured_media":0,"comment_status":"open","ping_status":"closed","sticky":false,"template":"","format":"standard","meta":{"footnotes":""},"categories":[105],"tags":[],"class_list":["post-28540","post","type-post","status-publish","format-standard","hentry","category-gundem","odd"],"_links":{"self":[{"href":"http:\/\/www.korhanyilmaz.com\/index.php?rest_route=\/wp\/v2\/posts\/28540","targetHints":{"allow":["GET"]}}],"collection":[{"href":"http:\/\/www.korhanyilmaz.com\/index.php?rest_route=\/wp\/v2\/posts"}],"about":[{"href":"http:\/\/www.korhanyilmaz.com\/index.php?rest_route=\/wp\/v2\/types\/post"}],"author":[{"embeddable":true,"href":"http:\/\/www.korhanyilmaz.com\/index.php?rest_route=\/wp\/v2\/users\/1"}],"replies":[{"embeddable":true,"href":"http:\/\/www.korhanyilmaz.com\/index.php?rest_route=%2Fwp%2Fv2%2Fcomments&post=28540"}],"version-history":[{"count":0,"href":"http:\/\/www.korhanyilmaz.com\/index.php?rest_route=\/wp\/v2\/posts\/28540\/revisions"}],"wp:attachment":[{"href":"http:\/\/www.korhanyilmaz.com\/index.php?rest_route=%2Fwp%2Fv2%2Fmedia&parent=28540"}],"wp:term":[{"taxonomy":"category","embeddable":true,"href":"http:\/\/www.korhanyilmaz.com\/index.php?rest_route=%2Fwp%2Fv2%2Fcategories&post=28540"},{"taxonomy":"post_tag","embeddable":true,"href":"http:\/\/www.korhanyilmaz.com\/index.php?rest_route=%2Fwp%2Fv2%2Ftags&post=28540"}],"curies":[{"name":"wp","href":"https:\/\/api.w.org\/{rel}","templated":true}]}}