{"id":28529,"date":"2011-02-16T15:39:08","date_gmt":"2011-02-16T13:39:08","guid":{"rendered":"http:\/\/www.korhanyilmaz.com\/?p=28529"},"modified":"2011-02-16T15:39:08","modified_gmt":"2011-02-16T13:39:08","slug":"senin-haddin-degil","status":"publish","type":"post","link":"http:\/\/www.korhanyilmaz.com\/?p=28529","title":{"rendered":"Senin haddin de\u011fil!"},"content":{"rendered":"<p style=\"text-align: center;\"><a href=\"http:\/\/www.korhanyilmaz.com\/wp-content\/uploads\/2011\/02\/388.jpg\"  class=\"lightview\"><img loading=\"lazy\" decoding=\"async\" class=\"aligncenter size-full wp-image-28530\" src=\"http:\/\/www.korhanyilmaz.com\/wp-content\/uploads\/2011\/02\/388.jpg\" alt=\"\" width=\"420\" height=\"210\" \/><\/a><\/p>\n<p style=\"text-align: justify;\">CHP Genel Sekreteri ve Parti S\u00f6zc\u00fcs\u00fc Bihlun Tamayl\u0131gil, &#8220;Say\u0131n Ar\u0131n\u00e7, Genel Ba\u015fkan\u0131m\u0131z Kemal K\u0131l\u0131\u00e7daro\u011flu\u2019nun Ergenekon davas\u0131yla ilgili s\u00f6zlerini yan\u0131tlarken, \u2019bu s\u00f6zlerin neresini d\u00fczelteyim\u2019 demi\u015f. CHP s\u00f6zc\u00fcs\u00fc olarak diyorum ki, Genel Ba\u015fkan\u0131m\u0131z\u0131n s\u00f6zlerini d\u00fczeltmek Say\u0131n Ar\u0131n\u00e7\u2019\u0131n haddi de\u011fildir&#8221; dedi. <!--more--><\/p>\n<p style=\"text-align: justify;\">Tamayl\u0131gil, yaz\u0131l\u0131 a\u00e7\u0131klamas\u0131nda, CHP Genel Ba\u015fkan\u0131 Kemal K\u0131l\u0131\u00e7daro\u011flu\u2019nun a\u00e7\u0131klamalar\u0131n\u0131 de\u011ferlendiren Devlet Bakan\u0131 ve Ba\u015fbakan Yard\u0131mc\u0131s\u0131 B\u00fclent Ar\u0131n\u00e7 ile AK Parti Genel Ba\u015fkan Yard\u0131mc\u0131s\u0131 H\u00fcseyin \u00c7elik\u2019e cevap verdi. Tamayl\u0131gil, \u015funlar\u0131 kaydetti:<\/p>\n<p style=\"text-align: justify;\">&#8220;Say\u0131n Ar\u0131n\u00e7, Genel Ba\u015fkan\u0131m\u0131z Kemal K\u0131l\u0131\u00e7daro\u011flu\u2019nun Ergenekon davas\u0131yla ilgili s\u00f6zlerini yan\u0131tlarken, \u2019bu s\u00f6zlerin neresini d\u00fczelteyim\u2019 demi\u015f.CHP s\u00f6zc\u00fcs\u00fc olarak diyorum ki, Genel Ba\u015fkan\u0131m\u0131z\u0131n s\u00f6zlerini d\u00fczeltmek Say\u0131n Ar\u0131n\u00e7\u2019\u0131n haddi de\u011fildir. Daha \u00f6nce, kendisi Manisa\u2019da iken, \u2019Ankara\u2019da suikast yap\u0131lacak\u2019 diye ortal\u0131\u011f\u0131 aya\u011fa kald\u0131ran Say\u0131n Ar\u0131n\u00e7, e\u011fer bir \u015feyleri d\u00fczeltecek yetkiye sahipse iftira ve fitne ile u\u011fra\u015fmay\u0131 al\u0131\u015fkanl\u0131k haline getiren AKP\u2019li y\u00f6neticileri d\u00fczeltsin.<\/p>\n<p style=\"text-align: justify;\">Ba\u015fbakan Yard\u0131mc\u0131s\u0131 Ar\u0131n\u00e7, genel ba\u015fkan\u0131m\u0131zla ilgili a\u00e7\u0131klamas\u0131nda, \u2019e\u011fer hukuk varsa soru\u015fturma safhas\u0131nda olan bir konuda siyaset\u00e7ilerin hi\u00e7bir \u015fekilde m\u00fcdahil olmamas\u0131 laz\u0131m\u2019 demi\u015f. Alt\u0131n\u0131 \u00e7izerek soruyorum; AKP\u2019nin Genel Ba\u015fkan\u0131 ve Ba\u015fbakan Erdo\u011fan, kendisini Ergenekon davas\u0131n\u0131n savc\u0131s\u0131 ilan ederken yard\u0131mc\u0131s\u0131 Ar\u0131n\u00e7 neredeydi? Ba\u015fbakan\u0131 ele\u015ftirirsem beni \u00e7izer diye korkup k\u00f6\u015fesine mi \u00e7ekilmi\u015fti, yoksa kendisinden esirgenen Meclis Ba\u015fkanl\u0131\u011f\u0131 hayali ile mi me\u015fguld\u00fc?&#8221;<\/p>\n<p style=\"text-align: justify;\"><strong>&#8220;12\u2019DEN VURDU, BOYALARINI D\u00d6KT\u00dc&#8221; <\/strong><\/p>\n<p style=\"text-align: justify;\">H\u00fcseyin \u00c7elik\u2019in, K\u0131l\u0131\u00e7daro\u011flu\u2019nun &#8220;Ba\u015fbakan M\u0131s\u0131r\u2019\u0131n, Filistin\u2019in, Irak\u2019\u0131n derdi benim derdim diyor. Madem senin derdin, Irak\u2019ta siviller \u00f6ld\u00fcr\u00fcl\u00fcrken, camiler y\u0131k\u0131l\u0131rken, M\u00fcsl\u00fcman kad\u0131nlara tecav\u00fcz edilirken Amerikan askerlerine nas\u0131l ba\u015far\u0131lar diledin&#8221; s\u00f6zlerini yan\u0131tlamaya \u00e7al\u0131\u015f\u0131rken, &#8220;su\u00e7lular\u0131n tela\u015f\u0131, zavall\u0131l\u0131\u011f\u0131 ve \u00e7aresizli\u011fi i\u00e7inde seviyesizce s\u00f6zler s\u00f6yledi\u011fini&#8221; ileri s\u00fcren Tamayl\u0131gil, \u015f\u00f6yle devam etti:<\/p>\n<p style=\"text-align: justify;\">&#8220;H\u00fcseyin \u00c7elik, \u2019Ba\u015fbakan, Amerikan askerleri sa\u011f salim d\u00f6ns\u00fcn\u2019 diye temennide bulundu s\u00f6zleriyle de ay\u0131plar\u0131n\u0131 kapatmaya \u00e7al\u0131\u015f\u0131yor. Soruyorum; Irak\u2019ta M\u00fcsl\u00fcman kad\u0131nlara tecav\u00fcz eden kim? Irak\u2019\u0131 i\u015fgale gelen ve Ba\u015fbakan\u0131n sa\u011f salim d\u00f6ns\u00fcnler diye duac\u0131 oldu\u011fu askerler de\u011fil mi? Ba\u015fbakan ve yard\u0131mc\u0131s\u0131 \u00e7\u0131k\u0131p Irakl\u0131 M\u00fcsl\u00fcman kad\u0131nlardan \u00f6z\u00fcr dileyece\u011fine, yavuz h\u0131rs\u0131z ev sahibini bast\u0131r\u0131r misali \u00e7irkin ve seviyesiz laflar ediyorlar. \u00c7\u00fcnk\u00fc, k\u00f6\u015feye s\u0131k\u0131\u015ft\u0131lar, maskeleri d\u00fc\u015ft\u00fc, Genel Ba\u015fkan\u0131m\u0131z K\u0131l\u0131\u00e7daro\u011flu bu ger\u00e7e\u011fi kamuoyuna malederek tam 12\u2019den vurdu, boyalar\u0131n\u0131 d\u00f6kt\u00fc.&#8221;<\/p>\n<p style=\"text-align: justify;\"><a href=\"http:\/\/haber.gazetevatan.com\/senin-haddin-degil\/359757\/9\/Siyaset\" target=\"_blank\"><span style=\"color: #888888;\">Kaynak : VATAN<\/span><\/a><\/p>\n","protected":false},"excerpt":{"rendered":"<p style=\"text-align: center;\">\n<p style=\"text-align: justify;\">CHP Genel Sekreteri ve Parti S\u00f6zc\u00fcs\u00fc Bihlun Tamayl\u0131gil, &#8220;Say\u0131n Ar\u0131n\u00e7, Genel Ba\u015fkan\u0131m\u0131z Kemal K\u0131l\u0131\u00e7daro\u011flu\u2019nun Ergenekon davas\u0131yla ilgili s\u00f6zlerini yan\u0131tlarken, \u2019bu s\u00f6zlerin neresini d\u00fczelteyim\u2019 demi\u015f. CHP s\u00f6zc\u00fcs\u00fc olarak diyorum ki, Genel Ba\u015fkan\u0131m\u0131z\u0131n s\u00f6zlerini d\u00fczeltmek Say\u0131n Ar\u0131n\u00e7\u2019\u0131n haddi de\u011fildir&#8221; dedi. <\/p>\n","protected":false},"author":1,"featured_media":0,"comment_status":"open","ping_status":"closed","sticky":false,"template":"","format":"standard","meta":{"footnotes":""},"categories":[105],"tags":[],"class_list":["post-28529","post","type-post","status-publish","format-standard","hentry","category-gundem","odd"],"_links":{"self":[{"href":"http:\/\/www.korhanyilmaz.com\/index.php?rest_route=\/wp\/v2\/posts\/28529","targetHints":{"allow":["GET"]}}],"collection":[{"href":"http:\/\/www.korhanyilmaz.com\/index.php?rest_route=\/wp\/v2\/posts"}],"about":[{"href":"http:\/\/www.korhanyilmaz.com\/index.php?rest_route=\/wp\/v2\/types\/post"}],"author":[{"embeddable":true,"href":"http:\/\/www.korhanyilmaz.com\/index.php?rest_route=\/wp\/v2\/users\/1"}],"replies":[{"embeddable":true,"href":"http:\/\/www.korhanyilmaz.com\/index.php?rest_route=%2Fwp%2Fv2%2Fcomments&post=28529"}],"version-history":[{"count":0,"href":"http:\/\/www.korhanyilmaz.com\/index.php?rest_route=\/wp\/v2\/posts\/28529\/revisions"}],"wp:attachment":[{"href":"http:\/\/www.korhanyilmaz.com\/index.php?rest_route=%2Fwp%2Fv2%2Fmedia&parent=28529"}],"wp:term":[{"taxonomy":"category","embeddable":true,"href":"http:\/\/www.korhanyilmaz.com\/index.php?rest_route=%2Fwp%2Fv2%2Fcategories&post=28529"},{"taxonomy":"post_tag","embeddable":true,"href":"http:\/\/www.korhanyilmaz.com\/index.php?rest_route=%2Fwp%2Fv2%2Ftags&post=28529"}],"curies":[{"name":"wp","href":"https:\/\/api.w.org\/{rel}","templated":true}]}}