{"id":28524,"date":"2011-02-16T16:14:08","date_gmt":"2011-02-16T14:14:08","guid":{"rendered":"http:\/\/www.korhanyilmaz.com\/?p=28524"},"modified":"2011-02-16T16:14:08","modified_gmt":"2011-02-16T14:14:08","slug":"istifa-eden-komutandan-erdogana-agir-sozler","status":"publish","type":"post","link":"http:\/\/www.korhanyilmaz.com\/?p=28524","title":{"rendered":"Ba\u015fbakan Erdo\u011fan&#8217;\u0131 &#8220;Damat Ferit&#8221;e benzetti"},"content":{"rendered":"<p style=\"text-align: center;\"><a href=\"http:\/\/www.korhanyilmaz.com\/wp-content\/uploads\/2011\/02\/387.jpg\"  class=\"lightview\"><img loading=\"lazy\" decoding=\"async\" class=\"aligncenter size-full wp-image-28525\" src=\"http:\/\/www.korhanyilmaz.com\/wp-content\/uploads\/2011\/02\/387.jpg\" alt=\"\" width=\"341\" height=\"202\" \/><\/a><\/p>\n<p style=\"text-align: justify;\">Eski Deniz Harp Okulu Komutan\u0131 emekli Tu\u011famiral T\u00fcrker Ert\u00fcrk, &#8220;Balyoz&#8221; davas\u0131 tutuklamalar\u0131n\u0131, \u0130stanbul i\u015fgal alt\u0131ndayken ger\u00e7ekle\u015fen tutuklamalara, Ba\u015fbakan Erdo\u011fan&#8217;\u0131 da &#8220;Damat Ferit&#8221;e benzetti.<\/p>\n<p style=\"text-align: justify;\">(DHA) &#8212; Emekli Tu\u011famiral T\u00fcrker Ert\u00fcrk, Trabzon&#8217;dan yay\u0131n yapan &#8216;haber61&#8217; isimli internet sitesine g\u00fcnl\u00fck siyasi geli\u015fmelerle ilgili yaz\u0131lar kaleme almaya ba\u015flad\u0131.<\/p>\n<p style=\"text-align: justify;\">Ert\u00fcrk, bug\u00fcn yay\u0131nlanan &#8216;Dijital Ter\u00f6r&#8217; ba\u015fl\u0131kl\u0131 yaz\u0131s\u0131nda &#8220;Balyoz&#8221; davas\u0131na de\u011findi. <!--more--><\/p>\n<p style=\"text-align: justify;\">G\u00f6revdeki amiral ve generallerin y\u00fczde 10&#8217;luk b\u00f6l\u00fcm\u00fcn\u00fcn tutukland\u0131\u011f\u0131n\u0131 hat\u0131rlatan T\u00fcrker Ert\u00fcrk, \u015f\u00f6yle yazd\u0131:<\/p>\n<p style=\"text-align: justify;\">&#8220;Bu dava T\u00fcrk Silahl\u0131 Kuvvetleri&#8217;nin tasfiye operasyonudur. Bu davada ad\u0131 ge\u00e7en t\u00fcm muvazzaflar\u0131 k\u0131sa s\u00fcre i\u00e7inde mahkum edelim ve T\u00fcrk Silahl\u0131 Kuvvetleri&#8217;nden ayr\u0131l\u0131\u015f i\u015flemlerini yapal\u0131m. Yeterli olur mu? Hay\u0131r. Hatta \u015fu anda mevcut 310 civar\u0131nda olan amiral ve generallerin hepsini emekli edelim ve alttan gelecek gen\u00e7 subaylarla doldural\u0131m. Bu da yeterli olur mu? Asla.<\/p>\n<p style=\"text-align: justify;\">\u0130stenen onun da \u00f6tesindedir. Ne diyor s\u00f6zde akademik \u00fcnvanl\u0131 beyefendi? &#8216;TSK&#8217;y\u0131 Yeni\u00e7eri Oca\u011f\u0131 gibi tasfiye etmeli, yerine Nizam-\u0131 Cedit gibi yeni bir yap\u0131lanmaya gidilmeli&#8217;. Demek ki esas yap\u0131y\u0131 de\u011fi\u015ftiremez ve d\u00f6n\u00fc\u015ft\u00fcremez isen, ne kadar komutan\u0131 karalayarak, iftira atarak, uydurma kan\u0131tlarla yarg\u0131layarak sistem d\u0131\u015f\u0131na atarsan at, arkadan yine ayn\u0131 nitelikte komutanlar gelmekte. Hele bu ba\u015f belas\u0131 Harp Okullar\u0131 yok mu, onlar\u0131 da ele ge\u00e7irmek farz.<\/p>\n<p style=\"text-align: justify;\">Herkes biliyor ki, bu davalar hukuki de\u011fil siyasidir. Onlar bile inanm\u0131yor bu davalar\u0131n hukuki oldu\u011funa. Bu nedenle kar\u015f\u0131 fikirleri, mant\u0131kl\u0131 savunmalar\u0131 duymak bile istemiyor, sinirleniyor ve z\u0131vanadan \u00e7\u0131k\u0131yorlar.&#8221;<\/p>\n<p style=\"text-align: justify;\"><strong>&#8220;Damat Ferit&#8221; benzetmesi <\/strong><\/p>\n<p style=\"text-align: justify;\">&#8220;Balyoz&#8221; davas\u0131n\u0131n da Dreyfus ve Rosenberg gibi siyasi motifli di\u011fer davalarla birlikte daha \u015fimdiden d\u00fcnya hukuk tarihinde yerini ald\u0131\u011f\u0131n\u0131 \u00f6ne s\u00fcren emekli Tu\u011famiral T\u00fcrker Ert\u00fcrk yaz\u0131s\u0131n\u0131 \u015f\u00f6yle s\u00fcrd\u00fcrd\u00fc:<\/p>\n<p style=\"text-align: justify;\">&#8220;Bu davalar ba\u015f\u0131ndan itibaren hukuk vah\u015fetidir. Soru\u015fturman\u0131n gizlili\u011fi ilkesi ve masumiyet karinesi ayaklar alt\u0131na al\u0131nm\u0131\u015ft\u0131r. Adeta dijital bir ter\u00f6r yarat\u0131lm\u0131\u015ft\u0131r. Ne demeli 163 Atat\u00fcrk\u00e7\u00fc, yurtsever, amiral, general ve subay\u0131n tutuklanmas\u0131na? Ne fark\u0131 var \u0130ngiliz i\u015fgali alt\u0131ndaki \u0130stanbul&#8217;da tutuklanan vatansever subaylardan? Ba\u015fbakan\u0131m\u0131z ve h\u00fck\u00fcmetimiz ne yap\u0131yor? Bir hi\u00e7. Parma\u011f\u0131n\u0131 k\u0131p\u0131rdatm\u0131yor. Ne fark\u0131n\u0131z var o zaman sizin Damat Ferit ve Frans\u0131z Vichy H\u00fck\u00fcmeti&#8217;nden? Onlar hi\u00e7 olmaz ise i\u015fgal alt\u0131ndayd\u0131lar, ya siz? E\u011fer emperyalizm taraf\u0131ndan gizli i\u015fgal alt\u0131ndaysan\u0131z, bilin ki biz de sizin yan\u0131n\u0131zda oluruz. Yeter ki a\u00e7\u0131k\u00e7a s\u00f6yleyin.&#8221;<\/p>\n<p style=\"text-align: justify;\"><strong>&#8220;Bunun ad\u0131 ileri fa\u015fizm&#8221; <\/strong><\/p>\n<p style=\"text-align: justify;\">Y\u00fcr\u00fct\u00fclen y\u0131pratma kampanyas\u0131 ve soru\u015fturmalar sonucunda T\u00fcrk Silahl\u0131 Kuvvetleri&#8217;nin moral ve motivasyonunun \u00e7ok k\u00f6t\u00fc durumda oldu\u011funu da kaydeden Ert\u00fcrk, &#8220;Sonu gelmeyen sahte davalar ile oyalanmakta, y\u0131prat\u0131lmakta ve demoralize edilmektedir. Kim sorumlu? Anayasam\u0131z\u0131n 117&#8217;nci maddesi, &#8216;Silahl\u0131 Kuvvetlerin yurt savunmas\u0131na haz\u0131rlanmas\u0131ndan, T\u00fcrkiye B\u00fcy\u00fck Millet Meclisi&#8217;ne kar\u015f\u0131 Bakanlar Kurulu sorumludur&#8217; diyor. Bu kadar komutan tutuklu iken ve sizin d\u00f6neminizde ba\u015far\u0131 ile ger\u00e7ekle\u015ftirilen bu sald\u0131r\u0131lar alt\u0131nda TSK&#8217;n\u0131n ne kadar haz\u0131r oldu\u011funu d\u00fc\u015f\u00fcn\u00fcyorsunuz? B\u00fct\u00fcn muhalifleri topluyorlar. En son sat\u0131l\u0131k olmayan kalemlerden say\u0131n Soner Yal\u00e7\u0131n ve arkada\u015flar\u0131n\u0131n ba\u015f\u0131na gelenleri biliyorsunuz. Bunun ad\u0131 san\u0131r\u0131m ileri demokrasi, do\u011fru bir deyi\u015fle ileri fa\u015fizmdir. Fa\u015fizmle m\u00fccadele omuz omuza verilir. Aksi taktirde bu fa\u015fizm herkesi tek tek teslim al\u0131r. S\u0131ran\u0131n size gelmesini beklemeyin. Hani s\u00f6z vermi\u015flerdi dokunulmazl\u0131\u011f\u0131n kald\u0131r\u0131lmas\u0131 i\u00e7in, an\u0131msad\u0131n\u0131z m\u0131? Emin olun zaman\u0131 gelince bu s\u00f6zlerini yerine getirecekler ve siyaset\u00e7iler de dahil olmak \u00fczere t\u00fcm muhalifleri susturacaklard\u0131r&#8221; dedi.<\/p>\n<p style=\"text-align: justify;\"><a href=\"http:\/\/www.cnnturk.com\/2011\/turkiye\/02\/16\/basbakan.erdogani.damat.ferite.benzetti\/607072.0\/index.html\" target=\"_blank\"><span style=\"color: #888888;\">Kaynak : CNN T\u00dcRK<\/span><\/a><\/p>\n","protected":false},"excerpt":{"rendered":"<p style=\"text-align: center;\">\n<p style=\"text-align: justify;\">Eski Deniz Harp Okulu Komutan\u0131 emekli Tu\u011famiral T\u00fcrker Ert\u00fcrk, &#8220;Balyoz&#8221; davas\u0131 tutuklamalar\u0131n\u0131, \u0130stanbul i\u015fgal alt\u0131ndayken ger\u00e7ekle\u015fen tutuklamalara, Ba\u015fbakan Erdo\u011fan&#8217;\u0131 da &#8220;Damat Ferit&#8221;e benzetti.<\/p>\n<p style=\"text-align: justify;\">(DHA) &#8212; Emekli Tu\u011famiral T\u00fcrker Ert\u00fcrk, Trabzon&#8217;dan yay\u0131n yapan &#8216;haber61&#8217; isimli internet sitesine g\u00fcnl\u00fck siyasi geli\u015fmelerle ilgili yaz\u0131lar kaleme almaya ba\u015flad\u0131.<\/p>\n<p style=\"text-align: justify;\">Ert\u00fcrk, bug\u00fcn <\/p>\n","protected":false},"author":1,"featured_media":0,"comment_status":"open","ping_status":"closed","sticky":false,"template":"","format":"standard","meta":{"footnotes":""},"categories":[105],"tags":[],"class_list":["post-28524","post","type-post","status-publish","format-standard","hentry","category-gundem","odd"],"_links":{"self":[{"href":"http:\/\/www.korhanyilmaz.com\/index.php?rest_route=\/wp\/v2\/posts\/28524","targetHints":{"allow":["GET"]}}],"collection":[{"href":"http:\/\/www.korhanyilmaz.com\/index.php?rest_route=\/wp\/v2\/posts"}],"about":[{"href":"http:\/\/www.korhanyilmaz.com\/index.php?rest_route=\/wp\/v2\/types\/post"}],"author":[{"embeddable":true,"href":"http:\/\/www.korhanyilmaz.com\/index.php?rest_route=\/wp\/v2\/users\/1"}],"replies":[{"embeddable":true,"href":"http:\/\/www.korhanyilmaz.com\/index.php?rest_route=%2Fwp%2Fv2%2Fcomments&post=28524"}],"version-history":[{"count":0,"href":"http:\/\/www.korhanyilmaz.com\/index.php?rest_route=\/wp\/v2\/posts\/28524\/revisions"}],"wp:attachment":[{"href":"http:\/\/www.korhanyilmaz.com\/index.php?rest_route=%2Fwp%2Fv2%2Fmedia&parent=28524"}],"wp:term":[{"taxonomy":"category","embeddable":true,"href":"http:\/\/www.korhanyilmaz.com\/index.php?rest_route=%2Fwp%2Fv2%2Fcategories&post=28524"},{"taxonomy":"post_tag","embeddable":true,"href":"http:\/\/www.korhanyilmaz.com\/index.php?rest_route=%2Fwp%2Fv2%2Ftags&post=28524"}],"curies":[{"name":"wp","href":"https:\/\/api.w.org\/{rel}","templated":true}]}}