{"id":28515,"date":"2011-02-16T16:48:27","date_gmt":"2011-02-16T14:48:27","guid":{"rendered":"http:\/\/www.korhanyilmaz.com\/?p=28515"},"modified":"2011-02-16T16:48:27","modified_gmt":"2011-02-16T14:48:27","slug":"vural-baskulak-kim","status":"publish","type":"post","link":"http:\/\/www.korhanyilmaz.com\/?p=28515","title":{"rendered":"Vural: &#8220;Ba\u015fkulak kim?&#8221;"},"content":{"rendered":"<p style=\"text-align: justify;\"><a href=\"http:\/\/www.korhanyilmaz.com\/wp-content\/uploads\/2011\/02\/386.jpg\"  class=\"lightview\"><img loading=\"lazy\" decoding=\"async\" class=\"aligncenter size-full wp-image-28516\" src=\"http:\/\/www.korhanyilmaz.com\/wp-content\/uploads\/2011\/02\/386.jpg\" alt=\"\" width=\"272\" height=\"204\" \/><\/a><\/p>\n<p style=\"text-align: justify;\">M\u0131s\u0131r, Tunus gibi \u00fclkelere &#8220;Sak\u0131n T\u00fcrkiye&#8217;ye benzemeyin, \u00e7\u00fcnk\u00fc T\u00fcrkiye&#8217;de M\u00fcbarekle\u015fen bir iktidar var&#8221; \u015feklinde seslenen MHP&#8217;li Oktay Vural, &#8220;Say\u0131n Ba\u015fbakan&#8217;\u0131n nerede ne \u00e7evirdi\u011finin hesab\u0131n\u0131 soraca\u011f\u0131z&#8221; dedi.<\/p>\n<p style=\"text-align: justify;\">Vural, dinlendi\u011fine y\u00f6nelik iddialar \u00fczerine de &#8221;<span style=\"text-decoration: underline;\"><strong>O cd&#8217;lerin nereye gitti\u011fini biliyorum. \u015eunu merak ediyorum: Ba\u015fkulak kim?<\/strong><\/span>&#8221; dedi ve Ba\u015fbakan Erdo\u011fan&#8217;\u0131 i\u015faret etti.<!--more--><\/p>\n<p style=\"text-align: justify;\">TBMM- MHP Grup Ba\u015fkanvekili Oktay Vural, T\u00fcrkiye&#8217;de demokraside geriye gidi\u015f oldu\u011funu savunarak, &#8221;T\u00fcrkiye&#8217;de &#8216;M\u00fcbarekle\u015fen&#8217; bir iktidar vard\u0131r. M\u0131s\u0131r&#8217;dakilere, Tunus&#8217;takilere tavsiye ediyorum: T\u00fcrkiye&#8217;ye benzemeyin, bu iktidara benzemeyin. Bu iktidar giderek diktat\u00f6rle\u015fiyor&#8221; dedi.<\/p>\n<p style=\"text-align: justify;\">Vural, d\u00fczenledi\u011fi bas\u0131n toplant\u0131s\u0131nda, Ba\u015fbakan Recep Tayyip Erdo\u011fan&#8217;\u0131n d\u00fcn partisinin grup toplant\u0131s\u0131nda yapt\u0131\u011f\u0131 konu\u015fmay\u0131 de\u011ferlendirdi. Toplant\u0131da &#8221;yalan r\u00fczgar\u0131&#8221; dizisinin yeni bir b\u00f6l\u00fcm\u00fcn\u00fcn sergilendi\u011fini \u00f6ne s\u00fcren Vural, Erdo\u011fan&#8217;\u0131n muhalefetin TBMM&#8217;de engelleme yapt\u0131\u011f\u0131n\u0131 s\u00f6yledi\u011fini an\u0131msatt\u0131. Vural, Erdo\u011fan&#8217;\u0131n &#8221;tek partili bir meclis istedi\u011fini&#8221; ileri s\u00fcrerek, &#8221;M\u00fcbarekle\u015fiyor. 9 y\u0131ld\u0131r T\u00fcrkiye&#8217;yi idare ediyor. Muhalefeti engellemek i\u00e7in her \u015feyi yap\u0131yorlar, muhalefeti sindirmeye \u00e7al\u0131\u015f\u0131yorlar. Niye? Ba\u015fbakana g\u00f6re milletvekillerinin sadece parmaklar\u0131 kalk\u0131p inmeli, bu parmaklarda vicdan olmamal\u0131&#8221; g\u00f6r\u00fc\u015f\u00fcn\u00fc dile getirdi.<\/p>\n<p style=\"text-align: justify;\">Erdo\u011fan&#8217;\u0131n kendisinin sorgulanmad\u0131\u011f\u0131, ele\u015ftirilmedi\u011fi bir T\u00fcrkiye istedi\u011fini iddia eden Vural, &#8221;Yok \u00f6yle ya\u011fma Hasan&#8217;\u0131n b\u00f6re\u011fi Say\u0131n Ba\u015fbakan. Haks\u0131zl\u0131k kar\u015f\u0131s\u0131nda susan dilsiz \u015feytan de\u011filiz. Biz sizin gibi \u00fc\u00e7 maymunu oynayanlardan olmayaca\u011f\u0131z&#8221; dedi.<\/p>\n<p style=\"text-align: justify;\">Vural, Erdo\u011fan&#8217;\u0131n s\u00fcrekli olarak b\u00f6l\u00fcnm\u00fc\u015f yollardan s\u00f6z etti\u011fini, iktidar\u0131 devrald\u0131\u011f\u0131nda 63 bin kilometre olan devlet yolunun 64 bine \u00e7\u0131kt\u0131\u011f\u0131n\u0131 belirterek, &#8221;Ne yapt\u0131n sen? Yeni devlet yolu a\u00e7t\u0131n m\u0131? A\u00e7mad\u0131n. \u00c7ukurlu yol da istemiyoruz. Vatanda\u015flar lunaparkta gibi seyahat ediyor. Her taraf \u00e7ukur. Yapacaksan do\u011fru d\u00fcr\u00fcst yap&#8221; diye konu\u015ftu.<\/p>\n<p style=\"text-align: justify;\">Erdo\u011fan&#8217;\u0131n vatanda\u015f\u0131n yapt\u0131rd\u0131\u011f\u0131 okullar\u0131 da kendisi yapm\u0131\u015f gibi g\u00f6sterdi\u011fini ifade eden Vural, &#8221;Vatanda\u015f\u0131n yapt\u0131\u011f\u0131 hay\u0131rlar\u0131 da kendisi yapm\u0131\u015f gibi cebine koyuyor. Bu kadar insafs\u0131zl\u0131k olur mu&#8221; diye sordu.<\/p>\n<p style=\"text-align: justify;\"><strong>&#8220;TOK\u0130 \u0130HALELER\u0130 K\u0130MLERE VER\u0130LD\u0130?&#8221;<\/strong><\/p>\n<p style=\"text-align: justify;\">TOK\u0130 ihalelerinde &#8221;kime neler verildi\u011fi&#8221; konusundaki dosyalar\u0131n ellerinde haz\u0131r oldu\u011funu belirten Vural, &#8221;hesap verme s\u00f6z konusu olunca Ba\u015fbakan&#8217;\u0131n t\u00fcylerinin diken diken oldu\u011funu&#8221; kaydetti.<\/p>\n<p style=\"text-align: justify;\">Toplu konut konusunda ge\u00e7mi\u015f iktidarlar d\u00f6nemlerinde yap\u0131lanlar\u0131 dile getiren Vural, \u015f\u00f6yle konu\u015ftu:<\/p>\n<p style=\"text-align: justify;\">&#8221;Fitil fitil burunlar\u0131ndan getirece\u011fiz. Ne korkuyorsun? Kimsenin yan\u0131na b\u0131rakmayaca\u011f\u0131z. Bug\u00fcne kadar toplu konutta yap\u0131lanlara te\u015fekk\u00fcr ediyoruz. Evi olmayan insana ev vermek elbette sayg\u0131de\u011fer bir husustur ama ev verirken rant\u0131 yanda\u015flara payla\u015ft\u0131rmak kabul edebilece\u011fimiz bir husus de\u011fildir. Bunu sorgulayaca\u011f\u0131z elbette. &#8216;TOK\u0130 bitmi\u015fti&#8217; diyor. TOK\u0130 yok idiyse ba\u015f\u0131ndaki adam\u0131 niye \u00f6nce m\u00fcste\u015far yard\u0131mc\u0131s\u0131, sonra m\u00fcste\u015far yapt\u0131n? Ba\u015fbakan hesap vermekten ka\u00e7\u0131yor. 30 y\u0131l da olsa m\u00fcbarek hesap verecek. Fakir fukara \u00fczerinden birilerini zengin yapmak vicdana s\u0131\u011far m\u0131? Vatanda\u015fa k\u00f6m\u00fcr ve makarna da\u011f\u0131t\u0131rken k\u00f6m\u00fcr ve makarna \u00fcreticilerine rant da\u011f\u0131tmak yak\u0131\u015f\u0131r m\u0131?<\/p>\n<p style=\"text-align: justify;\">Say\u0131n Ba\u015fbakan &#8216;pislikleri temizledik&#8217; diyor. Nereye y\u0131\u011fd\u0131n pislikleri, nereye g\u00f6t\u00fcrd\u00fcn? Bug\u00fcne kadar senden \u00f6nceki d\u00f6nem ile ilgili ne iddia ortaya koydun, kimden ne hesap sorabildin? Bug\u00fcn pisliklere batm\u0131\u015f bir iktidar\u0131n &#8216;ge\u00e7mi\u015fteki pislikleri temizliyoruz&#8217; demeye hakk\u0131 yoktur. Evlerdeki \u00e7ama\u015f\u0131r makineleri ve deterjanlar\u0131, belediyelerdeki temizlik\u00e7ileri toplayal\u0131m kirli \u00e7ama\u015f\u0131rlar\u0131 ve pislikleri temizleyemez. Ancak yarg\u0131 temizler. Say\u0131n Ba\u015fbakan\u0131n nerede ne \u00e7evirdi\u011finin hesab\u0131n\u0131 soraca\u011f\u0131z.&#8221;<\/p>\n<p style=\"text-align: justify;\"><strong>&#8221;BA\u015eKULAK K\u0130M?&#8221;<\/strong><\/p>\n<p style=\"text-align: justify;\">Sorular\u0131 da yan\u0131tlayan Vural, CHP \u0130stanbul Milletvekili \u00c7etin Soysal&#8217;\u0131n telefon dinlemelerine ili\u015fkin iddialar\u0131n\u0131n an\u0131msat\u0131lmas\u0131 \u00fczerine, &#8221;T\u00fcrkiye&#8217;de insanlar\u0131n dinlenmedi\u011fine ili\u015fkin bir \u015f\u00fcphe mi var?&#8221; diye sordu. Gazetecilerin, siyaset\u00e7ilerin dinlendi\u011fini iddia eden Vural, \u015funlar\u0131 kaydetti:<\/p>\n<p style=\"text-align: justify;\">&#8221;O cd&#8217;lerin nereye gitti\u011fini biliyorum. \u015eunu merak ediyorum: Ba\u015fkulak kim? Hayra dinlese, dinlediklerinden iyi bir \u015fey \u00e7\u0131kart\u0131r, iyi bir \u015feyler yapar. Hayra dinlemiyor demek ki. Say\u0131n Ba\u015fbakan s\u00f6ylediklerimizin hay\u0131rl\u0131 taraflar\u0131n\u0131 dinlese bu yanl\u0131\u015fl\u0131klar\u0131 yapmazd\u0131. Demek ki hay\u0131rl\u0131 taraflar\u0131 i\u00e7in de\u011fil de fitne fesat i\u00e7in dinleniyor. T\u00fcrkiye, bug\u00fcn bir korku imparatorlu\u011fundad\u0131r. Demokraside geriye gidi\u015f vard\u0131r. T\u00fcrkiye&#8217;de &#8216;M\u00fcbarekle\u015fen&#8217; bir iktidar vard\u0131r. M\u0131s\u0131r&#8217;dakilere, Tunus&#8217;takilere tavsiye ediyorum: T\u00fcrkiye&#8217;ye benzemeyin, bu iktidara benzemeyin. Bu iktidar giderek diktat\u00f6rle\u015fiyor.&#8221;<\/p>\n<p style=\"text-align: justify;\">Soysal&#8217;\u0131n bir dinlenenler listesinden bahsetti\u011finin an\u0131msat\u0131lmas\u0131 \u00fczerine Vural, b\u00f6yle bir liste g\u00f6rmedi\u011fini ifade etti.<\/p>\n<p style=\"text-align: justify;\">Vural, &#8221;Dinlemeye kar\u015f\u0131 tedbir al\u0131p almad\u0131\u011f\u0131n\u0131n&#8221; sorulmas\u0131 \u00fczerine ise &#8221;Niye tedbir alay\u0131m? Beni kimse tehdit edemez. Korku imparatorlu\u011funa teslim olacak \u00fclk\u00fcc\u00fc ve milliyet\u00e7i yoktur. Biz tun\u00e7 y\u00fcreklileriz. Evren&#8217;in diktatoryas\u0131na kar\u015f\u0131 durmu\u015fuz da Tayyiban&#8217;a kar\u015f\u0131 m\u0131 durmayaca\u011f\u0131z. Hi\u00e7 kimse beni tehdit edemez. Haberle\u015fme h\u00fcrriyeti tehdit ediliyorsa bunun ba\u015f sorumlusu Ba\u015fbakan ve h\u00fck\u00fcmet olur. Kendi kendimi k\u0131s\u0131tlamam&#8221; diye konu\u015ftu.<\/p>\n<p style=\"text-align: justify;\"><strong>&#8221;ALLAH DAHA \u0130LER\u0130 DEMOKRAS\u0130DEN KORUSUN&#8221;<\/strong><\/p>\n<p style=\"text-align: justify;\">MHP Erzurum \u0130l Ba\u015fkan\u0131&#8217;n\u0131n kentte d\u00fczenlenen \u00fcniversite k\u0131\u015f oyunlar\u0131 konusunda a\u00e7\u0131klama yapt\u0131\u011f\u0131n\u0131 ve koordinat\u00f6r\u00fcn 14 bin lira maa\u015f ald\u0131\u011f\u0131na dair iddialar dile getirdi\u011fini bildiren Vural, il ba\u015fkan\u0131n\u0131n a\u00e7\u0131klamadan sonra g\u00f6zalt\u0131na al\u0131nd\u0131\u011f\u0131n\u0131 ve tutuklama talebiyle a\u011f\u0131r ceza mahkemesine sevk edildi\u011fini s\u00f6yledi. Vural, &#8221;Bu \u00fclkede kamu y\u00f6neticilerini sorgulamayacak m\u0131y\u0131z? Hak hep g\u00fc\u00e7l\u00fcn\u00fcn m\u00fc olacak?&#8221; dedi.<\/p>\n<p style=\"text-align: justify;\">Ayd\u0131n&#8217;da yapt\u0131\u011f\u0131 konu\u015fma nedeniyle dokunulmazl\u0131\u011f\u0131n\u0131n kald\u0131r\u0131lmas\u0131 i\u00e7in fezleke yaz\u0131ld\u0131\u011f\u0131n\u0131 belirten Vural, &#8221;Ele\u015ftiri yapmayacak m\u0131y\u0131z? T\u00fcrkiye giderek bask\u0131c\u0131 bir y\u00f6netime do\u011fru gidiyor. Hakim ve savc\u0131lar\u0131m\u0131z y\u00fcr\u00fctmenin bask\u0131s\u0131 alt\u0131nda. Sevsinler senin ileri demokrasini. Allah senin daha ileri demokrasinden milleti korusun&#8221; diye konu\u015ftu.<\/p>\n<p style=\"text-align: justify;\"><a href=\"http:\/\/www.gazeteport.com.tr\/SIYASET\/NEWS\/GP_854561\" target=\"_blank\"><span style=\"color: #888888;\">Kaynak : GAZETEPORT<\/span><\/a><\/p>\n","protected":false},"excerpt":{"rendered":"<p style=\"text-align: justify;\">\n<p style=\"text-align: justify;\">M\u0131s\u0131r, Tunus gibi \u00fclkelere &#8220;Sak\u0131n T\u00fcrkiye&#8217;ye benzemeyin, \u00e7\u00fcnk\u00fc T\u00fcrkiye&#8217;de M\u00fcbarekle\u015fen bir iktidar var&#8221; \u015feklinde seslenen MHP&#8217;li Oktay Vural, &#8220;Say\u0131n Ba\u015fbakan&#8217;\u0131n nerede ne \u00e7evirdi\u011finin hesab\u0131n\u0131 soraca\u011f\u0131z&#8221; dedi.<\/p>\n<p style=\"text-align: justify;\">Vural, dinlendi\u011fine y\u00f6nelik iddialar \u00fczerine de &#8221;O cd&#8217;lerin nereye gitti\u011fini biliyorum. \u015eunu merak ediyorum: Ba\u015fkulak kim?&#8221; dedi ve Ba\u015fbakan Erdo\u011fan&#8217;\u0131 i\u015faret etti.<\/p>\n","protected":false},"author":1,"featured_media":0,"comment_status":"open","ping_status":"closed","sticky":false,"template":"","format":"standard","meta":{"footnotes":""},"categories":[105],"tags":[],"class_list":["post-28515","post","type-post","status-publish","format-standard","hentry","category-gundem","odd"],"_links":{"self":[{"href":"http:\/\/www.korhanyilmaz.com\/index.php?rest_route=\/wp\/v2\/posts\/28515","targetHints":{"allow":["GET"]}}],"collection":[{"href":"http:\/\/www.korhanyilmaz.com\/index.php?rest_route=\/wp\/v2\/posts"}],"about":[{"href":"http:\/\/www.korhanyilmaz.com\/index.php?rest_route=\/wp\/v2\/types\/post"}],"author":[{"embeddable":true,"href":"http:\/\/www.korhanyilmaz.com\/index.php?rest_route=\/wp\/v2\/users\/1"}],"replies":[{"embeddable":true,"href":"http:\/\/www.korhanyilmaz.com\/index.php?rest_route=%2Fwp%2Fv2%2Fcomments&post=28515"}],"version-history":[{"count":0,"href":"http:\/\/www.korhanyilmaz.com\/index.php?rest_route=\/wp\/v2\/posts\/28515\/revisions"}],"wp:attachment":[{"href":"http:\/\/www.korhanyilmaz.com\/index.php?rest_route=%2Fwp%2Fv2%2Fmedia&parent=28515"}],"wp:term":[{"taxonomy":"category","embeddable":true,"href":"http:\/\/www.korhanyilmaz.com\/index.php?rest_route=%2Fwp%2Fv2%2Fcategories&post=28515"},{"taxonomy":"post_tag","embeddable":true,"href":"http:\/\/www.korhanyilmaz.com\/index.php?rest_route=%2Fwp%2Fv2%2Ftags&post=28515"}],"curies":[{"name":"wp","href":"https:\/\/api.w.org\/{rel}","templated":true}]}}