{"id":28512,"date":"2011-02-16T15:31:50","date_gmt":"2011-02-16T13:31:50","guid":{"rendered":"http:\/\/www.korhanyilmaz.com\/?p=28512"},"modified":"2011-02-16T15:31:50","modified_gmt":"2011-02-16T13:31:50","slug":"kilicdaroglu-evet-dinleniyorum","status":"publish","type":"post","link":"http:\/\/www.korhanyilmaz.com\/?p=28512","title":{"rendered":"K\u0131l\u0131\u00e7daro\u011flu: Evet, dinleniyorum!"},"content":{"rendered":"<p style=\"text-align: center;\"><a href=\"http:\/\/www.korhanyilmaz.com\/wp-content\/uploads\/2011\/02\/385.jpg\"  class=\"lightview\"><img loading=\"lazy\" decoding=\"async\" class=\"aligncenter size-full wp-image-28513\" src=\"http:\/\/www.korhanyilmaz.com\/wp-content\/uploads\/2011\/02\/385.jpg\" alt=\"\" width=\"413\" height=\"220\" \/><\/a><\/p>\n<p style=\"text-align: justify;\">CHP Genel Ba\u015fkan\u0131 Kemal K\u0131l\u0131\u00e7daro\u011flu, &#8221;Benim telefonlar\u0131m, evimin telefonlar\u0131, \u00e7ocuklar\u0131m\u0131n telefonlar\u0131 dinleniyor. Bunun ad\u0131na ileri demokrasi diyorlar&#8221; dedi.<!--more--><\/p>\n<p style=\"text-align: justify;\">\u0130STANBUL &#8211; CHP lideri K\u0131l\u0131\u00e7daro\u011flu, Mustafa Kemal K\u00fclt\u00fcr Merkezi&#8217;nde Aile Sigortas\u0131 ile ilgili d\u00fczenledi\u011fi bas\u0131n toplant\u0131s\u0131n\u0131n ard\u0131ndan, bas\u0131n mensuplar\u0131n\u0131n sorular\u0131n\u0131 cevaplad\u0131.<\/p>\n<p style=\"text-align: justify;\">Kemal K\u0131l\u0131\u00e7daro\u011flu, bir gazetecinin Ergenekon soru\u015fturmas\u0131 kapsam\u0131nda g\u00f6zalt\u0131na al\u0131nan Soner Yal\u00e7\u0131n ile g\u00f6r\u00fc\u015fmelerinin teknik takipte ortaya \u00e7\u0131kmas\u0131na ili\u015fkin soru \u00fczerine, \u015f\u00f6yle dedi:<\/p>\n<p style=\"text-align: justify;\">&#8221;Telefon dinleme ay\u0131b\u0131n\u0131 iktidar yap\u0131yorsa bunun sorumlusu ben miyim? Benim telefonlar\u0131m dinleniyor arkada\u015flar. Ne s\u00f6ylemi\u015fim? Benim telefonlar\u0131m, evimin telefonlar\u0131, \u00e7ocuklar\u0131m\u0131n telefonlar\u0131 dinleniyor. Bunun ad\u0131na ileri demokrasi diyorlar. Ne s\u00f6yleyebilirim.&#8221;<\/p>\n<p style=\"text-align: justify;\"><a href=\"http:\/\/www.gazeteport.com.tr\/SIYASET\/NEWS\/GP_854499\" target=\"_blank\"><span style=\"color: #888888;\">Kaynak : GAZETEPORT<\/span><\/a><\/p>\n","protected":false},"excerpt":{"rendered":"<p style=\"text-align: center;\">\n<p style=\"text-align: justify;\">CHP Genel Ba\u015fkan\u0131 Kemal K\u0131l\u0131\u00e7daro\u011flu, &#8221;Benim telefonlar\u0131m, evimin telefonlar\u0131, \u00e7ocuklar\u0131m\u0131n telefonlar\u0131 dinleniyor. Bunun ad\u0131na ileri demokrasi diyorlar&#8221; dedi.<\/p>\n","protected":false},"author":1,"featured_media":0,"comment_status":"open","ping_status":"closed","sticky":false,"template":"","format":"standard","meta":{"footnotes":""},"categories":[105],"tags":[],"class_list":["post-28512","post","type-post","status-publish","format-standard","hentry","category-gundem","odd"],"_links":{"self":[{"href":"http:\/\/www.korhanyilmaz.com\/index.php?rest_route=\/wp\/v2\/posts\/28512","targetHints":{"allow":["GET"]}}],"collection":[{"href":"http:\/\/www.korhanyilmaz.com\/index.php?rest_route=\/wp\/v2\/posts"}],"about":[{"href":"http:\/\/www.korhanyilmaz.com\/index.php?rest_route=\/wp\/v2\/types\/post"}],"author":[{"embeddable":true,"href":"http:\/\/www.korhanyilmaz.com\/index.php?rest_route=\/wp\/v2\/users\/1"}],"replies":[{"embeddable":true,"href":"http:\/\/www.korhanyilmaz.com\/index.php?rest_route=%2Fwp%2Fv2%2Fcomments&post=28512"}],"version-history":[{"count":0,"href":"http:\/\/www.korhanyilmaz.com\/index.php?rest_route=\/wp\/v2\/posts\/28512\/revisions"}],"wp:attachment":[{"href":"http:\/\/www.korhanyilmaz.com\/index.php?rest_route=%2Fwp%2Fv2%2Fmedia&parent=28512"}],"wp:term":[{"taxonomy":"category","embeddable":true,"href":"http:\/\/www.korhanyilmaz.com\/index.php?rest_route=%2Fwp%2Fv2%2Fcategories&post=28512"},{"taxonomy":"post_tag","embeddable":true,"href":"http:\/\/www.korhanyilmaz.com\/index.php?rest_route=%2Fwp%2Fv2%2Ftags&post=28512"}],"curies":[{"name":"wp","href":"https:\/\/api.w.org\/{rel}","templated":true}]}}