{"id":28508,"date":"2011-02-16T17:40:37","date_gmt":"2011-02-16T15:40:37","guid":{"rendered":"http:\/\/www.korhanyilmaz.com\/?p=28508"},"modified":"2011-02-16T17:40:37","modified_gmt":"2011-02-16T15:40:37","slug":"celikten-kilicdarogluna-cok-sert-sozler","status":"publish","type":"post","link":"http:\/\/www.korhanyilmaz.com\/?p=28508","title":{"rendered":"\u00c7elik&#8217;ten K\u0131l\u0131\u00e7daro\u011flu&#8217;na \u00e7ok sert s\u00f6zler"},"content":{"rendered":"<p style=\"text-align: center;\"><a href=\"http:\/\/www.korhanyilmaz.com\/wp-content\/uploads\/2011\/02\/383.jpg\"  class=\"lightview\"><img loading=\"lazy\" decoding=\"async\" class=\"aligncenter size-full wp-image-28509\" src=\"http:\/\/www.korhanyilmaz.com\/wp-content\/uploads\/2011\/02\/383.jpg\" alt=\"\" width=\"414\" height=\"220\" \/><\/a><\/p>\n<p style=\"text-align: justify;\">AK Parti Genel Ba\u015fkan Yard\u0131mc\u0131s\u0131 H\u00fcseyin \u00c7elik&#8217;den CHP lideri K\u0131l\u0131\u00e7daro\u011flu&#8217;na \u00e7ok a\u011f\u0131r s\u00f6zler: &#8220;Ahlaks\u0131z bir kaset sizi genel ba\u015fkanl\u0131\u011fa ta\u015f\u0131d\u0131 ama ahlaks\u0131z bir \u00fcslup, itham ve iftira sizi iktidara ta\u015f\u0131maz&#8221;<!--more--><\/p>\n<p style=\"text-align: justify;\">ANKARA &#8211; AKP&#8217;li \u00c7elik, parti genel merkezinde d\u00fczenledi\u011fi bas\u0131n toplant\u0131s\u0131nda g\u00fcndeme ili\u015fkin a\u00e7\u0131klamalarda bulundu, gazetecilerin sorular\u0131n\u0131 yan\u0131tlad\u0131.<\/p>\n<p style=\"text-align: justify;\">H\u00fcseyin \u00c7elik, ABD&#8217;nin Ankara B\u00fcy\u00fckel\u00e7isi Francis Joseph Ricciardone&#8217;ye atfen bug\u00fcn bir gazetede a\u00e7\u0131klamalar\u0131n\u0131n sorulmas\u0131 \u00fczerine \u015fu de\u011ferlendirmeyi yapt\u0131:<\/p>\n<p style=\"text-align: justify;\">&#8221;Diyelim ki bir b\u00fcy\u00fckel\u00e7i bir toplant\u0131 yap\u0131yor, siz de ona &#8216;bu balyoz eylem plan\u0131ndan dolay\u0131 baz\u0131 askerlerin, baz\u0131 generaller i\u00e7eri al\u0131nd\u0131, bununla ilgili ne diyorsunuz&#8217; diye soru sordu\u011funuz zaman &#8216;bu benim bildi\u011fim bir konu de\u011fil, bilmiyorum ni\u00e7in ald\u0131klar\u0131n\u0131&#8217; demesinden daha tabi bir \u015fey olamaz.<\/p>\n<p style=\"text-align: justify;\">Elbette b\u00fcy\u00fckel\u00e7iler bizim i\u00e7i\u015flerimize kar\u0131\u015famazlar, bizim i\u00e7 politikam\u0131z\u0131 dizayn edemezler. Bu konuda kendilerine bi\u00e7ilmi\u015f olan bir alan vard\u0131r, \u00e7izilmi\u015f olan bir s\u0131n\u0131r vard\u0131r. Bu s\u0131n\u0131rda, ABD b\u00fcy\u00fckel\u00e7isi de olsa, Rusya b\u00fcy\u00fckel\u00e7isi de olsa hangi b\u00fcy\u00fckel\u00e7i olursa olsun orada durmak zorundad\u0131r. Ancak bas\u0131n \u00f6zg\u00fcrl\u00fc\u011f\u00fcnden yana oldu\u011funu her insan s\u00f6yler, ben de s\u00f6ylerim, siz de s\u00f6yl\u00fcyorsunuz, Odatv ile ilgili olarak da s\u00f6yl\u00fcyorum. elbette bas\u0131n \u00f6zg\u00fcrl\u00fc\u011f\u00fcnden yanay\u0131z ama biz Odatv veya ba\u015fka bir \u015fey, yay\u0131n yapt\u0131\u011f\u0131 i\u00e7in, sadece bir internet ortam\u0131nda, sanal ortamda bu faaliyeti s\u00fcrd\u00fcrd\u00fc\u011f\u00fc i\u00e7in herhalde kendisine b\u00f6yle bir operasyon yap\u0131ld\u0131\u011f\u0131n\u0131 d\u00fc\u015f\u00fcnm\u00fcyoruz. \u0130\u015fin asl\u0131n\u0131 a\u00e7\u0131k\u00e7as\u0131 ben de bilmiyorum. Bir dava ile mi ili\u015fkilendirilmi\u015ftir, \u015fu veya bu \u015fekilde bir kan\u0131t ele ge\u00e7irilmi\u015f bundan dolay\u0131 m\u0131 b\u00f6yle bir operasyon yap\u0131lm\u0131\u015ft\u0131r? bunu bilmiyoruz. Dolay\u0131s\u0131yla bas\u0131n \u00f6zg\u00fcrl\u00fcnden biz de yanay\u0131z, hepimiz yanay\u0131z.<\/p>\n<p style=\"text-align: justify;\">Ne olursa olsun son yapt\u0131\u011f\u0131m\u0131z RT\u00dcK d\u00fczenlemesinde, tabii afet durumunda, ola\u011fan\u00fcst\u00fc hallerde, T\u00fcrkiye&#8217;nin kar\u015f\u0131 kar\u015f\u0131ya bulundu\u011fu \u015fu veya bu \u015fekildeki tehlikelerde bile &#8216;bas\u0131n \u00f6zg\u00fcrl\u00fc\u011f\u00fc esast\u0131r ve g\u00f6z ard\u0131 edilemez&#8217; diyoruz. Halk\u0131n haber alma hakk\u0131n\u0131 engellemek demokrasilerde s\u00f6z konusu bile olamaz. Ancak bas\u0131n mensubu su\u00e7 i\u015flemez, asker su\u00e7 i\u015flemez, polis su\u00e7 i\u015flemez, \u00fcniversite hocas\u0131 su\u00e7 i\u015flemez, siyaset\u00e7i su\u00e7 i\u015flemez&#8217; diye bir kavram s\u00f6z konusu de\u011fildir. Sizin bas\u0131n mensubu olman\u0131z, size su\u00e7 i\u015fleme imtiyaz\u0131 vermez. Dolay\u0131s\u0131yla meslek erbab\u0131, askerler asker oldu\u011fu i\u00e7in sadece o mesle\u011fi icra etti\u011fi i\u00e7in e\u011fer birileri taraf\u0131ndan hedef haline getiriliyorsa \u00f6nce bunun kar\u015f\u0131s\u0131nda ben dururum.<\/p>\n<p style=\"text-align: justify;\">Daha \u00f6nce de s\u00f6yledim bir defas\u0131nda, &#8216;efendim rekt\u00f6rler i\u00e7eri al\u0131n\u0131yor&#8217;&#8230; Rekt\u00f6rler rekt\u00f6r oldu\u011fu i\u00e7in i\u00e7eri al\u0131nm\u0131yor. B\u00f6yle olursa bunu anlatamazs\u0131n\u0131z. O zaman T\u00fcrkiye&#8217;de 156 \u00fcniversite, 156 rekt\u00f6r var. 156 rekt\u00f6r\u00fcn i\u00e7eri al\u0131nmas\u0131 laz\u0131m. B\u00f6yle bir \u015fey olamaz. Onun i\u00e7in birbirine kar\u0131\u015ft\u0131rmamam\u0131z laz\u0131m. \u015eap ile \u015feker birbirine benzer ama \u00e7ok farkl\u0131 \u015feylerdir.&#8221;<\/p>\n<p style=\"text-align: justify;\"><strong>&#8221;S\u0130Z DE OLUR OLMAZ SORU SORMAYIN BENCE&#8221; <\/strong><\/p>\n<p style=\"text-align: justify;\">H\u00fcseyin \u00c7elik, bir gazetecinin, ayn\u0131 konuda y\u00f6neltilen sorusuna da \u015fu kar\u015f\u0131l\u0131\u011f\u0131 verdi:<\/p>\n<p style=\"text-align: justify;\">&#8221;T\u00fcrkiye&#8217;nin i\u00e7i\u015flerine \u015fu veya bu \u00fclkeni b\u00fcy\u00fckel\u00e7isi de \u015fu veya bu \u00fclkenin devlet ba\u015fkan\u0131 da m\u00fcdahale edemez. Ancak tekrar s\u00f6yl\u00fcyorum; hepimiz M\u0131s\u0131r ile ilgili diyoruz ki &#8216;halk\u0131n sesine kulak verilmelidir, halk\u0131n demokratik talepleri me\u015frudur ve bu kesinlikle bast\u0131r\u0131lmamal\u0131d\u0131r&#8217;. Bunu M\u0131s\u0131r i\u00e7in de Tunus i\u00e7in de s\u00f6yledik, di\u011fer \u00fclkeler i\u00e7in de s\u00f6yl\u00fcyoruz, \u0130ran i\u00e7in de ba\u015fka \u00fclkeler i\u00e7in de s\u00f6yl\u00fcyoruz. Bunlar genel prensiplerdir, demokratik de\u011ferlerdir. Bu demokratik de\u011ferlerin genelleme yap\u0131larak ifade edilmesi bir \u00fclkenin i\u00e7i\u015flerine m\u00fcdahale anlam\u0131na gelmez. Ben Say\u0131n B\u00fcy\u00fckel\u00e7inin hangi ba\u011flamda ne s\u00f6yledi\u011fini bilmiyorum, orada de\u011filim ama soru sordu\u011funuz i\u00e7in s\u00f6yl\u00fcyorum. Biz de \u015f\u00f6yle bir al\u0131\u015fkanl\u0131k vard\u0131r; yerli yersiz, olur olmaz birine soru soruyorsunuz oradan da bir cevap gelince de bu sefer o adam niye cevap verdi? Peki siz niye soruyorsunuz? Yani bu i\u015fle ilgili olmayan insanlara niye bunu soruyorsunuz? Ge\u00e7mi\u015fte b\u00f6yle bir hastal\u0131k vard\u0131. Bir icraat olur hemen meslekta\u015flar\u0131n\u0131z telefona sar\u0131l\u0131r, &#8216;Genelkurmayda \u00fcst d\u00fczeyde g\u00f6r\u00fc\u015ft\u00fc\u011f\u00fcm bir yetkili \u015f\u00f6yle dedi (biz buna kar\u015f\u0131y\u0131z, biz buna taraftar\u0131z)&#8217;&#8230; Konu ne? Hi\u00e7 askerlik mesle\u011fiyle savunmayla ilgisi olmayan bir \u015fey&#8230; Efendim \u00fcst r\u00fctbeli bir komutanla yapt\u0131\u011f\u0131m g\u00f6r\u00fc\u015fmede&#8230; Sizin meslekta\u015flar\u0131n\u0131z\u0131n da b\u00f6yle bir hastal\u0131\u011f\u0131 vard\u0131. Neyse ki b\u00f6yle bir hastal\u0131k b\u00fcy\u00fck \u00e7apta ge\u00e7ti. \u0130\u015fin asker taraf\u0131nda da sivil taraf\u0131nda da gazeteci taraf\u0131nda da b\u00fcy\u00fckel\u00e7i taraf\u0131nda da \u00e7ok hassasiyetle ele al\u0131nmas\u0131 gerekiyor.<\/p>\n<p style=\"text-align: justify;\">T\u00fcrkiye Cumhuriyeti Devleti ba\u011f\u0131ms\u0131z bir \u00fclkedir, yarg\u0131s\u0131 da ba\u011f\u0131ms\u0131zd\u0131r. Say\u0131n Ba\u015fbakan\u0131, Say\u0131n Cumhurba\u015fkan\u0131 dahil, bizim yarg\u0131m\u0131za bu manada telkinde de bulunmamal\u0131, yasal olarak hukuk devleti mant\u0131\u011f\u0131 gere\u011fi esasen b\u00f6yle bir \u015fey de yapmaya yetkileri de haklar\u0131 da yoktur, ba\u015fbakan da olsa cumhurba\u015fkan\u0131 da olsa, genelkurmay ba\u015fkan\u0131 da olsa&#8230; Kald\u0131 ki yabanc\u0131 misyon \u015feflerinin b\u00f6yle bir yetkisi elbette yoktur ama e\u011fer onlar\u0131n bir yorum yapmas\u0131n\u0131 istemiyorsan\u0131z, siz de olur olmaz yerde mikrofonu uzat\u0131p soru sormamal\u0131s\u0131n\u0131z bence.&#8221;<\/p>\n<p style=\"text-align: justify;\"><strong>KILI\u00c7DARO\u011eLU&#8217;NA TEPK\u0130 <\/strong><\/p>\n<p style=\"text-align: justify;\">\u00c7elik, &#8221;Balyoz Plan\u0131&#8221; davas\u0131 kapsam\u0131nda muvazzaf subaylar\u0131n tutuklanmas\u0131na da de\u011findi.<\/p>\n<p style=\"text-align: justify;\">Su\u00e7lar\u0131 ispat edilmedi\u011fi s\u00fcrece insanlar\u0131n su\u00e7lu ilan edilemeyecekleri ve bu insanlara su\u00e7lu muamelesi yap\u0131lamayaca\u011f\u0131 ilkesi olan masumiyet karinesini hukukun temel prensiplerinden biri olarak benimsediklerini ve kabul ettiklerini belirten H\u00fcseyin \u00c7elik, &#8221;hi\u00e7 kimse, hakk\u0131ndaki deliller toplan\u0131p su\u00e7lulu\u011fu kan\u0131tlanmad\u0131\u011f\u0131 s\u00fcrece su\u00e7lu ilan edilemez, edilmemelidir. Adil yarg\u0131lanma hakk\u0131 hangi dava olursa olsun her insan\u0131n hakk\u0131d\u0131r, her vatanda\u015f\u0131n hakk\u0131d\u0131r. Burada en ufak bir problem s\u00f6z konusu de\u011fildir&#8221; diye konu\u015ftu.<\/p>\n<p style=\"text-align: justify;\">\u0130ktidara geldikleri g\u00fcnden bu yana yarg\u0131n\u0131n hem ba\u011f\u0131ms\u0131zl\u0131\u011f\u0131 hem de tarafs\u0131zl\u0131\u011f\u0131 konusunda azami gayreti g\u00f6sterdiklerini vurgulayan \u00c7elik, buna ra\u011fmen yarg\u0131n\u0131n y\u00fcr\u00fctt\u00fc\u011f\u00fc operasyonlar\u0131n AK Parti ve AK Parti h\u00fck\u00fcmeti ile ili\u015fkilendirilmek i\u00e7in \u00f6zel bir \u00e7aba harcand\u0131\u011f\u0131n\u0131 ifade etti.<\/p>\n<p style=\"text-align: justify;\">H\u00fcseyin \u00c7elik, bu operasyonun h\u00fck\u00fcmetleriyle, partileriyle yak\u0131ndan ilgisi olmad\u0131\u011f\u0131n\u0131 ve iktidar\u0131n, AK Parti&#8217;nin yarg\u0131 ba\u011f\u0131ms\u0131zl\u0131\u011f\u0131 konusunda herkes kadar hassas oldu\u011funu hat\u0131rlatarak, &#8221;Yarg\u0131 ba\u011f\u0131ms\u0131zl\u0131\u011f\u0131n\u0131 etkileyecek en ufak bir davran\u0131\u015f i\u00e7erisinde olmay\u0131 da asla kabul edemeyiz&#8221; dedi.<\/p>\n<p style=\"text-align: justify;\">\u00c7elik, s\u00f6zlerini \u015f\u00f6yle s\u00fcrd\u00fcrd\u00fc:<\/p>\n<p style=\"text-align: justify;\">&#8221;\u00d6yle anla\u015f\u0131l\u0131yor ki CHP Genel Ba\u015fkanl\u0131\u011f\u0131 makam\u0131 ayn\u0131 zamanda bu t\u00fcr konular\u0131n do\u011fal avukatl\u0131\u011f\u0131 anlam\u0131na geliyor. Say\u0131n K\u0131l\u0131\u00e7daro\u011flu genel ba\u015fkan olduktan sonra sadece bu avukatl\u0131\u011f\u0131 \u00fcstlenmekle yetinmedi. Malumunuz d\u00fcn yapt\u0131\u011f\u0131 TBMM grup konu\u015fmas\u0131nda, &#8216;bu \u00f6rg\u00fct nerede? Ben de \u00fcye olmak istiyorum&#8217; dedi. Siz bir insan\u0131n avukat\u0131 olabilirsiniz. Bir insan\u0131n avukat\u0131 oldu\u011funuz zaman ille de o d\u00fc\u015f\u00fcnceyi payla\u015facaks\u0131n\u0131z anlam\u0131na da gelmiyor. Ama Say\u0131n K\u0131l\u0131\u00e7daro\u011flu bunu bir kademe daha ileri g\u00f6t\u00fcrd\u00fc. Say\u0131n K\u0131l\u0131\u00e7daro\u011flu avukatl\u0131kla da yetinmiyor. Bir kademe daha ileri gidiyor. &#8216;Ben \u00fcye olay\u0131m&#8217; diyor.<\/p>\n<p style=\"text-align: justify;\">Say\u0131n K\u0131l\u0131\u00e7daro\u011flu, burada da durmuyor. Balyoz Eylem Plan\u0131 ile ilgili olarak sanki bu soru\u015fturmalar\u0131, bu kovu\u015fturmalar\u0131 h\u00fck\u00fcmet yap\u0131yormu\u015f gibi, bizatihi Say\u0131n Ba\u015fbakan&#8217;\u0131n emriyle yap\u0131l\u0131yormu\u015f gibi beyanlarda bulunuyor. Say\u0131n Ba\u015fbakan\u0131n, Say\u0131n Genelkurmay Ba\u015fkan\u0131 ile Dolmabah\u00e7e&#8217;de g\u00f6r\u00fc\u015fmesini de &#8216;davan\u0131n savc\u0131s\u0131 olarak g\u00f6r\u00fc\u015fmesi&#8217; olarak de\u011ferlendiriyor. Bu Say\u0131n Ba\u015fbakana da yap\u0131lan b\u00fcy\u00fck bir haks\u0131zl\u0131k ve ithamd\u0131r, Say\u0131n Genelkurmay Ba\u015fkan\u0131&#8217;na da yap\u0131lan b\u00fcy\u00fck bir haks\u0131zl\u0131k ve ithamd\u0131r.<\/p>\n<p style=\"text-align: justify;\">Say\u0131n Genelkurmay Ba\u015fkan\u0131n\u0131n amiri Say\u0131n Ba\u015fbakand\u0131r. Kendi mensuplar\u0131yla ilgili g\u00fcndemde bir mesele oldu\u011fu zaman bir amiriyle g\u00f6r\u00fc\u015fmesi, onunla konu\u015fmas\u0131ndan daha do\u011fal ne olabilir? Bu g\u00f6r\u00fc\u015fme sonucunda Say\u0131n Ba\u015fbakan\u0131n yarg\u0131y\u0131 etkileyecek, yarg\u0131ya talimat verme anlam\u0131na gelebilecek \u015fu veya bu \u015fekilde bunun sonucunu de\u011fi\u015ftirecek bir eylemde bulundu\u011funu mu tespit ettiniz? Ne yapsayd\u0131 Say\u0131n Genelkurmay ba\u015fkan\u0131? Silah\u0131 ile, \u00fcniformas\u0131 ile mahkemenin kap\u0131s\u0131na dayanmas\u0131n\u0131 m\u0131 isterdiniz? Zaten genel ba\u015fkan yard\u0131mc\u0131n\u0131z &#8216;me\u011fer ordu ka\u011f\u0131ttan kaplanm\u0131\u015f&#8217; derken asl\u0131nda bunu kastediyormu\u015f.&#8221;<\/p>\n<p style=\"text-align: justify;\"><strong>&#8221;BUNUN AHLAKLA, BUNUN EDEPLE, BUNUN \u0130ZANLA BA\u011eDA\u015eIR TARAFINI BULAMAZSINIZ&#8221; <\/strong><\/p>\n<p style=\"text-align: justify;\">Hukuk devletinde b\u00f6yle bir \u015feyin kabul edilemeyece\u011fini belirten \u00c7elik, hukuk \u00f6n\u00fcnde herkesin e\u015fit oldu\u011funu vurgulad\u0131. Akla karan\u0131n, haks\u0131z ile hakl\u0131n\u0131n beklenip g\u00f6r\u00fclece\u011fini dile getiren \u00c7elik, Ba\u015fbakan Erdo\u011fan&#8217;\u0131n, &#8221;T\u00fcrk Ordusu b\u00f6yle bir \u015faibe alt\u0131nda kalmamal\u0131d\u0131r&#8217; s\u00f6zlerini hat\u0131rlatt\u0131. Bunun hem \u00fclke hem de ordu a\u00e7\u0131s\u0131ndan a\u00e7\u0131\u011fa \u00e7\u0131kar\u0131lmas\u0131 gereken bir sorun oldu\u011funu anlatan H\u00fcseyin \u00c7elik, evraklar\u0131n sahte olup olmayaca\u011f\u0131n\u0131 CHP Genel Ba\u015fkan\u0131 Kemal K\u0131l\u0131\u00e7daro\u011flu&#8217;nun karar veremeyece\u011fini s\u00f6yledi.<\/p>\n<p style=\"text-align: justify;\">&#8221;Say\u0131n K\u0131l\u0131\u00e7daro\u011flu, Say\u0131n Ba\u015fbakana, h\u00fck\u00fcmete, AK Parti&#8217;ye muhalefet etme ad\u0131na maalesef \u00e7irkinli\u011fin boyutunu \u00e7ok ileri derecelere vard\u0131rm\u0131\u015ft\u0131r&#8221; diyen \u00c7elik, Ba\u015fbakan Erdo\u011fan&#8217;\u0131n d\u00fcnyan\u0131n \u00e7ok \u00f6nemli bir b\u00f6l\u00fcm\u00fcnde ezilen, mazlum insanlar\u0131n idol\u00fc haline gelen bir lider oldu\u011funu dile getirdi.<\/p>\n<p style=\"text-align: justify;\">Kemal K\u0131l\u0131\u00e7daro\u011flu&#8217;nun, d\u00fcnk\u00fc grup toplant\u0131s\u0131nda, Ba\u015fbakan Erdo\u011fan&#8217;a y\u00f6nelik olarak, &#8221;ABD&#8217;li askerler M\u00fcsl\u00fcman kad\u0131nlara tecav\u00fcz ederken \u00e7\u0131k\u0131p ABD&#8217;li askerlere ba\u015far\u0131lar diledin. \u0130nsanlar, \u00e7ocuklar \u00f6ld\u00fcr\u00fcld\u00fc orada. Sen kime ba\u015far\u0131lar diledin?&#8221; s\u00f6zlerini sarf etti\u011fini belirten \u00c7elik, \u015f\u00f6yle konu\u015ftu:<\/p>\n<p style=\"text-align: justify;\">&#8221;\u015eu manzaray\u0131 g\u00f6z\u00fcn\u00fcz\u00fcn \u00f6n\u00fcne getirin; bir taraftan ABD&#8217;li askerler Irak&#8217;l\u0131 M\u00fcsl\u00fcman kad\u0131nlara tecav\u00fcz ediyorlar ve T\u00fcrkiye Cumhuriyeti Ba\u015fbakan\u0131 Say\u0131n Erdo\u011fan da ABD&#8217;li askerlere ba\u015far\u0131lar diliyormu\u015f. Bunu nerede diledi Say\u0131n K\u0131l\u0131\u00e7daro\u011flu? \u0130nsan bu kadar m\u0131 ahlaks\u0131zla\u015f\u0131r, insan bu kadar m\u0131 \u00e7irkinle\u015fir? Siyaset nezih bir dil gerektirir.<\/p>\n<p style=\"text-align: justify;\">Bunun asl\u0131, Say\u0131n K\u0131l\u0131\u00e7daro\u011flu&#8217;nun ilham kayna\u011f\u0131 nedir biliyor musunuz? 31 Mart 2003 tarihinde Say\u0131n Ba\u015fbakan Wall Street Journal&#8217;e bir makale yaz\u0131yor. Burada T\u00fcrkiye ile ABD aras\u0131ndaki dostluktan ve m\u00fcttefiklikten s\u00f6z ettikten sonra, iki halk\u0131n tarih boyunca olan ili\u015fkilerinden s\u00f6z ettikten sonra, Say\u0131n Ba\u015fbakan diyor ki oradaki gen\u00e7 kad\u0131n ve erkeklerin, yani Irak&#8217;a giden ABD&#8217;li gen\u00e7 kad\u0131n ve erkek askerlerin en az zararla \u00fclkelerine d\u00f6nmeleri ve Irak&#8217;taki insanl\u0131k dram\u0131n\u0131n bir an \u00f6nce bitmesini diliyoruz ve bunun i\u00e7in dua ediyoruz diyor. Yani Say\u0131n Ba\u015fbakan&#8217;\u0131n temennisi budur. Amerikan askerleri de \u00f6lmesin, Irak&#8217;taki insanlar da \u00f6lmesin, hi\u00e7 kimse \u00f6lmesin. Bu bir bar\u0131\u015f \u00e7a\u011fr\u0131s\u0131d\u0131r, bu bir iyi niyet temennisidir. Siz buradan hareket ederek Irak&#8217;taki kad\u0131nlara tecav\u00fcz eden ABD&#8217;li askerlere sanki \u00f6zellikle de bu fiillerinden dolay\u0131 ba\u015far\u0131 diliyor gibi bunu s\u00f6ylerseniz bunun ahlakla, bunun edeple, bunun izanla ba\u011fda\u015f\u0131r taraf\u0131n\u0131 bulamazs\u0131n\u0131z.<\/p>\n<p style=\"text-align: justify;\">Bu \u00fcslubu k\u0131n\u0131yorum. Say\u0131n K\u0131l\u0131\u00e7daro\u011flu&#8217;nu daha terbiyeli bir \u00fcslup tak\u0131nmaya davet ediyorum&#8221;<\/p>\n<p style=\"text-align: justify;\"><strong>&#8221;AHLAKSIZ KASETLE GENEL BA\u015eKANLI\u011eA TA\u015eINDINIZ&#8221; <\/strong><\/p>\n<p style=\"text-align: justify;\">H\u00fcseyin \u00c7elik, Kemal K\u0131l\u0131\u00e7daro\u011flu&#8217;nun , &#8221;Say\u0131n Ba\u015fbakan illegal dinlemelerden medet ummu\u015ftur&#8221; dedi\u011fini de hat\u0131rlatarak, \u015f\u00f6yle devam etti:<\/p>\n<p style=\"text-align: justify;\">&#8221;B\u00fct\u00fcn illegal faaliyetler, kanun d\u0131\u015f\u0131 faaliyetler, dinlemeler, izlemeler, kay\u0131tlar, fi\u015flemeler ayaklar\u0131m\u0131z\u0131n alt\u0131ndad\u0131r. \u015eiddetle k\u0131n\u0131yoruz. Bunun bize de yap\u0131lmas\u0131n\u0131 istemiyoruz, ba\u015fkas\u0131na da yap\u0131lmas\u0131n\u0131 asla istemiyoruz. Say\u0131n Ba\u015fbakan\u0131m\u0131z\u0131n bizatihi kendisi illegal dinlemelerin ma\u011fdurudur. Bu bas\u0131na yans\u0131d\u0131, bunu biliyorsunuz.<\/p>\n<p style=\"text-align: justify;\">Ancak ne var? \u0130llegal de olsa dinlemeler, takipler, izlemelerin sonucunu kimse yok sayamaz Say\u0131n K\u0131l\u0131\u00e7daro\u011flu. Sizin eski genel ba\u015fkan\u0131n\u0131za y\u00f6nelik biliyorsunuz illegal, ahlak d\u0131\u015f\u0131 bir y\u00f6ntemle bir \u015fey ortaya \u00e7\u0131kar\u0131ld\u0131. Unutmay\u0131n ki siz illegal ve ahlak d\u0131\u015f\u0131 operasyonun sonucu genel ba\u015fkan oldunuz. Bunu yok sayamazs\u0131n\u0131z. Neticede ahlaks\u0131z biz kaset sizi genel ba\u015fkanl\u0131\u011fa ta\u015f\u0131d\u0131 ama ahlaks\u0131z bir \u00fcslup, itham ve iftira sizi iktidara ta\u015f\u0131maz hi\u00e7bir zaman.<\/p>\n<p style=\"text-align: justify;\">Biz her t\u00fcrl\u00fc illegal dinlemeyi, her t\u00fcrl\u00fc izlemeyi, her t\u00fcrl\u00fc fi\u015flemeyi kesinlikle reddediyoruz, k\u0131n\u0131yoruz, ayaklar\u0131m\u0131z\u0131n alt\u0131na al\u0131yoruz, kime yap\u0131l\u0131rsa yap\u0131ls\u0131n&#8230; Ama birilerinin g\u00f6r\u00fc\u015fmeleri ortaya \u00e7\u0131km\u0131\u015fsa ve onlar taraf\u0131ndan da inkar edilmemi\u015fse, Say\u0131n Ba\u015fbakan bunlara i\u015farette bulunmu\u015fsa bu, sonu\u00e7lar\u0131 kamuoyuna mal olan bir meseledir art\u0131k. Say\u0131n Ba\u015fbakan illegal dinlemelerden hi\u00e7bir zaman medet ummam\u0131\u015ft\u0131r, ummaz da..&#8221;<\/p>\n<p style=\"text-align: justify;\">K\u0131l\u0131\u00e7daro\u011flu&#8217;nun, i\u015fsizlik konusunda y\u00f6neltti\u011fi ele\u015ftirilere de de\u011finen \u00c7elik, i\u015fsizli\u011fin sadece T\u00fcrkiye&#8217;nin de\u011fil, t\u00fcm d\u00fcnyan\u0131n sorunu oldu\u011funu, bu konuda T\u00dcrkiye&#8217;de olumlu geli\u015fmeler ya\u015fand\u0131\u011f\u0131n\u0131 s\u00f6yledi.<\/p>\n<p style=\"text-align: justify;\"><a href=\"http:\/\/www.gazeteport.com.tr\/SIYASET\/NEWS\/GP_854452\" target=\"_blank\"><span style=\"color: #888888;\">Kaynak : GAZETEPORT<\/span><\/a><\/p>\n","protected":false},"excerpt":{"rendered":"<p style=\"text-align: center;\">\n<p style=\"text-align: justify;\">AK Parti Genel Ba\u015fkan Yard\u0131mc\u0131s\u0131 H\u00fcseyin \u00c7elik&#8217;den CHP lideri K\u0131l\u0131\u00e7daro\u011flu&#8217;na \u00e7ok a\u011f\u0131r s\u00f6zler: &#8220;Ahlaks\u0131z bir kaset sizi genel ba\u015fkanl\u0131\u011fa ta\u015f\u0131d\u0131 ama ahlaks\u0131z bir \u00fcslup, itham ve iftira sizi iktidara ta\u015f\u0131maz&#8221;<\/p>\n","protected":false},"author":1,"featured_media":0,"comment_status":"open","ping_status":"closed","sticky":false,"template":"","format":"standard","meta":{"footnotes":""},"categories":[105],"tags":[],"class_list":["post-28508","post","type-post","status-publish","format-standard","hentry","category-gundem","odd"],"_links":{"self":[{"href":"http:\/\/www.korhanyilmaz.com\/index.php?rest_route=\/wp\/v2\/posts\/28508","targetHints":{"allow":["GET"]}}],"collection":[{"href":"http:\/\/www.korhanyilmaz.com\/index.php?rest_route=\/wp\/v2\/posts"}],"about":[{"href":"http:\/\/www.korhanyilmaz.com\/index.php?rest_route=\/wp\/v2\/types\/post"}],"author":[{"embeddable":true,"href":"http:\/\/www.korhanyilmaz.com\/index.php?rest_route=\/wp\/v2\/users\/1"}],"replies":[{"embeddable":true,"href":"http:\/\/www.korhanyilmaz.com\/index.php?rest_route=%2Fwp%2Fv2%2Fcomments&post=28508"}],"version-history":[{"count":0,"href":"http:\/\/www.korhanyilmaz.com\/index.php?rest_route=\/wp\/v2\/posts\/28508\/revisions"}],"wp:attachment":[{"href":"http:\/\/www.korhanyilmaz.com\/index.php?rest_route=%2Fwp%2Fv2%2Fmedia&parent=28508"}],"wp:term":[{"taxonomy":"category","embeddable":true,"href":"http:\/\/www.korhanyilmaz.com\/index.php?rest_route=%2Fwp%2Fv2%2Fcategories&post=28508"},{"taxonomy":"post_tag","embeddable":true,"href":"http:\/\/www.korhanyilmaz.com\/index.php?rest_route=%2Fwp%2Fv2%2Ftags&post=28508"}],"curies":[{"name":"wp","href":"https:\/\/api.w.org\/{rel}","templated":true}]}}