{"id":28503,"date":"2011-02-16T14:43:56","date_gmt":"2011-02-16T12:43:56","guid":{"rendered":"http:\/\/www.korhanyilmaz.com\/?p=28503"},"modified":"2011-02-16T14:43:56","modified_gmt":"2011-02-16T12:43:56","slug":"balyoz-sanigindan-3-gunluk-aclik-grevi","status":"publish","type":"post","link":"http:\/\/www.korhanyilmaz.com\/?p=28503","title":{"rendered":"Balyoz san\u0131\u011f\u0131ndan 3 g\u00fcnl\u00fck a\u00e7l\u0131k grevi"},"content":{"rendered":"<p style=\"text-align: center;\"><a href=\"http:\/\/www.korhanyilmaz.com\/wp-content\/uploads\/2011\/02\/382.jpg\"  class=\"lightview\"><img loading=\"lazy\" decoding=\"async\" class=\"aligncenter size-full wp-image-28504\" src=\"http:\/\/www.korhanyilmaz.com\/wp-content\/uploads\/2011\/02\/382.jpg\" alt=\"\" width=\"414\" height=\"220\" \/><\/a><\/p>\n<p style=\"text-align: justify;\">&#8221;Balyoz Plan\u0131&#8221; davas\u0131 kapsam\u0131nda, hakk\u0131nda yakalama emri \u00e7\u0131kar\u0131lan Jandarma Kurmay Albay Mustafa \u00d6nsel \u0130stanbul Adliyesi&#8217;ne geldi. Mahkemede ifade veren \u00d6nsel tutuklanarak cezaevine g\u00f6nderildi.<\/p>\n<p style=\"text-align: justify;\">\u00d6nsel cuma g\u00fcn\u00fc sembolik olarak 3 g\u00fcnl\u00fck a\u00e7l\u0131k grevine ba\u015flayaca\u011f\u0131n\u0131 s\u00f6yledi.<!--more--><\/p>\n<p style=\"text-align: justify;\">\u0130STANBUL- Hakk\u0131nda yakalama emri bulunan Jandarma Kurmay Albay \u00d6nsel, Be\u015fikta\u015f&#8217;taki \u0130stanbul Adliyesine gelerek i\u015flemlerinin yap\u0131lmas\u0131 amac\u0131yla \u0130stanbul 10. A\u011f\u0131r Ceza Mahkemesi Yaz\u0131 \u0130\u015flerinin bulundu\u011fu kata \u00e7\u0131kt\u0131.<\/p>\n<p style=\"text-align: justify;\">El yaz\u0131s\u0131yla haz\u0131rlayarak bas\u0131n mensuplar\u0131na da\u011f\u0131tt\u0131\u011f\u0131 bas\u0131n a\u00e7\u0131klamas\u0131nda Mustafa \u00d6nsel, 30 y\u0131ld\u0131r \u00fcniforma giydi\u011fini, kendilerine darbeci denilerek \u00fcniformalar\u0131n\u0131n lekelendi\u011fini, bu \u00fcniformayla T\u00fcrk milletine kast edenlere kar\u015f\u0131 m\u00fccadele ortaya koyduklar\u0131n\u0131 ve m\u00fccadelede de pek \u00e7ok arkada\u015flar\u0131n\u0131 kaybettiklerini ifade etti.<\/p>\n<p style=\"text-align: justify;\">&#8221;\u015eimdi de h\u00fcrriyetlimizi kaybettik ama herkes bilsin ki onurumuzu hi\u00e7 kaybetmedik, kaybetmeyece\u011fiz. F\u0131rsat verilsin 10 dakika i\u00e7inde bu Balyoz denilen olay\u0131n safsata oldu\u011funu ortaya koyay\u0131m. Ama g\u00f6r\u00fcyoruz ki bunu bilen s\u00f6zde yarg\u0131 mensuplar\u0131 savunmamaz\u0131 yapmam\u0131za bile m\u00fcsaade etmeden bizi tutuklad\u0131&#8221; diyen \u00d6nsel, T\u00fcrk milletinin \u00f6nce mangas\u0131 olduklar\u0131n\u0131, hukukun silah olarak kullan\u0131lmas\u0131yla pusuya d\u00fc\u015f\u00fcr\u00fcld\u00fcklerini savundu.<\/p>\n<p style=\"text-align: justify;\">As\u0131l pusunun T\u00fcrk milletine y\u00f6nelik oldu\u011funu \u00f6ne s\u00fcren \u00d6nsel, &#8221;Tedbirinizi al\u0131n\u0131z. E\u011fer bu topraklarda de\u011ferlerimizle birlikte \u00f6zg\u00fcrce ya\u015fayacaksak direnmek zorunday\u0131z. Biz bu s\u00fcre\u00e7te T\u00fcrk milleti ad\u0131na her \u015feyi g\u00f6ze alarak direni\u015fi ba\u015flat\u0131yoruz&#8221; ifadesini kulland\u0131.<\/p>\n<p style=\"text-align: justify;\">Elie Wiesel&#8217;den al\u0131nt\u0131lar yapan \u00d6nsel, a\u00e7\u0131klamas\u0131nda \u015funlar\u0131 kaydetti: &#8221;Adaletsizli\u011fe kar\u015f\u0131 direnmek bu karar\u0131 verenlere &#8216;hukuksuzsunuz, \u00f6yleyse bizim i\u00e7in art\u0131k h\u00fck\u00fcms\u00fczs\u00fcn\u00fcz&#8217; diye hayk\u0131rmak maksad\u0131yla cezaevinde 3 g\u00fcnl\u00fck sembolik a\u00e7l\u0131k grevi ile direni\u015fimi ba\u015flat\u0131yorum. Bu tamamen bireysel karar\u0131md\u0131r. Art\u0131k b\u0131\u00e7ak kemi\u011fe dayanm\u0131\u015ft\u0131r. \u00dc\u00e7\u00fcnc\u00fc kez hukuk katledilerek tutuklan\u0131yorum. Yeter art\u0131k. 14 Mart g\u00fcn\u00fc Silivri&#8217;deki duru\u015fma d\u00fc\u011f\u00fcn\u00fcm\u00fczd\u00fcr. B\u00fct\u00fcn dostlar\u0131 d\u00fc\u011f\u00fcn\u00fcm\u00fcze davet ediyorum.&#8221;<\/p>\n<p style=\"text-align: justify;\"><strong>TUTUKLANDI<\/strong><\/p>\n<p style=\"text-align: justify;\">Jandarma Kurmay Albay Mustafa \u00d6nsel&#8217;in hakk\u0131ndaki yakalama emri \u0130stanbul 10. A\u011f\u0131r Ceza Mahkemesince y\u00fcz\u00fcne kar\u015f\u0131 okundu. Tutuklanan Kurmay Albay \u00d6nsel&#8217;in Hasdal Askeri Cezaevine g\u00f6nderildi.<\/p>\n<p style=\"text-align: justify;\"><strong>SAVA\u015e \u015e\u0130MD\u0130 BA\u015eLIYOR<\/strong><\/p>\n<p style=\"text-align: justify;\">Jandarma Kurmay Albay Mustafa \u00d6nsel, karardan \u00f6nce mahkemede yap\u0131lan duru\u015fmada savunma yapt\u0131. Savunmas\u0131nda 30 y\u0131ld\u0131r askeri \u00fcniforma giydi\u011fini ve \u00fcniforman\u0131n kendisine T\u00fcrk milletinin emaneti oldu\u011funu belirten \u00d6nsel, bug\u00fcne kadar \u00fcniformas\u0131n\u0131 kirletmedi\u011fini ve sahte &#8221;Balyoz&#8221; belgeleriyle \u00fcniformas\u0131n\u0131n kirletilmek istendi\u011fini \u00f6ne s\u00fcrd\u00fc.  \u00d6nsel, &#8221;Ben 30 y\u0131ld\u0131r bunlarla m\u00fccadele ettim. \u00c7ok say\u0131da arkada\u015f\u0131m\u0131 kaybettim. Bu dava beni yaralam\u0131\u015ft\u0131r, ancak \u00f6lmedim. Cuma g\u00fcnk\u00fc duru\u015fmada savunma hakk\u0131 ihlal edilerek karar verilmi\u015ftir&#8230; Mahkemenin adil olmad\u0131\u011f\u0131 kanaatindeyim&#8221; dedi.<\/p>\n<p style=\"text-align: justify;\">\u00d6nsel&#8217;in avukat\u0131 Ramazan Bulut da, isnat edilen su\u00e7la m\u00fcvekkilleri \u00d6nsel&#8217;in bir ilgisinin olmad\u0131\u011f\u0131n\u0131 savunarak, m\u00fcvekkiliyle ilgisi olmamas\u0131na ra\u011fmen o d\u00f6nemde haz\u0131rlanan baz\u0131 listelerin dayana\u011f\u0131n\u0131n milli g\u00fcvenlik kararlar\u0131 ile buna ba\u011fl\u0131 Ba\u015fbakanl\u0131k genelgesi oldu\u011funu ve yarg\u0131laman\u0131n \u015fekli bir yarg\u0131lama oldu\u011funu savundu.<\/p>\n<p style=\"text-align: justify;\">Mahkeme heyeti, dosyadaki delil durumu, kuvvetli su\u00e7 \u015f\u00fcphesini g\u00f6steren olgular\u0131n bulunmas\u0131, delillerin hen\u00fcz tam olarak toplanmam\u0131\u015f olu\u015fu, san\u0131\u011f\u0131n konumu itibariyle delillere etki yapma ihtimalinin olmas\u0131, tan\u0131klar\u0131n hen\u00fcz dinlenmemi\u015f olu\u015fu, at\u0131l\u0131 su\u00e7un Ceza Muhakemeleri Kanunu&#8217;nun (CMK) 100. maddesinde belirtilen katalog su\u00e7lardan olmas\u0131 ve adli kontrol h\u00fck\u00fcmlerinin uygulanmas\u0131n\u0131n yetersiz kalaca\u011f\u0131n\u0131n d\u00fc\u015f\u00fcn\u00fclmesi nedeniyle \u00d6nsel&#8217;in tutuklanmas\u0131na karar verdi.<\/p>\n<p style=\"text-align: justify;\">Mahkemede hakk\u0131nda tutuklama karar\u0131n\u0131n verilmesinin ard\u0131ndan avukatlar\u0131 ve \u0130stanbul Merkez Komutanl\u0131\u011f\u0131na ba\u011fl\u0131 g\u00f6revlilerle d\u0131\u015far\u0131 \u00e7\u0131kan \u00d6nsel, kendisine soru soran bas\u0131n mensuplar\u0131na hitaben de \u015funlar\u0131 s\u00f6yledi: &#8221;Ger\u00e7ekte T\u00fcrk milletine a\u00e7\u0131lm\u0131\u015f bir sava\u015ft\u0131r. Bu sava\u015fta Sakarya Sava\u015f\u0131 \u00e7ok \u00f6\u011freticidir. Sakarya Sava\u015f\u0131&#8217;nda bu ordunun y\u00fczde 40&#8217;\u0131 ka\u00e7m\u0131\u015f, ilgin\u00e7tir ki y\u00fczde 60&#8217;\u0131 da sava\u015fm\u0131\u015ft\u0131r. Biz, sava\u015fan dedelerin torunuyuz. O sava\u015fta kaybedenlerin torunuyla sava\u015f \u015fimdi ba\u015fl\u0131yor.&#8221;<\/p>\n<p style=\"text-align: justify;\">Bas\u0131n mensuplar\u0131n\u0131n, &#8221;A\u00e7l\u0131k grevi mi ba\u015flatt\u0131n\u0131z?&#8221; sorusuna kar\u015f\u0131l\u0131k da \u00d6nsel, &#8221;Cuma g\u00fcn\u00fc a\u00e7l\u0131k grevine ba\u015fl\u0131yorum. 3 g\u00fcn s\u00fcrecek ve bu benim bireysel karar\u0131m&#8221; diye konu\u015ftu.<\/p>\n<p style=\"text-align: justify;\"><strong>TU\u011eGENERAL AKKO\u00c7&#8217;UN DURUMU<\/strong><\/p>\n<p style=\"text-align: justify;\">Dava kapsam\u0131nda Mustafa \u00d6nsel ile birlikte haklar\u0131nda yakalama emri ve tutuklama karar\u0131 verilen 14 m\u00fcvekkiliyle ilgili bilgi veren avukat Ramazan Bulut, b\u00fct\u00fcn m\u00fcvekkilleri hakk\u0131nda verilen kararlara itiraz i\u00e7in \u0130stanbul 10. A\u011f\u0131r Ceza Mahkemesine dilek\u00e7e sunduklar\u0131n\u0131 s\u00f6yledi.<\/p>\n<p style=\"text-align: justify;\">Avukat Bulut, m\u00fcvekkillerinden biri olan ve hakk\u0131nda yakalama emri \u00e7\u0131kar\u0131lan Tu\u011fgeneral Hakan Akko\u00e7&#8217;un Bel\u00e7ika NATO Karargah\u0131&#8217;nda Savunma Direkt\u00f6r Yard\u0131mc\u0131l\u0131\u011f\u0131 olarak g\u00f6rev yapt\u0131\u011f\u0131n\u0131, Genelkurmay Ba\u015fkanl\u0131\u011f\u0131n\u0131n d\u00f6nmesi y\u00f6n\u00fcnde talebine ra\u011fmen Akko\u00e7&#8217;un NATO&#8217;nun izin vermesi durumunda gelebilece\u011fini ve bu s\u00fcrecin de zaman alaca\u011f\u0131n\u0131 kaydetti.<\/p>\n<p style=\"text-align: justify;\"><strong>\u0130\u015eLEM YAPILMAYAN 7 SANIK<\/strong><\/p>\n<p style=\"text-align: justify;\">Bu arada, bug\u00fcne kadar haklar\u0131nda tutuklama karar\u0131 verilen 40&#8217;\u0131 a\u015fk\u0131n san\u0131k i\u00e7in yarg\u0131lamay\u0131 yapan \u0130stanbul 10. A\u011f\u0131r Ceza Mahkemesine san\u0131klar\u0131n tutukluluklar\u0131n\u0131n kald\u0131r\u0131lmas\u0131 y\u00f6n\u00fcnde itiraz dilek\u00e7eleri sunuldu\u011fu belirtilirken, bu dilek\u00e7elerin mahkemece de\u011ferlendirilmesi ve red karar\u0131 verilmesi halinde bir \u00fcst mahkeme olan \u0130stanbul 11. A\u011f\u0131r Ceza Mahkemesine y\u00f6nlendirilece\u011fi ve orada de\u011ferlendirilece\u011fi ifade edildi.<\/p>\n<p style=\"text-align: justify;\">Dava kapsam\u0131nda haklar\u0131nda yakalama karar\u0131 \u00e7\u0131kar\u0131lan san\u0131klardan eski Genelkurmay \u0130kinci Ba\u015fkan\u0131 emekli Orgeneral Ergin Saygun ile &#8221;\u0130rtica ile M\u00fccadele Eylem Plan\u0131&#8221; davas\u0131n\u0131n tutuklu san\u0131klar\u0131ndan Kurmay Albay Dursun \u00c7i\u00e7ek&#8217;in de aralar\u0131nda oldu\u011fu 7 san\u0131kla ilgili hen\u00fcz herhangi bir i\u015flem yap\u0131lmad\u0131\u011f\u0131 kaydedildi.<\/p>\n<p style=\"text-align: justify;\">S\u00f6z konusu 7 san\u0131ktan Tu\u011fgeneral Hakan Akko\u00e7&#8217;un da aralar\u0131nda oldu\u011fu 5 muvazzaf subay\u0131n, halen yurt d\u0131\u015f\u0131nda g\u00f6rev yapt\u0131klar\u0131 belirtildi.<\/p>\n<p style=\"text-align: justify;\"><a href=\"http:\/\/www.gazeteport.com.tr\/GUNCEL\/NEWS\/GP_854463\" target=\"_blank\"><span style=\"color: #888888;\">Kaynak : GAZETEPORT<\/span><\/a><\/p>\n","protected":false},"excerpt":{"rendered":"<p style=\"text-align: center;\">\n<p style=\"text-align: justify;\">&#8221;Balyoz Plan\u0131&#8221; davas\u0131 kapsam\u0131nda, hakk\u0131nda yakalama emri \u00e7\u0131kar\u0131lan Jandarma Kurmay Albay Mustafa \u00d6nsel \u0130stanbul Adliyesi&#8217;ne geldi. Mahkemede ifade veren \u00d6nsel tutuklanarak cezaevine g\u00f6nderildi.<\/p>\n<p style=\"text-align: justify;\">\u00d6nsel cuma g\u00fcn\u00fc sembolik olarak 3 g\u00fcnl\u00fck a\u00e7l\u0131k grevine ba\u015flayaca\u011f\u0131n\u0131 s\u00f6yledi.<\/p>\n","protected":false},"author":1,"featured_media":0,"comment_status":"open","ping_status":"closed","sticky":false,"template":"","format":"standard","meta":{"footnotes":""},"categories":[105],"tags":[],"class_list":["post-28503","post","type-post","status-publish","format-standard","hentry","category-gundem","odd"],"_links":{"self":[{"href":"http:\/\/www.korhanyilmaz.com\/index.php?rest_route=\/wp\/v2\/posts\/28503","targetHints":{"allow":["GET"]}}],"collection":[{"href":"http:\/\/www.korhanyilmaz.com\/index.php?rest_route=\/wp\/v2\/posts"}],"about":[{"href":"http:\/\/www.korhanyilmaz.com\/index.php?rest_route=\/wp\/v2\/types\/post"}],"author":[{"embeddable":true,"href":"http:\/\/www.korhanyilmaz.com\/index.php?rest_route=\/wp\/v2\/users\/1"}],"replies":[{"embeddable":true,"href":"http:\/\/www.korhanyilmaz.com\/index.php?rest_route=%2Fwp%2Fv2%2Fcomments&post=28503"}],"version-history":[{"count":0,"href":"http:\/\/www.korhanyilmaz.com\/index.php?rest_route=\/wp\/v2\/posts\/28503\/revisions"}],"wp:attachment":[{"href":"http:\/\/www.korhanyilmaz.com\/index.php?rest_route=%2Fwp%2Fv2%2Fmedia&parent=28503"}],"wp:term":[{"taxonomy":"category","embeddable":true,"href":"http:\/\/www.korhanyilmaz.com\/index.php?rest_route=%2Fwp%2Fv2%2Fcategories&post=28503"},{"taxonomy":"post_tag","embeddable":true,"href":"http:\/\/www.korhanyilmaz.com\/index.php?rest_route=%2Fwp%2Fv2%2Ftags&post=28503"}],"curies":[{"name":"wp","href":"https:\/\/api.w.org\/{rel}","templated":true}]}}