{"id":28497,"date":"2011-02-16T19:15:59","date_gmt":"2011-02-16T17:15:59","guid":{"rendered":"http:\/\/www.korhanyilmaz.com\/?p=28497"},"modified":"2011-08-12T20:34:40","modified_gmt":"2011-08-12T17:34:40","slug":"bbpli-oznurdan-cok-sert-sozler","status":"publish","type":"post","link":"http:\/\/www.korhanyilmaz.com\/?p=28497","title":{"rendered":"BBP&#8217;li \u00d6znur&#8217;dan \u00e7ok sert s\u00f6zler"},"content":{"rendered":"<p style=\"text-align: justify;\"><a href=\"http:\/\/www.korhanyilmaz.com\/wp-content\/uploads\/2011\/02\/381.jpg\"  class=\"lightview\"><img loading=\"lazy\" decoding=\"async\" class=\"aligncenter size-full wp-image-28498\" src=\"http:\/\/www.korhanyilmaz.com\/wp-content\/uploads\/2011\/02\/381.jpg\" alt=\"\" width=\"320\" height=\"100\" \/><\/a><\/p>\n<p style=\"text-align: justify;\">BBP Genel Ba\u015fkan Yard\u0131mc\u0131s\u0131 \u00d6znur, Bakan Y\u0131ld\u0131r\u0131m&#8217;\u0131 sert bir dille ele\u015ftirererek &#8216;<strong>sen kimsin lan?<\/strong>&#8216; dedi.<\/p>\n<p style=\"text-align: justify;\">B\u00dcY\u00dcK Birlik Partisi (BBP) Genel Ba\u015fkan Yard\u0131mc\u0131s\u0131 Hakk\u0131 \u00d6znur, eski Genel Ba\u015fkan Muhsin Yaz\u0131c\u0131o\u011flu\u2019nun hayat\u0131n\u0131 kaybetti\u011fi helikopter kazas\u0131na ili\u015fkin a\u00e7\u0131klamalar\u0131ndan dolay\u0131 Ula\u015ft\u0131rma Bakan\u0131 Binali Y\u0131ld\u0131r\u0131m\u2019\u0131 sert bir dille ele\u015ftirdi, &#8220;<strong>Bakan \u2019Kazadan kaza \u00e7\u0131kartmay\u0131n\u2019 diyor. Sen bilirki\u015fi misin? Sen uzman m\u0131s\u0131n? Sen kimsin lan?<\/strong>&#8221; dedi.<!--more--><\/p>\n<p style=\"text-align: justify;\">Partisinin Alanya \u0130l\u00e7e Te\u015fkilat\u0131 taraf\u0131ndan d\u00fczenlenen toplant\u0131ya kat\u0131lmak \u00fczere il\u00e7eye gelen BBP Genel Ba\u015fkan Yard\u0131mc\u0131s\u0131 Hakk\u0131 \u00d6znur, parti binas\u0131nda a\u00e7\u0131klamalarda bulundu. A\u00e7\u0131klamas\u0131nda partinin eski Genel Ba\u015fkan\u0131 Muhsin Yaz\u0131c\u0131o\u011flu\u2019nun hayat\u0131n\u0131 kaybetti\u011fi helikopter kazas\u0131na de\u011finen \u00d6znur, Ula\u015ft\u0131rma Bakan\u0131 Binali Y\u0131ld\u0131r\u0131m\u2019\u0131 kazayla ili\u015fkin Devlet Denetleme Kurulu (DDK) raporuyla ilgili a\u00e7\u0131klamalar\u0131ndan dolay\u0131 sert bir dille ele\u015ftirdi. \u00d6znur, \u015f\u00f6yle konu\u015ftu:<\/p>\n<p style=\"text-align: justify;\">&#8220;<span style=\"text-decoration: underline;\">Kimse bu olay\u0131 \u00f6rtbas edemez ve kapatamaz.\u00a0<strong><\/strong><strong><\/strong>Hukukun bu meseleyi \u00e7\u00f6zmesini istiyoruz. Bu meseleyi sonuna kadar takip edece\u011fiz. DDK bir rapor haz\u0131rlad\u0131. Devletin en ciddi kurumu b\u00f6yle bir rapor haz\u0131rl\u0131yor. Sorumluluk mevkiindeki bir bakan ise \u2019<strong>Kazadan kaza \u00e7\u0131kartmay\u0131n<\/strong>\u2019 diyor. <strong>Sen bilirki\u015fi misin? Sen uzman m\u0131s\u0131n? Sen kimsin lan? Sen bu olayla ilgili makam\u0131n ba\u015f\u0131ndaki adams\u0131n<\/strong>.<\/span>&#8220;<\/p>\n<p style=\"text-align: justify;\">Konu\u015fmas\u0131nda AK Parti h\u00fck\u00fcmetinin yan\u0131 s\u0131ra CHP\u2019ye y\u00f6nelik de ele\u015ftirilerde bulunan \u00d6znur, &#8220;AKP ve CHP kay\u0131k\u00e7\u0131 kavgas\u0131 yap\u0131yor. T\u00fcrkiye\u2019nin meseleleri ortadayken Ba\u015fbakan ile K\u0131l\u0131\u00e7daro\u011flu laf yar\u0131\u015f\u0131na giriyorlar. \u0130\u00e7 ve d\u0131\u015f bor\u00e7 ortada. Memleketin hali ortada&#8221; diye konu\u015ftu.<\/p>\n<p style=\"text-align: justify;\"><a href=\"http:\/\/haber.gazetevatan.com\/bbpli-oznurdan-cok-sert-sozler\/359790\/9\/Siyaset\" target=\"_blank\"><span style=\"color: #888888;\">Kaynak : VATAN<\/span><\/a><\/p>\n<p>[flv]http:\/\/www.dha.com.tr\/newpics\/news\/160220111945303079367.flv[\/flv]<\/p>\n","protected":false},"excerpt":{"rendered":"<p style=\"text-align: justify;\">\n<p style=\"text-align: justify;\">BBP Genel Ba\u015fkan Yard\u0131mc\u0131s\u0131 \u00d6znur, Bakan Y\u0131ld\u0131r\u0131m&#8217;\u0131 sert bir dille ele\u015ftirererek &#8216;sen kimsin lan?&#8216; dedi.<\/p>\n<p style=\"text-align: justify;\">B\u00dcY\u00dcK Birlik Partisi (BBP) Genel Ba\u015fkan Yard\u0131mc\u0131s\u0131 Hakk\u0131 \u00d6znur, eski Genel Ba\u015fkan Muhsin Yaz\u0131c\u0131o\u011flu\u2019nun hayat\u0131n\u0131 kaybetti\u011fi helikopter kazas\u0131na ili\u015fkin a\u00e7\u0131klamalar\u0131ndan dolay\u0131 Ula\u015ft\u0131rma Bakan\u0131 Binali Y\u0131ld\u0131r\u0131m\u2019\u0131 sert bir dille ele\u015ftirdi, &#8220;Bakan \u2019Kazadan kaza \u00e7\u0131kartmay\u0131n\u2019 <\/p>\n","protected":false},"author":1,"featured_media":0,"comment_status":"open","ping_status":"closed","sticky":false,"template":"","format":"standard","meta":{"footnotes":""},"categories":[105],"tags":[144,228,302,103,104],"class_list":["post-28497","post","type-post","status-publish","format-standard","hentry","category-gundem","tag-bbp","tag-binali-yildirim","tag-hakki-oznur","tag-helikopter-kazasi","tag-muhsin-yazicioglu","odd"],"_links":{"self":[{"href":"http:\/\/www.korhanyilmaz.com\/index.php?rest_route=\/wp\/v2\/posts\/28497","targetHints":{"allow":["GET"]}}],"collection":[{"href":"http:\/\/www.korhanyilmaz.com\/index.php?rest_route=\/wp\/v2\/posts"}],"about":[{"href":"http:\/\/www.korhanyilmaz.com\/index.php?rest_route=\/wp\/v2\/types\/post"}],"author":[{"embeddable":true,"href":"http:\/\/www.korhanyilmaz.com\/index.php?rest_route=\/wp\/v2\/users\/1"}],"replies":[{"embeddable":true,"href":"http:\/\/www.korhanyilmaz.com\/index.php?rest_route=%2Fwp%2Fv2%2Fcomments&post=28497"}],"version-history":[{"count":0,"href":"http:\/\/www.korhanyilmaz.com\/index.php?rest_route=\/wp\/v2\/posts\/28497\/revisions"}],"wp:attachment":[{"href":"http:\/\/www.korhanyilmaz.com\/index.php?rest_route=%2Fwp%2Fv2%2Fmedia&parent=28497"}],"wp:term":[{"taxonomy":"category","embeddable":true,"href":"http:\/\/www.korhanyilmaz.com\/index.php?rest_route=%2Fwp%2Fv2%2Fcategories&post=28497"},{"taxonomy":"post_tag","embeddable":true,"href":"http:\/\/www.korhanyilmaz.com\/index.php?rest_route=%2Fwp%2Fv2%2Ftags&post=28497"}],"curies":[{"name":"wp","href":"https:\/\/api.w.org\/{rel}","templated":true}]}}