{"id":28494,"date":"2011-02-16T13:25:25","date_gmt":"2011-02-16T11:25:25","guid":{"rendered":"http:\/\/www.korhanyilmaz.com\/?p=28494"},"modified":"2011-02-16T13:25:25","modified_gmt":"2011-02-16T11:25:25","slug":"basbakandan-kaymakamlara-talimat-yapacaksiniz","status":"publish","type":"post","link":"http:\/\/www.korhanyilmaz.com\/?p=28494","title":{"rendered":"Ba\u015fbakan&#8217;dan kaymakamlara talimat: Yapacaks\u0131n\u0131z!"},"content":{"rendered":"<p style=\"text-align: center;\"><a href=\"http:\/\/www.korhanyilmaz.com\/wp-content\/uploads\/2011\/02\/380.jpg\"  class=\"lightview\"><img loading=\"lazy\" decoding=\"async\" class=\"aligncenter size-full wp-image-28495\" src=\"http:\/\/www.korhanyilmaz.com\/wp-content\/uploads\/2011\/02\/380.jpg\" alt=\"\" width=\"448\" height=\"231\" \/><\/a><\/p>\n<p style=\"text-align: justify;\">Se\u00e7im \u00f6ncesi Ba\u015fbakan Erdo\u011fan, yeni kaymakam adaylar\u0131 ile bir araya geldi ve &#8220;muhalefetin ele\u015ftirilerine ald\u0131rmay\u0131n, sosyal yard\u0131ma devam edin&#8221; dedi.<\/p>\n<p style=\"text-align: justify;\">ANKARA &#8211; Ba\u015fbakan Recep Tayyip Erdo\u011fan, &#8221;Muhalefet hep \u015funu s\u00f6yl\u00fcyor, &#8216;bunlar sadaka da\u011f\u0131t\u0131yor.&#8217; Devletin sadaka da\u011f\u0131tmas\u0131 diye bir \u015fey olmaz. Devletin sosyal devlet olma bilinciyle fakir fukaraya, garip gurebaya ula\u015fmas\u0131 anayasal bir g\u00f6revdir&#8221; dedi. <!--more--><\/p>\n<p style=\"text-align: justify;\">Erdo\u011fan, Ba\u015fbakanl\u0131k Yeni Bina&#8217;da kabul etti\u011fi g\u00f6reve yeni atanan kaymakamlara seslendi.<\/p>\n<p style=\"text-align: justify;\">Kaymakamlardan vatanda\u015fla i\u00e7 i\u00e7e olmalar\u0131n\u0131 isteyen Ba\u015fbakan Erdo\u011fan, bunun kaymakamlar\u0131 dolay\u0131s\u0131yla da \u00fclkeyi g\u00fc\u00e7l\u00fc k\u0131laca\u011f\u0131n\u0131 belirtti. Erdo\u011fan, &#8221;Bunlar\u0131 ben yapt\u0131\u011f\u0131m i\u00e7in s\u00f6yl\u00fcyorum. Siz de yap\u0131n bunlar\u0131&#8221; diye konu\u015ftu.<\/p>\n<p style=\"text-align: justify;\">Sosyal Yard\u0131mla\u015fma ve Dayan\u0131\u015fma Vakf\u0131n\u0131n sa\u011flad\u0131\u011f\u0131 imkanlara i\u015faret eden Ba\u015fbakan Erdo\u011fan, kaymakamlara \u015f\u00f6yle seslendi:<\/p>\n<p style=\"text-align: justify;\">&#8221;K\u00d6YDES denilen bir olay var. Bununla ilgili b\u00fct\u00e7e art\u0131k direk kaymakamlara geliyor. K\u00f6ye Hizmet G\u00f6t\u00fcrme Birli\u011fine geliyor ve bunun da ba\u015fkan\u0131 sizsiniz. Bununla yolu ve suyu olmayan k\u00f6y kalmayacak. Bunun tasarrufu sizin ba\u015fkanl\u0131\u011f\u0131n\u0131zdaki heyette. Siyaset\u00e7i, \u015fucu bucu dinlemeyeceksiniz. Adil bir \u015fekilde ihale gerekiyorsa ihale, ne gerekiyorsa bunlar\u0131 an\u0131nda yapacaks\u0131n\u0131z. Ve yolu olmayan k\u00f6y kalmamal\u0131. Beton asfalt m\u0131 gerekiyor normal stabilize mi gerekiyor, yapacaks\u0131n\u0131z. Suyunu g\u00f6t\u00fcreceksiniz. Mart ay\u0131yla birlikte bu \u00e7al\u0131\u015fmalar\u0131n yo\u011fun \u015fekilde ba\u015flamas\u0131 laz\u0131m. Elinizde bir vak\u0131f imkan\u0131 var. Muhalefet hep \u015funu s\u00f6yl\u00fcyor. Bunlar diyor; &#8216;sadaka da\u011f\u0131t\u0131yor&#8217;. Devletin sadaka da\u011f\u0131tmas\u0131 diye bir \u015fey olmaz.<\/p>\n<p style=\"text-align: justify;\">Devletin sosyal devlet olma bilinciyle fakir fukaraya, garip gurebaya ula\u015fmas\u0131 olur bu anayasal bir g\u00f6revdir. Sadakay\u0131 zengin birey da\u011f\u0131t\u0131r.<\/p>\n<p style=\"text-align: justify;\">Bizim de\u011ferlerimizde zengin birey de onu da\u011f\u0131t\u0131rken sa\u011f elin verdi\u011fini sol el g\u00f6rmez. Bu bireye ait bir g\u00f6revdir, devlete ait olan de\u011fil&#8230; Devlet g\u00f6revini yerine getirir. O da demokratik, laik, sosyal bir hukuk devleti olman\u0131n gere\u011fidir. Yani sosyal devlet olman\u0131n gere\u011fi budur. Sosyal devlet olman\u0131n gere\u011fi budur. Onun i\u00e7in diyorum, kimin bacas\u0131 t\u00fctm\u00fcyor. Kimin evinde bir s\u0131k\u0131nt\u0131 var. Han\u0131mefendilerle beraber, evli olan kaymakamlar\u0131m\u0131z han\u0131mlar\u0131yla, evli olmayanlar\u0131n da tabii \u00e7abuk evlenmeleri laz\u0131m bekarl\u0131k size yara\u015fmaz, hemen bu i\u015fi de halletmeniz laz\u0131m.<\/p>\n<p style=\"text-align: justify;\">Hemen dola\u015f\u0131p ailelerle beraber bu i\u015fi \u00e7\u00f6zece\u011fiz. Fakir fukara garip gureba kalmayacak. Bu imkan var m\u0131, var. Bunun tasarruf yetkisi siz de mi, sizde&#8230; Yapacaks\u0131n\u0131z. Biz, milli b\u00fct\u00e7eden bunu tahsis ediyoruz. Ni\u00e7in, bunu yapman\u0131z i\u00e7in&#8230; &#8216;Bankaya koyal\u0131m, bankadan bu nemalans\u0131n&#8217;. Yok arkada\u015flar biz, bankaya koyun oradan faizi olsun diye vermiyoruz bu paray\u0131. Bunu gidin fakir fukaray\u0131, garip gurebay\u0131 aray\u0131p bulun ve onlara da\u011f\u0131t\u0131n diye veriyoruz. Yasalar \u00f6n\u00fcn\u00fczde. Her \u015fey a\u00e7\u0131k ve net, size bu yetkiyi veriyor. Siz yasa d\u0131\u015f\u0131 bir \u015fey yapm\u0131yorsunuz. Ama muhalefet laf olan beri gele diye bunlar\u0131 konu\u015fuyor. &#8216;Sadaka develet&#8217; diye. Vars\u0131n onlar \u00f6yle konu\u015fsun. Siz, yasal olarak g\u00f6revinizin gere\u011fini yerine getirmek ve sosyal devlet olman\u0131n icab\u0131n\u0131 uygulamal\u0131s\u0131n\u0131z.&#8221;<\/p>\n<p style=\"text-align: justify;\">G\u00f6reve yeni atanan 66 kaymakam\u0131, Ba\u015fbakanl\u0131k Yeni Bina&#8217;da kabul eden Erdo\u011fan, salona geli\u015finde iki kad\u0131n kaymakam taraf\u0131ndan \u00e7i\u00e7eklerle kar\u015f\u0131land\u0131. Kaymakamlara hitap ederken, yeni g\u00f6rev yerlerinde ba\u015far\u0131lar dileyen Erdo\u011fan, g\u00f6rev yerlerinde \u00fcstlendikleri kutsal emanetin hakk\u0131n\u0131 en iyi \u015fekilde vereceklerine inand\u0131\u011f\u0131n\u0131 s\u00f6yledi.<\/p>\n<p style=\"text-align: justify;\">&#8221;G\u00f6rev yapaca\u011f\u0131n\u0131z il\u00e7elere asla ve asla uzak yak\u0131n, k\u00fc\u00e7\u00fck b\u00fcy\u00fck, geli\u015fmi\u015f geri kalm\u0131\u015f ayr\u0131m\u0131 yapmaks\u0131z\u0131n, sizlerden buralarda \u00e7ok farkl\u0131 bir performans ortaya koyman\u0131z\u0131 rica ediyorum&#8221; diyen Erdo\u011fan, her kaymakam\u0131n e\u015fit derece \u00f6nemli bir g\u00f6reve atand\u0131\u011f\u0131n\u0131 belirtti.<\/p>\n<p style=\"text-align: justify;\">Kaymakamlar\u0131n atand\u0131\u011f\u0131 il\u00e7elerin her \u015feyden \u00f6nce kutsal vatan topra\u011f\u0131n\u0131n bir par\u00e7as\u0131 oldu\u011funu, hizmet verecekleri insanlar\u0131n y\u00fcce T\u00fcrk milleti oldu\u011funu ifade eden Erdo\u011fan, baz\u0131 il\u00e7elere, illere atanan vali ve kaymakamlar\u0131n, daha o yerle\u015fim birimine aya\u011f\u0131n\u0131 basar basmaz geri d\u00f6nmenin \u00e7arelerini aramaya veya bunu d\u00fc\u015f\u00fcnmeye ba\u015flad\u0131klar\u0131n\u0131 s\u00f6yledi. Erdo\u011fan, &#8221;\u0130nan\u0131n o kamu g\u00f6revlileri, geri d\u00f6nmek i\u00e7in sarf etti\u011fi enerjiyi orada hizmet i\u00e7in sarf etmi\u015f olsayd\u0131 o il\u00e7elerin, illerimizin durumu belki bug\u00fcnden \u00e7ok daha farkl\u0131 olurdu. \u0130\u015fte ben il\u00e7elerimizdeki en y\u00fcksek idareci konumunda olacak siz kaymakamlar\u0131m\u0131zdan bu noktada \u00f6zveri bekliyor, bu tabloyu tersine \u00e7evirmenizi \u00f6zellikle sizlerden rica ediyorum. E\u011fer kalbinde, atand\u0131\u011f\u0131 makamdan, atand\u0131\u011f\u0131 il\u00e7eden dolay\u0131 en k\u00fc\u00e7\u00fck bir endi\u015fe, bir isteksizlik hisseden karde\u015fimiz varsa bu endi\u015feyi, bu isteksizli\u011fi enine boyuna sorgulamas\u0131n\u0131, yeniden g\u00f6zden ge\u00e7irmesini bekliyorum, istiyorum&#8221; diye konu\u015ftu.<\/p>\n<p style=\"text-align: justify;\">\u0130nsana hizmet etmenin, onlar\u0131n dertlerine derman olman\u0131n, \u015fehirlerin kalk\u0131nmas\u0131na katk\u0131da bulunman\u0131n b\u00fcy\u00fck bir misyon oldu\u011funu vurgulayan Erdo\u011fan, kaymakaml\u0131\u011f\u0131n, manevi sorumlulu\u011fu y\u00fcksek, \u00f6nemli bir g\u00f6rev oldu\u011funu belirtti. Ba\u015fbakan Erdo\u011fan, \u015f\u00f6yle devam etti:<\/p>\n<p style=\"text-align: justify;\">&#8221;Ben sizlerden bu misyonun fark\u0131nda olarak \u00f6nc\u00fc roller \u00fcstlenmenizi istiyorum. Sadece rutin i\u015fleri y\u00f6netmek veya y\u00fcr\u00fctmek de\u011fil, bulundu\u011funuz il\u00e7elerin g\u00f6r\u00fcn\u00fcm\u00fcn\u00fc, konumunu, gidi\u015fat\u0131n\u0131 de\u011fi\u015ftirecek, hayati m\u00fcdahalelerde, y\u00f6nlendirmelerde bulunman\u0131z\u0131 istiyorum. Modern y\u00f6neticilik \u015fehri bir b\u00fct\u00fcn olarak alg\u0131lamay\u0131, ticaretiyle, sanayisiyle, yat\u0131r\u0131mlar\u0131yla, k\u00fclt\u00fcr\u00fcyle, sanat\u0131yla, turizmiyle bir b\u00fct\u00fcn olarak de\u011ferlendirmeyi gerektiriyor. Sizler bu anlay\u0131\u015fla, bu inan\u00e7la g\u00f6rev yerlerine gitmelisiniz ve bulunaca\u011f\u0131n\u0131z g\u00f6rev yerlerinde yine orada bir ba\u015fka y\u00f6netici konumunda olan belediye ba\u015fkanlar\u0131yla el ele vermek suretiyle, ayn\u0131 zamanda k\u00f6ye hizmet g\u00f6t\u00fcrme birliklerinin ba\u015fkan\u0131 olman\u0131z s\u0131fat\u0131yla da oradaki muhtarlarla, il genel meclisi \u00fcyeleriyle il\u00e7eniz i\u00e7erisindeki gayet uyumlu bir \u00e7al\u0131\u015fma i\u00e7erisinde, en \u00fccra k\u00f6y, mezradaki b\u00fct\u00fcn yap\u0131lanmalara m\u00fcdahil olman\u0131z gerekir.&#8221;<\/p>\n<p style=\"text-align: justify;\"><strong>&#8221;HALKLA KAYNA\u015eIN, TANI\u015eIN&#8221; <\/strong><\/p>\n<p style=\"text-align: justify;\">T\u00fcrkiye&#8217;nin \u00e7ok k\u00f6kl\u00fc bir devlet gelene\u011fi bulundu\u011funa i\u015faret eden Erdo\u011fan, \u015funlar\u0131 s\u00f6yledi:<\/p>\n<p style=\"text-align: justify;\">&#8221;Bu k\u00f6kl\u00fc ve kadim devlet gelene\u011fi i\u00e7inde maalesef y\u00fczy\u0131llar\u0131n y\u0131prat\u0131c\u0131 etkisiyle baz\u0131 k\u00f6t\u00fc geleneklerin, k\u00f6t\u00fc al\u0131\u015fkanl\u0131klar\u0131n olu\u015ftu\u011funu g\u00f6r\u00fcyoruz. Baz\u0131 kamu g\u00f6revlileri, atand\u0131klar\u0131 yerde kelimenin tam anlam\u0131yla etliye s\u00fctl\u00fcye dokunmadan, idari maslahatla hi\u00e7bir risk almadan, hi\u00e7bir konuda elini ta\u015f\u0131n alt\u0131na koymadan g\u00f6rev s\u00fcresini tamamlamay\u0131 bir ba\u015far\u0131 addediyor. Heyecan yok, gayret yok. Sadece oradan \u00e7\u0131k, makama gel. Makamda vakti doldur. Gelen gidenle \u00e7ay sohbeti, ondan sonra eve d\u00f6n, b\u00f6yle kaymakaml\u0131k olmaz. B\u00f6yle valilik olmaz, b\u00f6yle idarecilik olmaz. Sizler ki, makama u\u011framaya vakit bile bulmamal\u0131s\u0131n\u0131z. Vaktinizi daha \u00e7ok arazide, halkla beraber ge\u00e7irmelisiniz.<\/p>\n<p style=\"text-align: justify;\">Evli olanlar\u0131n\u0131z e\u015flerinizle beraber il\u00e7elerinizin hanelerini ziyaret etmek suretiyle halkla kayna\u015fmal\u0131s\u0131n\u0131z, tan\u0131\u015fmal\u0131s\u0131n\u0131z. Baz\u0131lar\u0131 riskinden korkup sorunlara el atm\u0131yor, riskinden korkup \u00e7\u00f6z\u00fcmleri uygulam\u0131yor. Sonu\u00e7ta giri\u015fim olmuyor, ad\u0131m at\u0131lm\u0131yor. \u015eehirlerde, il\u00e7elerde olumlu bir geli\u015fim ya\u015fanam\u0131yor. Bug\u00fcn\u00fcn T\u00fcrkiye&#8217;sinde bizim art\u0131k bu yakla\u015f\u0131m\u0131 a\u015fmam\u0131z, s\u00fcrekli proaktif olmam\u0131z, cesaretle her sorunun, her meselenin \u00fczerine gitmemiz gerekiyor. E\u011fer bunu ba\u015far\u0131rsan\u0131z gelecek g\u00fczel olacakt\u0131r.<\/p>\n<p style=\"text-align: justify;\">Bug\u00fcn en kenar, en uzak il\u00e7eye atanan, bundan dolay\u0131 da kayg\u0131 duyan kaymakam karde\u015fimiz orada g\u00f6revi tamamlad\u0131\u011f\u0131nda yerine gelecek ki\u015fiye \u00e7ok farkl\u0131 bir il\u00e7e, yerine gelen kaymakam\u0131n ko\u015farak gelece\u011fi bir il\u00e7e b\u0131rakmal\u0131, hedef bu olmal\u0131d\u0131r. &#8216;Ahmet bey gitti ama gayet g\u00fczel bir il\u00e7e var. Ben \u015fimdi \u015f\u00f6yle bir il\u00e7eye gidiyorum, benim bundan sonra orada yapaca\u011f\u0131m sadece bir makyajd\u0131r&#8217; demeli, ard\u0131n\u0131zdan gelecek olan kaymakam.<\/p>\n<p style=\"text-align: justify;\">T\u00fcrkiye d\u00fcnya \u00f6l\u00e7e\u011finde rekor d\u00fczeyde b\u00fcy\u00fcrken, T\u00fcrkiye&#8217;nin itibar\u0131 artarken, b\u00f6lgesinde k\u00fcresel g\u00fc\u00e7 ve etkisi derinle\u015firken il\u00e7elerimizin kendi kaderine terk edilmi\u015f olmas\u0131n\u0131, hala 21. y\u00fczy\u0131l\u0131n gerisinde kalm\u0131\u015f olmas\u0131n\u0131 biz kabullenemeyiz. Bu \u00fclke sadece belli yerleriyle, belli il\u00e7eleriyle de\u011fil, 81 vilayeti, 892 il\u00e7esiyle, t\u00fcm k\u00f6yleriyle, hatta yaylalar\u0131, mezralar\u0131yla e\u015f zamanl\u0131 b\u00fcy\u00fcmek, 74 milyonun her birinin hissedece\u011fi bir kalk\u0131nma s\u00fcrecini ba\u015far\u0131yla y\u00fcr\u00fctmek durumundad\u0131r. \u0130\u015fte onun i\u00e7in sizlerden g\u00f6rev yapt\u0131n\u0131z yerlerde, yeniden b\u00fcy\u00fck bir T\u00fcrkiye vizyonuyla, b\u00fcy\u00fcyen T\u00fcrkiye hedefiyle \u00e7al\u0131\u015fman\u0131z\u0131 bekliyoruz.&#8221;<\/p>\n<p style=\"text-align: justify;\">Kaymakamlar\u0131n il\u00e7elerinde atacaklar\u0131 ad\u0131mlarla \u00f6nder, \u00f6nc\u00fc olmalar\u0131n\u0131 bekledi\u011fini s\u00f6yleyen Erdo\u011fan, &#8221;At\u0131lacak ad\u0131mlarla \u00f6nder, \u00f6nc\u00fc olman\u0131z bilesiniz ki sizin \u00e7ok farkl\u0131 yerlerde, \u00e7ok farkl\u0131 an\u0131lman\u0131z\u0131 getirecek. Zira il\u00e7elerimizin bir\u00e7ok insanlar\u0131 T\u00fcrkiye&#8217;nin d\u00f6rt bir yan\u0131na da\u011f\u0131lm\u0131\u015ft\u0131r. \u0130stanbul&#8217;da, Ankara&#8217;da, \u0130zmir&#8217;de, \u015furada burada onlar bile sizi oradan takip edecektir&#8221; dedi.<\/p>\n<p style=\"text-align: justify;\">Farkl\u0131 illerde ya\u015fayan veya farkl\u0131 illerde \u00e7al\u0131\u015f\u0131p yazlar\u0131n\u0131 memleketlerinde ge\u00e7iren vatanda\u015flar\u0131n, kaymakamlar\u0131n ba\u015flatt\u0131\u011f\u0131 faaliyetleri g\u00f6rmesi gerekti\u011fini belirten Erdo\u011fan, bu vatanda\u015flar\u0131n kaymakamlarla ilgili, &#8221;Ya sorma, yeni bir kaymakam geldi ama \u00e7ok gayretli, \u00e7al\u0131\u015fkan daha ben gelmeden hemen bizim eve u\u011fram\u0131\u015f, annemi babam\u0131 ziyaret etmi\u015f. Onlar\u0131n derdini derman\u0131n\u0131 sormu\u015f, ara\u015ft\u0131rm\u0131\u015f&#8221; demesi gerekti\u011fini s\u00f6yledi. Erdo\u011fan, &#8221;Bunlar sizi \u00e7ok g\u00fc\u00e7l\u00fc k\u0131lacakt\u0131r. G\u00fc\u00e7l\u00fc k\u0131lman\u0131n \u00f6tesinde il\u00e7eyi g\u00fc\u00e7l\u00fc k\u0131lacakt\u0131r. Bunlar\u0131 ben yapt\u0131\u011f\u0131m i\u00e7in size s\u00f6yl\u00fcyorum. Gelin siz de yap\u0131n bunlar\u0131 ve bunun farkl\u0131l\u0131\u011f\u0131n\u0131 g\u00f6receksiniz&#8221; diye konu\u015ftu.<\/p>\n<p style=\"text-align: justify;\"><strong>&#8221;MAKAMINIZ VE EV\u0130N\u0130Z HALKA A\u00c7IK OLMALI&#8221; <\/strong><\/p>\n<p style=\"text-align: justify;\">Erdo\u011fan, &#8221;Gelenekten, tecr\u00fcbeden, birikimden istifade ederken, modern idare anlay\u0131\u015f\u0131n\u0131, demokratik kat\u0131l\u0131m\u0131, evrensel de\u011ferleri de g\u00f6zetmenizi, yerel ile k\u00fcresel aras\u0131nda dengeli bir idare anlay\u0131\u015f\u0131n\u0131 tesis etmenizi de tabii ki arzuluyoruz&#8221; dedi.<\/p>\n<p style=\"text-align: justify;\">Kaymakamlar\u0131n, mesai mefhumu olmayan devlet memurlar\u0131 olarak \u00e7al\u0131\u015fmak zorunda olduklar\u0131na i\u015faret eden Ba\u015fbakan Erdo\u011fan, \u015f\u00f6yle konu\u015ftu:<\/p>\n<p style=\"text-align: justify;\">&#8221;Sabah saat 08.00, ak\u015fam 17.00&#8230; Herhalde kaymakam b\u00f6yle d\u00fc\u015f\u00fcnmez? Biz de mesai yok&#8230; Sabah ka\u00e7ta gelirsen gelirsin ama gece ka\u00e7ta d\u00f6nersen d\u00f6nersin. Burada sekiz saat yok.. Zaman olur 15 saat, zaman olur 8 saat, zaman olur \u00f6yle olaylar ya\u015fars\u0131n\u0131z ki 24 saat uykusuz kalmak durumunda olursunuz. \u00c7\u00fcnk\u00fc sizin g\u00f6revinizin kutsall\u0131\u011f\u0131 bunu gerektiriyor, \u00f6yle olaylarla kar\u015f\u0131 kar\u015f\u0131ya kalabilirsiniz. Tabii ki ailenize, kendinize de vakit ay\u0131racaks\u0131n\u0131z. Ama g\u00f6revin, hizmetin, halk\u0131m\u0131z\u0131 memnun etme gayesinin, ki\u015fisel hayat\u0131n\u0131zdan bile \u00f6nde geldi\u011fini her an hat\u0131rda tutman\u0131z\u0131 istiyorum.<\/p>\n<p style=\"text-align: justify;\">Ve makam\u0131n\u0131z, eviniz halka a\u00e7\u0131k olmal\u0131. Bu kadar a\u00e7\u0131k konu\u015fuyorum. O zaman \u00e7ok daha g\u00fc\u00e7l\u00fc olacaks\u0131n\u0131z. Vatanda\u015f ile ili\u015fkilerde her zaman \u00f6nce vatanda\u015f\u0131n haklar\u0131 akl\u0131n\u0131za gelmeli. L\u00fctfen \u00f6ncelikle yetkilerinizi de\u011fil, g\u00f6revlerinizi hat\u0131rlay\u0131n. Sorumluluklar\u0131n\u0131z\u0131 akl\u0131n\u0131zda tutun. Ben mazeretlere s\u0131\u011f\u0131nmayaca\u011f\u0131n\u0131za, imkans\u0131zl\u0131klar\u0131 bahane etmeyece\u011finize, imkanlar\u0131n\u0131z\u0131 \u00f6zellikle kendiniz olu\u015fturup y\u00f6netti\u011finiz her bir il\u00e7enin \u00e7ehresini k\u00f6kl\u00fc \u015fekilde de\u011fi\u015ftirmek i\u00e7in kullanaca\u011f\u0131n\u0131za inan\u0131yorum. \u0130l\u00e7enin ileri gelenleriyle samimi ileti\u015fim i\u00e7inde olun. \u0130l\u00e7enizin kanaat \u00f6nderleri vard\u0131r. Onlar\u0131 zaten bulup \u00e7\u0131karacaks\u0131n\u0131z. Ama onlarla ileti\u015fiminiz \u00e7ok s\u0131k olmal\u0131. \u0130l\u00e7enin sivil toplum \u00f6rg\u00fctleriyle sa\u011fl\u0131kl\u0131 ileti\u015fim kanallar\u0131 tesis edin. Her konuda \u00f6nc\u00fc olmaya, lider olmaya, \u00e7\u00f6z\u00fcm \u00fcreten, hedefler koyan ve bu hedeflere ula\u015fmak i\u00e7in samimi m\u00fccadele eden olmaya l\u00fctfen \u00f6zen g\u00f6sterin. B\u00fcrokratik s\u00fcre\u00e7lerin i\u00e7inde, i\u015flemlerin i\u00e7inde kaybolup giden y\u00f6neticiler de\u011fil, sonu\u00e7 odakl\u0131 \u00e7al\u0131\u015fan, gerekti\u011finde aya\u011f\u0131na \u00e7izmesini giyen, gerekti\u011finde eline kazmay\u0131 k\u00fcre\u011fi alan, gerekti\u011finde bir de bakm\u0131\u015fs\u0131n\u0131z ki i\u015f makinesinin \u00fcst\u00fcne \u00e7\u0131k\u0131p adeta bir operat\u00f6r olan insanlar olmal\u0131s\u0131n\u0131z. \u00c7\u00fcnk\u00fc halk bunu istiyor, halk bunu seviyor. G\u00f6rev s\u00fcreniz doldu\u011funda o il\u00e7eden ayr\u0131l\u0131rken isminiz yadigar kals\u0131n, arkan\u0131zdan, \u00f6yle bir kaymakam geldi ki onun d\u00f6neminde il\u00e7enin kaderi de\u011fi\u015fti, g\u00f6r\u00fcn\u00fcm\u00fc, manzaras\u0131 de\u011fi\u015fti, denilsin. Her birinizin bunu ba\u015faracak yetene\u011fe sahip oldu\u011funa inan\u0131yorum.&#8221;<\/p>\n<p style=\"text-align: justify;\"><strong>DEVLET-M\u0130LLET KAYNA\u015eMASI <\/strong><\/p>\n<p style=\"text-align: justify;\">&#8221;Bizler, devlet ile milleti farkl\u0131 konumlara yerle\u015ftiren, devlet ile millet aras\u0131nda duvarlar \u00f6ren bir anlay\u0131\u015f i\u00e7inde olamay\u0131z. Tam tersine ge\u00e7mi\u015fte bu y\u00f6nde olu\u015fmu\u015f alg\u0131y\u0131 de\u011fi\u015ftirmek, devlet-millet kayna\u015fmas\u0131n\u0131 azami derecede peki\u015ftirmek zorunday\u0131z&#8221; diyen Ba\u015fbakan Erdo\u011fan, her bir vatanda\u015f\u0131n, zor zaman\u0131nda devletin t\u00fcm imkanlar\u0131yla yan\u0131nda oldu\u011funu bilece\u011fini ve hissedece\u011fini s\u00f6yledi.<\/p>\n<p style=\"text-align: justify;\">Erdo\u011fan, s\u00f6zlerini \u015f\u00f6yle tamamlad\u0131:<\/p>\n<p style=\"text-align: justify;\">&#8221;Devletin \u015fefkatli, merhametli, adaletli, g\u00fcl\u00fcmseyen y\u00fcz\u00fc, s\u0131cak eli siz olacaks\u0131n\u0131z. Ancak, bu \u015fekilde devlet millet kayna\u015fmas\u0131n\u0131 daha ileri noktalara ta\u015f\u0131yabiliriz. Sizler oralara, devletin as\u0131k surat\u0131n\u0131, otoritesini g\u00f6stermek \u00fczere de\u011fil, \u015fefkatini merhametini, kucaklay\u0131c\u0131l\u0131\u011f\u0131n\u0131 g\u00f6stermek i\u00e7in gidiyorsunuz. Onun i\u00e7in diyorum ki, ihtiyac\u0131 olan vatanda\u015f gelip sizi bulmayacak, ondan \u00f6nce siz gidip onu bulacaks\u0131n\u0131z. Buras\u0131 \u00e7ok \u00f6nemli. \u00c7\u00fcnk\u00fc bizim vatanda\u015f\u0131m\u0131z \u00e7ok onurludur, gururludur gelemeyebilir. Ama siz gidip onu bulun, siz onu aray\u0131n.<\/p>\n<p style=\"text-align: justify;\">Her gece sokaklara \u00e7\u0131k\u0131p k\u0131\u015f g\u00fcnlerinde nerede baca t\u00fctm\u00fcyor. Ak\u015fam saatlerinde kimin mutfa\u011f\u0131n\u0131n \u0131\u015f\u0131\u011f\u0131 yanm\u0131yor. Sabah saatlerinde okula giden hangi \u00e7ocu\u011fun montu yok, ayakkab\u0131s\u0131 yok. Bunu siz tespit edeceksiniz. Kimse bundan dolay\u0131 bir kompleks hissetmesin, kimse de bu konuda yap\u0131lan ele\u015ftirilere kulak asmas\u0131n. Hemen gideceksin okula, orada \u00e7ocuklar\u0131n ayaklar\u0131na bakacaks\u0131n\u0131z, ne giyiyor, ayakkab\u0131s\u0131 y\u0131rt\u0131k m\u0131, pantolonu ne alemde, \u00f6nl\u00fc\u011f\u00fc var m\u0131 yok mu, bunlar\u0131 kontrol edip hepsini tek tek tespit edip, okul m\u00fcd\u00fcrleri ve \u00f6\u011fretmenlerle ileti\u015fim i\u00e7inde orada o yavrular\u0131m\u0131z\u0131n sorunlar\u0131n\u0131 gidereceksiniz.<\/p>\n<p style=\"text-align: justify;\">Halktan kopuk, sorunlardan kopuk, esnaftan, i\u015f adam\u0131ndan, k\u00f6yl\u00fcden, \u00e7ift\u00e7iden kopuk idareci anlay\u0131\u015f\u0131 art\u0131k \u00e7a\u011f\u0131n gerisinde kalm\u0131\u015ft\u0131r. Sizin nezdinde, dolay\u0131s\u0131yla devlet nezdinde T\u00fcrkiye Cumhuriyeti vatanda\u015fl\u0131\u011f\u0131 kimli\u011fi alt\u0131ndaki her bir vatanda\u015f e\u015fit haklara sahiptir, birinci s\u0131n\u0131f vatanda\u015ft\u0131r. Farkl\u0131 etnik k\u00f6kenlere sahip olabilirler, farkl\u0131 inan\u00e7  gruplar\u0131na dahil olabilirler, farkl\u0131 ekonomik gelir grubunda bulunabilirler, sizin \u00f6n\u00fcn\u00fcze geldi\u011finde ya da siz onlara gitti\u011finizde onlar sadece ve sadece T\u00fcrkiye Cumhuriyeti&#8217;nin birer vatanda\u015f\u0131d\u0131r ve \u00f6nce insand\u0131r. Onlar\u0131n T\u00fcrkiye Cumhuriyeti&#8217;nin birinci s\u0131n\u0131f vatanda\u015f\u0131 oldu\u011funu hissettirecek olan da yine sizler olacaks\u0131n\u0131z. Onun i\u00e7in adaletten, hak ve hukuktan l\u00fctfen taviz vermeyin. Taviz verilmesine de l\u00fctfen m\u00fcsamaha etmeyin. Ben il\u00e7elerinizi de\u011fi\u015ftirece\u011finize, bu yolla T\u00fcrkiye&#8217;yi de\u011fi\u015ftirebilece\u011finize g\u00f6n\u00fclden inan\u0131yorum. G\u00f6rev yerlerinizde sonsuz ba\u015far\u0131lar diliyorum.&#8221;<\/p>\n<p style=\"text-align: justify;\"><a href=\"http:\/\/www.gazeteport.com.tr\/SIYASET\/NEWS\/GP_854400\" target=\"_blank\"><span style=\"color: #888888;\">Kaynak : GAZETEPORT<\/span><\/a><\/p>\n","protected":false},"excerpt":{"rendered":"<p style=\"text-align: center;\">\n<p style=\"text-align: justify;\">Se\u00e7im \u00f6ncesi Ba\u015fbakan Erdo\u011fan, yeni kaymakam adaylar\u0131 ile bir araya geldi ve &#8220;muhalefetin ele\u015ftirilerine ald\u0131rmay\u0131n, sosyal yard\u0131ma devam edin&#8221; dedi.<\/p>\n<p style=\"text-align: justify;\">ANKARA &#8211; Ba\u015fbakan Recep Tayyip Erdo\u011fan, &#8221;Muhalefet hep \u015funu s\u00f6yl\u00fcyor, &#8216;bunlar sadaka da\u011f\u0131t\u0131yor.&#8217; Devletin sadaka da\u011f\u0131tmas\u0131 diye bir \u015fey olmaz. Devletin sosyal devlet olma bilinciyle fakir fukaraya, garip <\/p>\n","protected":false},"author":1,"featured_media":0,"comment_status":"open","ping_status":"closed","sticky":false,"template":"","format":"standard","meta":{"footnotes":""},"categories":[105],"tags":[],"class_list":["post-28494","post","type-post","status-publish","format-standard","hentry","category-gundem","odd"],"_links":{"self":[{"href":"http:\/\/www.korhanyilmaz.com\/index.php?rest_route=\/wp\/v2\/posts\/28494","targetHints":{"allow":["GET"]}}],"collection":[{"href":"http:\/\/www.korhanyilmaz.com\/index.php?rest_route=\/wp\/v2\/posts"}],"about":[{"href":"http:\/\/www.korhanyilmaz.com\/index.php?rest_route=\/wp\/v2\/types\/post"}],"author":[{"embeddable":true,"href":"http:\/\/www.korhanyilmaz.com\/index.php?rest_route=\/wp\/v2\/users\/1"}],"replies":[{"embeddable":true,"href":"http:\/\/www.korhanyilmaz.com\/index.php?rest_route=%2Fwp%2Fv2%2Fcomments&post=28494"}],"version-history":[{"count":0,"href":"http:\/\/www.korhanyilmaz.com\/index.php?rest_route=\/wp\/v2\/posts\/28494\/revisions"}],"wp:attachment":[{"href":"http:\/\/www.korhanyilmaz.com\/index.php?rest_route=%2Fwp%2Fv2%2Fmedia&parent=28494"}],"wp:term":[{"taxonomy":"category","embeddable":true,"href":"http:\/\/www.korhanyilmaz.com\/index.php?rest_route=%2Fwp%2Fv2%2Fcategories&post=28494"},{"taxonomy":"post_tag","embeddable":true,"href":"http:\/\/www.korhanyilmaz.com\/index.php?rest_route=%2Fwp%2Fv2%2Ftags&post=28494"}],"curies":[{"name":"wp","href":"https:\/\/api.w.org\/{rel}","templated":true}]}}