{"id":28489,"date":"2011-02-16T13:18:59","date_gmt":"2011-02-16T11:18:59","guid":{"rendered":"http:\/\/www.korhanyilmaz.com\/?p=28489"},"modified":"2011-02-16T13:18:59","modified_gmt":"2011-02-16T11:18:59","slug":"erdogan-ayakkabiyla-gul-corapla-huzura-cikti","status":"publish","type":"post","link":"http:\/\/www.korhanyilmaz.com\/?p=28489","title":{"rendered":"Erdo\u011fan ayakkab\u0131yla G\u00fcl \u00e7orapla huzura \u00e7\u0131kt\u0131"},"content":{"rendered":"<p><a href=\"http:\/\/www.korhanyilmaz.com\/wp-content\/uploads\/2011\/02\/378.jpg\"  class=\"lightview\"><img loading=\"lazy\" decoding=\"async\" class=\"aligncenter size-full wp-image-28490\" src=\"http:\/\/www.korhanyilmaz.com\/wp-content\/uploads\/2011\/02\/378.jpg\" alt=\"\" width=\"420\" height=\"210\" \/><\/a><\/p>\n<p style=\"text-align: justify;\">\u0130ran&#8217;a resmi ziyaret yapan Cumhurba\u015fkan\u0131 Abdullah G\u00fcl, dini lider Ayetullah Seyid Ali Hamaney&#8217;in huzuruna ayakkab\u0131lar\u0131 \u00e7\u0131kart\u0131larak kabul edildi. 2009 y\u0131l\u0131nda \u0130ran&#8217;a giden Ba\u015fbakan Recep Tayyip Erdo\u011fan ise Hamaney ile ayn\u0131 mekandaki g\u00f6r\u00fc\u015fmeye ayakkab\u0131lar\u0131n\u0131 \u00e7\u0131karmadan girmi\u015fti. <!--more--><\/p>\n<p style=\"text-align: justify;\">\u0130ran\u2019\u0131n ba\u015fkenti Tahran\u2019da \u00f6nceki g\u00fcn d\u00fczenlenen muhalefet g\u00f6sterileriyle ayn\u0131 zamanda \u0130ran ziyaretine ba\u015flayan Cumhurba\u015fkan\u0131 Abdullah G\u00fcl d\u00fcn dini lider Ayetullah Seyid Ali Hamaney\u2019i ziyaret etti.<\/p>\n<p style=\"text-align: justify;\">\u0130ran Cumhurba\u015fkan\u0131 Mahmud Ahmedinejad ile Hamaney&#8217;i ziyaret Abdullah G\u00fcl&#8217;\u00fcn \u00e7oraplar\u0131 \u00e7ekti. Bu durum, 26-27 Ekim 2009&#8217;da Ba\u015fbakan Recep Tayyip Erdo\u011fan&#8217;\u0131n yapt\u0131\u011f\u0131 \u0130ran gezisini hat\u0131rlatt\u0131.<\/p>\n<p style=\"text-align: justify;\">Ba\u015fbakan Erdo\u011fan&#8217;\u0131n dini lider Ayetullah Seyid Ali Hamaney ile g\u00f6r\u00fc\u015fmesinde ayakkab\u0131lar\u0131n\u0131 \u00e7\u0131karmam\u0131\u015ft\u0131. Devlet bakanlar\u0131 Cevdet Y\u0131lmaz, Mehmet Ayd\u0131n ve Zafer \u00c7a\u011flayan, Enerji ve Tabii Kaynaklar\u0131 Bakan\u0131 Taner Y\u0131ld\u0131z, D\u0131\u015fi\u015fleri Bakan\u0131 Ahmet Davuto\u011flu\u2019ndan olu\u015fan heyet ile ger\u00e7ekle\u015fen \u0130ran gezisine damga vuran en \u00f6nemli geli\u015fme \u0130ran&#8217;\u0131n n\u00fckleer program\u0131na verilen deste\u011fin yinelenmesi olmu\u015ftu.<\/p>\n<p style=\"text-align: justify;\"><a href=\"http:\/\/www.korhanyilmaz.com\/wp-content\/uploads\/2011\/02\/379.jpg\"  class=\"lightview\"><img loading=\"lazy\" decoding=\"async\" class=\"aligncenter size-full wp-image-28491\" src=\"http:\/\/www.korhanyilmaz.com\/wp-content\/uploads\/2011\/02\/379.jpg\" alt=\"\" width=\"450\" height=\"264\" \/><\/a><a href=\"http:\/\/haber.gazetevatan.com\/erdogan-ayakkabiyla-gul-corapla-huzura-cikti\/359737\/30\/Dunya\" target=\"_blank\"><span style=\"color: #888888;\">Kaynak : VATAN<\/span><\/a><\/p>\n","protected":false},"excerpt":{"rendered":"<\/p>\n<p style=\"text-align: justify;\">\u0130ran&#8217;a resmi ziyaret yapan Cumhurba\u015fkan\u0131 Abdullah G\u00fcl, dini lider Ayetullah Seyid Ali Hamaney&#8217;in huzuruna ayakkab\u0131lar\u0131 \u00e7\u0131kart\u0131larak kabul edildi. 2009 y\u0131l\u0131nda \u0130ran&#8217;a giden Ba\u015fbakan Recep Tayyip Erdo\u011fan ise Hamaney ile ayn\u0131 mekandaki g\u00f6r\u00fc\u015fmeye ayakkab\u0131lar\u0131n\u0131 \u00e7\u0131karmadan girmi\u015fti. <\/p>\n","protected":false},"author":1,"featured_media":0,"comment_status":"open","ping_status":"closed","sticky":false,"template":"","format":"standard","meta":{"footnotes":""},"categories":[105],"tags":[],"class_list":["post-28489","post","type-post","status-publish","format-standard","hentry","category-gundem","odd"],"_links":{"self":[{"href":"http:\/\/www.korhanyilmaz.com\/index.php?rest_route=\/wp\/v2\/posts\/28489","targetHints":{"allow":["GET"]}}],"collection":[{"href":"http:\/\/www.korhanyilmaz.com\/index.php?rest_route=\/wp\/v2\/posts"}],"about":[{"href":"http:\/\/www.korhanyilmaz.com\/index.php?rest_route=\/wp\/v2\/types\/post"}],"author":[{"embeddable":true,"href":"http:\/\/www.korhanyilmaz.com\/index.php?rest_route=\/wp\/v2\/users\/1"}],"replies":[{"embeddable":true,"href":"http:\/\/www.korhanyilmaz.com\/index.php?rest_route=%2Fwp%2Fv2%2Fcomments&post=28489"}],"version-history":[{"count":0,"href":"http:\/\/www.korhanyilmaz.com\/index.php?rest_route=\/wp\/v2\/posts\/28489\/revisions"}],"wp:attachment":[{"href":"http:\/\/www.korhanyilmaz.com\/index.php?rest_route=%2Fwp%2Fv2%2Fmedia&parent=28489"}],"wp:term":[{"taxonomy":"category","embeddable":true,"href":"http:\/\/www.korhanyilmaz.com\/index.php?rest_route=%2Fwp%2Fv2%2Fcategories&post=28489"},{"taxonomy":"post_tag","embeddable":true,"href":"http:\/\/www.korhanyilmaz.com\/index.php?rest_route=%2Fwp%2Fv2%2Ftags&post=28489"}],"curies":[{"name":"wp","href":"https:\/\/api.w.org\/{rel}","templated":true}]}}