{"id":28485,"date":"2011-02-16T00:58:04","date_gmt":"2011-02-15T22:58:04","guid":{"rendered":"http:\/\/www.korhanyilmaz.com\/?p=28485"},"modified":"2011-02-16T00:58:04","modified_gmt":"2011-02-15T22:58:04","slug":"turkiyede-olanlari-anlamiyoruz","status":"publish","type":"post","link":"http:\/\/www.korhanyilmaz.com\/?p=28485","title":{"rendered":"&#8220;T\u00fcrkiye&#8217;de olanlar\u0131 anlam\u0131yoruz&#8221;"},"content":{"rendered":"<p style=\"text-align: center;\"><a href=\"http:\/\/www.korhanyilmaz.com\/wp-content\/uploads\/2011\/02\/377.jpg\"  class=\"lightview\"><img loading=\"lazy\" decoding=\"async\" class=\"aligncenter size-full wp-image-28486\" src=\"http:\/\/www.korhanyilmaz.com\/wp-content\/uploads\/2011\/02\/377.jpg\" alt=\"\" width=\"324\" height=\"243\" \/><\/a><\/p>\n<p style=\"text-align: justify;\">ABD\u2019nin yeni b\u00fcy\u00fckel\u00e7isi Ricciardone, odatv.com\u2019da yap\u0131lan aramalar ve g\u00f6zalt\u0131lar sorusu \u00fczerine, T\u00fcrkiye ve \u00f6zg\u00fcr bas\u0131n \u00fczerine konu\u015ftu: Biz anlam\u0131yoruz&#8230;<\/p>\n<p style=\"text-align: justify;\">ANKARA &#8211; ABD\u2019nin yeni Ankara B\u00fcy\u00fckel\u00e7isi Francis Joseph Ricciardone, tan\u0131\u015fma resepsiyonunda T\u00fcrkiye g\u00fcndeminin s\u0131cak maddeleri \u00fczerine a\u00e7\u0131klamalarda bulundu. <!--more--><\/p>\n<p style=\"text-align: justify;\">B\u00fcy\u00fckel\u00e7iye Balyoz davas\u0131n tutuklamalar\u0131 ve odatv.com\u2019da yap\u0131lan aramalar ve g\u00f6zalt\u0131lar soruldu.<\/p>\n<p style=\"text-align: justify;\">Dikkat \u00e7eken a\u00e7\u0131klama ise, &#8220;Bir yanda \u00f6zg\u00fcr bas\u0131n deniyor ama bir yanda gazeteciler g\u00f6zalt\u0131na al\u0131n\u0131yor; biz bunu anlam\u0131yoruz\u201d oldu.<\/p>\n<p style=\"text-align: justify;\">ABD\u2019nin yeni Ankara B\u00fcy\u00fcklel\u00e7isi Ricciardone, tan\u0131\u015fma yeme\u011finde yapt\u0131\u011f\u0131 a\u00e7\u0131klamalarda, demokrasi i\u00e7in iki konuya vurgu yapt\u0131: \u00d6zg\u00fcr bas\u0131n ile \u00f6zg\u00fcr ve ba\u011f\u0131ms\u0131z yarg\u0131.<\/p>\n<p style=\"text-align: justify;\">\u00d6zg\u00fcr ve ba\u011f\u0131ms\u0131z yarg\u0131n\u0131n ABD\u2019de bile kolay olmad\u0131\u011f\u0131n\u0131 belirten b\u00fcy\u00fckel\u00e7i, &#8220;Yarg\u0131yla ya\u015fad\u0131klar\u0131n\u0131zda yan\u0131t\u0131 siz bulacaks\u0131n\u0131z&#8221; dedi.<\/p>\n<p style=\"text-align: justify;\">Ricciardone\u2019ye, odatv.com\u2019daki aramalar ve g\u00f6zalt\u0131lar da soruldu. Su\u00e7lamalar\u0131n ne oldu\u011funu ve detaylar\u0131 bilmedi\u011fini s\u00f6yleyen b\u00fcy\u00fckel\u00e7i, &#8220;T\u00fcrkiye \u00f6zg\u00fcr ve muhalif de olsa ele\u015ftiren bir bas\u0131n istiyor. Muhalefet de h\u00fck\u00fcmet \u00f6zg\u00fcr bas\u0131n\u0131 destekledi\u011fini s\u00f6yl\u00fcyor&#8221; dedi ve bu noktada dikkat \u00e7eken bir ifadede bulundu:<\/p>\n<p style=\"text-align: justify;\">&#8220;Bir yanda gazeteciler g\u00f6zalt\u0131na al\u0131n\u0131yor bir yanda \u00f6zg\u00fcr bas\u0131n deniyor, biz bunu anlam\u0131yoruz.&#8221;<\/p>\n<p style=\"text-align: justify;\">G\u00fcndemin bir di\u011fer s\u0131cak maddesi Balyoz davas\u0131 tutuklamalar\u0131n\u0131n da soruldu\u011fu Ricciardone, &#8220;Yak\u0131ndan izliyor ve dikkatle takip ediyoruz. Yarg\u0131lamalar sonu\u00e7lanana kadar masumiyet karinesi dikkate al\u0131nmal\u0131. Yarg\u0131n\u0131n davalar\u0131 usul\u00fcne uygun ve \u015feffaf \u015fekilde ele almas\u0131n\u0131 bekliyoruz\u201d \u015feklinde konu\u015ftu.<\/p>\n<p style=\"text-align: justify;\"><a href=\"http:\/\/www.gazeteport.com.tr\/GUNCEL\/NEWS\/GP_854084\" target=\"_blank\"><span style=\"color: #888888;\">Kaynak : GAZETEPORT<\/span><\/a><\/p>\n","protected":false},"excerpt":{"rendered":"<p style=\"text-align: center;\">\n<p style=\"text-align: justify;\">ABD\u2019nin yeni b\u00fcy\u00fckel\u00e7isi Ricciardone, odatv.com\u2019da yap\u0131lan aramalar ve g\u00f6zalt\u0131lar sorusu \u00fczerine, T\u00fcrkiye ve \u00f6zg\u00fcr bas\u0131n \u00fczerine konu\u015ftu: Biz anlam\u0131yoruz&#8230;<\/p>\n<p style=\"text-align: justify;\">ANKARA &#8211; ABD\u2019nin yeni Ankara B\u00fcy\u00fckel\u00e7isi Francis Joseph Ricciardone, tan\u0131\u015fma resepsiyonunda T\u00fcrkiye g\u00fcndeminin s\u0131cak maddeleri \u00fczerine a\u00e7\u0131klamalarda bulundu. <\/p>\n","protected":false},"author":1,"featured_media":0,"comment_status":"open","ping_status":"closed","sticky":false,"template":"","format":"standard","meta":{"footnotes":""},"categories":[105],"tags":[],"class_list":["post-28485","post","type-post","status-publish","format-standard","hentry","category-gundem","odd"],"_links":{"self":[{"href":"http:\/\/www.korhanyilmaz.com\/index.php?rest_route=\/wp\/v2\/posts\/28485","targetHints":{"allow":["GET"]}}],"collection":[{"href":"http:\/\/www.korhanyilmaz.com\/index.php?rest_route=\/wp\/v2\/posts"}],"about":[{"href":"http:\/\/www.korhanyilmaz.com\/index.php?rest_route=\/wp\/v2\/types\/post"}],"author":[{"embeddable":true,"href":"http:\/\/www.korhanyilmaz.com\/index.php?rest_route=\/wp\/v2\/users\/1"}],"replies":[{"embeddable":true,"href":"http:\/\/www.korhanyilmaz.com\/index.php?rest_route=%2Fwp%2Fv2%2Fcomments&post=28485"}],"version-history":[{"count":0,"href":"http:\/\/www.korhanyilmaz.com\/index.php?rest_route=\/wp\/v2\/posts\/28485\/revisions"}],"wp:attachment":[{"href":"http:\/\/www.korhanyilmaz.com\/index.php?rest_route=%2Fwp%2Fv2%2Fmedia&parent=28485"}],"wp:term":[{"taxonomy":"category","embeddable":true,"href":"http:\/\/www.korhanyilmaz.com\/index.php?rest_route=%2Fwp%2Fv2%2Fcategories&post=28485"},{"taxonomy":"post_tag","embeddable":true,"href":"http:\/\/www.korhanyilmaz.com\/index.php?rest_route=%2Fwp%2Fv2%2Ftags&post=28485"}],"curies":[{"name":"wp","href":"https:\/\/api.w.org\/{rel}","templated":true}]}}