{"id":28470,"date":"2011-02-15T11:35:14","date_gmt":"2011-02-15T09:35:14","guid":{"rendered":"http:\/\/www.korhanyilmaz.com\/?p=28470"},"modified":"2011-02-15T11:35:14","modified_gmt":"2011-02-15T09:35:14","slug":"sanki-organize-isler-filmi-cekiyorlar","status":"publish","type":"post","link":"http:\/\/www.korhanyilmaz.com\/?p=28470","title":{"rendered":"&#8220;Sanki Organize \u0130\u015fler filmi \u00e7ekiyorlar&#8221;"},"content":{"rendered":"<p style=\"text-align: center;\"><a href=\"http:\/\/www.korhanyilmaz.com\/wp-content\/uploads\/2011\/02\/372.jpg\"  class=\"lightview\"><img loading=\"lazy\" decoding=\"async\" class=\"aligncenter size-full wp-image-28471\" src=\"http:\/\/www.korhanyilmaz.com\/wp-content\/uploads\/2011\/02\/372.jpg\" alt=\"\" width=\"414\" height=\"220\" \/><\/a><\/p>\n<p style=\"text-align: justify;\">\u0130kinci &#8221;Ergenekon&#8221; davas\u0131n\u0131n tutuklu san\u0131klar\u0131ndan Yarbay Mustafa D\u00f6nmez, Ankara Zir Vadisi&#8217;nde bulunan G3 m\u00fchimmatlar\u0131n\u0131n Emniyet Genel M\u00fcd\u00fcrl\u00fc\u011f\u00fc&#8217;ne ya da M\u0130T&#8217;e ait oldu\u011funu savundu.<\/p>\n<p style=\"text-align: justify;\">D\u00f6nmez, her \u015feyin hesab\u0131n\u0131 vermeye haz\u0131r olduklar\u0131n\u0131 belirterek, &#8221;Ama bizim y\u00fcz\u00fcm\u00fczden ayd\u0131nlar i\u00e7eri al\u0131nmas\u0131n. Soner Yal\u00e7\u0131n i\u00e7eride. Umar\u0131m bizim y\u00fcz\u00fcm\u00fczden de\u011fildir&#8221; dedi. <!--more--><\/p>\n<p style=\"text-align: justify;\">Aramalarda al\u0131nan malzemelerin bir g\u00fcn sonra \u0130stanbul TEM \u015eube M\u00fcd\u00fcrl\u00fc\u011f\u00fcne getirildi\u011fini anlatan D\u00f6nmez, malzemelerin avukat nezaretinde a\u00e7\u0131ld\u0131\u011f\u0131n\u0131, kroki ve suikast planlar\u0131n\u0131n g\u00f6r\u00fclmedi\u011fini, bunlar\u0131n daha sonra eklendi\u011fini iddia etti.<\/p>\n<p style=\"text-align: justify;\">\u0130STANBUL &#8211; \u0130kinci &#8221;Ergenekon&#8221; davas\u0131n\u0131n 101. duru\u015fmas\u0131 ba\u015flad\u0131. \u0130stanbul 13. A\u011f\u0131r Ceza Mahkemesince Silivri Ceza \u0130nfaz Kurumlar\u0131 Yerle\u015fkesi&#8217;nde olu\u015fturulan salonda g\u00f6r\u00fclen davan\u0131n bug\u00fcnk\u00fc duru\u015fmas\u0131na, gazeteci Tuncay \u00d6zkan ve Mustafa Balbay&#8217;\u0131n da aralar\u0131nda bulundu\u011fu 20 tutuklu san\u0131k kat\u0131ld\u0131.<\/p>\n<p style=\"text-align: justify;\">Tutuklu san\u0131klar eski Ba\u015fkent \u00dcniversitesi Rekt\u00f6r\u00fc Prof. Dr. Mehmet Haberal, eski \u0130n\u00f6n\u00fc \u00dcniversitesi Rekt\u00f6r\u00fc Prof. Dr. Fatih Hilmio\u011flu, emekli Tu\u011fgeneral Levent Ers\u00f6z, \u0130brahim \u00d6zcan, \u0130brahim \u015eahin, Hasan Atilla U\u011fur, Ersin G\u00f6nence ve Levent G\u00f6kta\u015f ise duru\u015fmaya gelmedi.<\/p>\n<p style=\"text-align: justify;\">Duru\u015fmada s\u00f6z alan tutuklu san\u0131k avukat Yusuf Erikel, sa\u011fl\u0131k durumunun iyi olmad\u0131\u011f\u0131n\u0131, Silivri&#8217;deki hastanelerde \u00e7are bulunamad\u0131\u011f\u0131n\u0131 belirterek, geceleri a\u011fz\u0131 ve burnundan kan geldi\u011fini, mahkeme heyeti taraf\u0131ndan ara karar al\u0131narak, bir \u00fcniversite hastanesine g\u00f6sterilmesini istedi\u011fini bildirdi.<\/p>\n<p style=\"text-align: justify;\">Duru\u015fma, tutuklu san\u0131klardan Mustafa D\u00f6nmez&#8217;in savunmas\u0131yla devam etti.<\/p>\n<p style=\"text-align: justify;\"><strong>EMN\u0130YET&#8217;E YA DA M\u0130T&#8217;E A\u0130T<\/strong><\/p>\n<p style=\"text-align: justify;\">\u0130stanbul 13. A\u011f\u0131r Ceza Mahkemesince Silivri Ceza \u0130nfaz Kurumlar\u0131 Yerle\u015fkesi&#8217;nde olu\u015fturulan salondaki duru\u015fmada savunmas\u0131n\u0131 yapan D\u00f6nmez, bir senaryonun kurban\u0131 olduklar\u0131n\u0131 ve kendisine iftira at\u0131ld\u0131\u011f\u0131n\u0131 \u00f6ne s\u00fcrerek, &#8221;Onlarca ki\u015fi buraya neden geldi\u011fini bilmiyor. 25 ayd\u0131r bir masumu burada bekletiyorsunuz. Y\u00fcce mahkemeniz T\u00fcrk halk\u0131n\u0131 temsil ediyor. Ben sizi T\u00fcrk halk\u0131 olarak g\u00f6r\u00fcyorum. Kendimi T\u00fcrk halk\u0131na anlat\u0131yorum&#8221; diye konu\u015ftu.<\/p>\n<p style=\"text-align: justify;\">Ankara Zir Vadisi&#8217;nde bulunan G3 m\u00fchimmatlar\u0131n\u0131n Emniyet Genel M\u00fcd\u00fcrl\u00fc\u011f\u00fc&#8217;ne ya da M\u0130T&#8217;e ait oldu\u011funu savunan D\u00f6nmez, \u015f\u00f6yle devam etti: &#8221;Ambalajlar\u0131n \u00fczerinde bulunan numaralardan bu m\u00fchimmatlar\u0131n TSK&#8217;ya ait olmad\u0131\u011f\u0131 ortaya \u00e7\u0131km\u0131\u015ft\u0131r. \u00dcretilen G3 m\u00fchimmatlar\u0131 piyasada sat\u0131lm\u0131yor. \u00dcretimler yurt d\u0131\u015f\u0131na, TSK, M\u0130T ve Emniyet Genel M\u00fcd\u00fcrl\u00fc\u011f\u00fc&#8217;ne veriliyor. Ayr\u0131ca bu konuyla ilgili polis kamera \u00e7ekimlerinde, polisler aras\u0131nda bu y\u00f6nde konu\u015fmalar vard\u0131r. Mahkeme, s\u00f6z konusu kamera \u00e7ekimlerinin 20 A\u011fustos 2010 tarihinde ara\u015ft\u0131r\u0131lmas\u0131 talimat\u0131 verdi. Talimat, 6 ay ge\u00e7mesine ra\u011fmen uygulanmad\u0131. Hukuk cinayeti yap\u0131l\u0131yor. Polisler bu kabaday\u0131l\u0131\u011f\u0131, bu g\u00fcveni nereden buluyor? Hukuk, kolluk kuvvetlerinin eline b\u0131rak\u0131lamaz. Polis te\u015fkilat\u0131n\u0131n y\u00fczde 99&#8217;u d\u00fcr\u00fcstt\u00fcr ama d\u00fcr\u00fcst polisler sesini \u00e7\u0131karamad\u0131\u011f\u0131 i\u00e7in geldi\u011fi yeri unutan \u00e7etele\u015fmi\u015f polisler bu senaryolar\u0131 oynuyor. T\u00fcrl\u00fc t\u00fcrl\u00fc oyunlar yap\u0131l\u0131yor. Mustafa D\u00f6nmez&#8217;e ve T\u00fcrk Silahl\u0131 Kuvvetlerine operasyon d\u00fczenleyen polis te\u015fkilat\u0131 i\u00e7indeki bir grup \u00e7etedir.&#8221;<\/p>\n<p style=\"text-align: justify;\"><strong>&#8221;KROK\u0130Y\u0130 KORUMA ALTINA ALIN, YOK EDECEKLER&#8221;<\/strong><\/p>\n<p style=\"text-align: justify;\">Emniyet Genel M\u00fcd\u00fcrl\u00fc\u011f\u00fc taraf\u0131ndan, aramalarda \u00e7ekilen kamera g\u00f6r\u00fcnt\u00fclerinin ara ara kesildi\u011fini anlatan D\u00f6nmez, &#8221;En kritik konu\u015fmalar kesilmi\u015f. Ben bug\u00fcne kadar size kesilmesi unutulanlar\u0131 dinlettim&#8221; dedi.<\/p>\n<p style=\"text-align: justify;\">Aramalarda bulunan krokinin polis taraf\u0131ndan \u00e7izildi\u011fini iddia eden D\u00f6nmez, \u015funlar\u0131 kaydetti:  &#8221;Sahtecilik yap\u0131lm\u0131\u015ft\u0131r. Bizi buraya \u00e7\u0131karanlar ger\u00e7ek su\u00e7lulard\u0131r ama bir g\u00fcn yarg\u0131lanacaklar. Bu krokiyi koruma alt\u0131na al\u0131n. Bunu yok edecekler. Ben bu krokinin benim olmad\u0131\u011f\u0131n\u0131 \u00e7ok iyi biliyorum. Benzetmeye bile u\u011fra\u015fmam\u0131\u015flar. Poyrazk\u00f6y krokisiyle ayn\u0131, semboller ayn\u0131. Muhtemelen ayn\u0131 polisin elinden \u00e7\u0131km\u0131\u015f. Ya\u015fad\u0131klar\u0131m\u0131z \u015faka gibi. &#8216;Bu bir r\u00fcya ve bir g\u00fcn uyanaca\u011f\u0131z&#8217; diyorum. Evimde yap\u0131lan aramalarda hi\u00e7bir kurala uyulmad\u0131. Olay yerine g\u00f6revli personel d\u0131\u015f\u0131nda kimsenin girmesine izin verilmemesi gerekiyor. Ancak bas\u0131n mensuplar\u0131 al\u0131nm\u0131\u015f. \u00c7\u00fcnk\u00fc o kadar eminler ki bir \u015feyler bulunaca\u011f\u0131ndan. Esrar koysalard\u0131 ben de esrarc\u0131 asker olacakt\u0131m. Polis, T\u00fcrk halk\u0131na yap\u0131lanlar\u0131 ve sorumlular\u0131 bulmak yerine bize kelep\u00e7e tak\u0131yor. Ba\u015f\u0131ndan sonuna kadar her \u015feyleri uydurma. Bu haks\u0131zl\u0131k bir g\u00fcn tersine d\u00f6necek.&#8221;<\/p>\n<p style=\"text-align: justify;\">D\u00f6nmez, kendisinde oldu\u011fu iddia edilen ancak ortada olmayan 3 m\u00fchimmat\u0131n Poyrazk\u00f6y aramalar\u0131nda \u00e7\u0131kt\u0131\u011f\u0131n\u0131 savundu.<\/p>\n<p style=\"text-align: justify;\">Duru\u015fmaya, daha sonra \u00f6\u011fle aras\u0131 verildi.<\/p>\n<p style=\"text-align: justify;\"><strong>&#8220;B\u0130Z\u0130M Y\u00dcZ\u00dcM\u00dcZDEN AYDINLAR \u0130\u00c7ER\u0130 ALINMASIN&#8221;<\/strong><\/p>\n<p style=\"text-align: justify;\">D\u00f6nmez, her \u015feyin hesab\u0131n\u0131 vermeye haz\u0131r olduklar\u0131n\u0131 belirterek, &#8221;Ama bizim y\u00fcz\u00fcm\u00fczden ayd\u0131nlar i\u00e7eri al\u0131nmas\u0131n. Soner Yal\u00e7\u0131n i\u00e7eride. Umar\u0131m bizim y\u00fcz\u00fcm\u00fczden de\u011fildir&#8221; dedi.<\/p>\n<p style=\"text-align: justify;\">D\u00f6nmez, olay yerinde kan\u0131tlar\u0131n tahrip edilmemesi ve sahte kan\u0131t konulmas\u0131n\u0131n \u00f6n\u00fcne ge\u00e7ilmesi gerekti\u011fini, ancak bu kurallar\u0131n hi\u00e7birine uyulmad\u0131\u011f\u0131n\u0131 belirterek, &#8221;Aramada bulunmayan askeri savc\u0131, &#8216;Aramada bulundum&#8217; diye tutana\u011fa imza atm\u0131\u015f. Hangi birini anlatay\u0131m. \u0130nsan hi\u00e7 mi kurallara uymaz&#8221; diye konu\u015ftu.<\/p>\n<p style=\"text-align: justify;\">\u0130nsanlar\u0131n bask\u0131 alt\u0131nda oldu\u011funu ve konu\u015fmaya cesaret edemedi\u011fini ileri s\u00fcren D\u00f6nmez, &#8221;Her \u015feyin hesab\u0131n\u0131 vermeye haz\u0131r\u0131z. Ama bizim y\u00fcz\u00fcm\u00fczden ayd\u0131nlar i\u00e7eri al\u0131nmas\u0131n. Soner Yal\u00e7\u0131n, i\u00e7eride. Umar\u0131m bizim y\u00fcz\u00fcm\u00fczden de\u011fildir. \u00dczerimizde kara bulutlar var. S\u0131\u011f\u0131nd\u0131\u011f\u0131m\u0131z bir tek sizler kald\u0131n\u0131z&#8221; ifadesini kulland\u0131.<\/p>\n<p style=\"text-align: justify;\">D\u00f6nmez, tutanak, foto\u011fraf ve g\u00f6r\u00fcnt\u00fclerdeki tarih, bilgi ve yaz\u0131lar\u0131n birbirini do\u011frulamad\u0131\u011f\u0131n\u0131, \u00e7eli\u015fkilerle dolu oldu\u011funu savunarak, mahkeme heyetinin \u00f6n\u00fcne getirilen iddianamenin, yalan \u00fczerine kuruldu\u011funu bildirdi. Aramalarda al\u0131nan malzemelerin bir g\u00fcn sonra \u0130stanbul TEM \u015eube M\u00fcd\u00fcrl\u00fc\u011f\u00fcne getirildi\u011fini anlatan D\u00f6nmez, malzemelerin avukat nezaretinde a\u00e7\u0131ld\u0131\u011f\u0131n\u0131, kroki ve suikast planlar\u0131n\u0131n g\u00f6r\u00fclmedi\u011fini, bunlar\u0131n daha sonra eklendi\u011fini iddia etti.<\/p>\n<p style=\"text-align: justify;\"><strong>&#8221;SANK\u0130 ORGAN\u0130ZE \u0130\u015eLER F\u0130LM\u0130 \u00c7EK\u0130YORLAR&#8221;<\/strong><\/p>\n<p style=\"text-align: justify;\">\u0130stanbul Emniyet M\u00fcd\u00fcrl\u00fc\u011f\u00fc taraf\u0131ndan ba\u015flat\u0131lan plan\u0131n safha safha uyguland\u0131\u011f\u0131n\u0131 kaydeden D\u00f6nmez, savunmas\u0131na \u015f\u00f6yle devam etti:<\/p>\n<p style=\"text-align: justify;\">&#8221;Taleplerimiz yerine getirmiyor. Aramalarda bulunan materyallerin \u00fczerinde, aramalara kat\u0131lan polislerin parmak izleri \u00e7\u0131kacak. Bu y\u00fczden parmak izleri ara\u015ft\u0131r\u0131lm\u0131yor. Bunlar\u0131 nereye kadar saklayacaklar. Eninde sonunda bu ger\u00e7ekler ortaya \u00e7\u0131kacak. Onurlu polislere her zaman \u015f\u00fckranlar\u0131m\u0131 iletiyorum. Lojmanlarda yap\u0131lan aramalarda, aramalara nezaret eden jandarma kroki bulunmad\u0131\u011f\u0131n\u0131 belirtiyor. Tan\u0131k ifadesinde &#8216;Polisler yan\u0131mda ajandalara bak\u0131yorlard\u0131, Ancak i\u00e7eriklerini g\u00f6rmedim. Ama (aaa kroki) \u015feklinde bir konu\u015fma duymad\u0131m&#8217; diyor. Sapanca&#8217;da arama yapanlar, sanki organize i\u015fler filmi \u00e7ekiyorlar. \u0130tina ile evimi soymu\u015flar ve ya\u011fmalam\u0131\u015flar.&#8221;<\/p>\n<p style=\"text-align: justify;\"><strong>&#8221;DEDEKT\u00d6R\u00dcN OLAY YER\u0130NE GET\u0130R\u0130LMES\u0130 UNUTULMU\u015eTUR&#8221;<\/strong><\/p>\n<p style=\"text-align: justify;\">San\u0131k Yarbay D\u00f6nmez, olay yeri tutana\u011f\u0131nda yer alan beyanlar\u0131n ger\u00e7ek d\u0131\u015f\u0131 oldu\u011funu, tutanaklar\u0131n her sat\u0131r\u0131n\u0131n sanal ifadelerle dolu oldu\u011funu ileri s\u00fcrd\u00fc. Polislerin yapt\u0131klar\u0131 aramalarda, her \u015feyi elleriyle koymu\u015f gibi buldu\u011funu dile getiren D\u00f6nmez, \u015f\u00f6yle konu\u015ftu:<\/p>\n<p style=\"text-align: justify;\">&#8221;Bu m\u00fchimmatlar\u0131 bir koyan ki\u015fi ve bir de bulan ki\u015fi var. \u00c7\u00fcnk\u00fc inand\u0131r\u0131c\u0131 olmas\u0131 laz\u0131m. Her \u015fey planl\u0131 bir \u015fekilde y\u00fcr\u00fct\u00fcl\u00fcyor. Ankara Zir Vadisi&#8217;nde yap\u0131lan aramalarda, tutanakta belirtilenin aksine dedekt\u00f6r\u00fcn olay yerine getirilmesi unutulmu\u015ftur. Arama ba\u015flad\u0131ktan sonra Ankara kazma ekibi \u00e7al\u0131\u015fmalar\u0131na ba\u015flad\u0131ktan sonra, inand\u0131r\u0131c\u0131 olmas\u0131 i\u00e7in telefonla dedekt\u00f6r isteniyor. Bu konu\u015fmalar g\u00f6r\u00fcnt\u00fclerde var. Ne k\u00f6pek var, ne de dedekt\u00f6r. Krokide belirtilen noktada k\u00f6pekler ile arama yap\u0131lmam\u0131\u015ft\u0131r. Hepsi iftira yalan.&#8221;<\/p>\n<p style=\"text-align: justify;\">\u015eahs\u0131na ait olmayan bir dilek\u00e7eden al\u0131nm\u0131\u015f yaz\u0131lara g\u00f6re kriminal raporun haz\u0131rland\u0131\u011f\u0131n\u0131 bildiren D\u00f6nmez, raporun halen ge\u00e7erli say\u0131ld\u0131\u011f\u0131n\u0131, bu konunun ara\u015ft\u0131r\u0131lmas\u0131n\u0131, tekrar incelenmesini defalarca talep etti\u011fini dile getirdi.<\/p>\n<p style=\"text-align: justify;\"><strong>ODATV BASKINANA NEDEN OLDU\u011eU \u0130DD\u0130A ED\u0130LM\u0130\u015eT\u0130<\/strong><\/p>\n<p style=\"text-align: justify;\">D\u00fcn bask\u0131na u\u011frayan Odatv, en son en 14 \u015eubat saat 01.31\u2019de, \u201cBu g\u00f6r\u00fcnt\u00fcler Ergenekon davas\u0131n\u0131n kaderini de\u011fi\u015ftirecek. \u0130\u015fte Amerikal\u0131lar\u2019\u0131n Ergenekon polislerine verdi\u011fi e\u011fitimin belgesi\u201d ba\u015fl\u0131\u011f\u0131yla \u00fc\u00e7 video g\u00f6r\u00fcnt\u00fcs\u00fc yay\u0131nlam\u0131\u015ft\u0131.<\/p>\n<p style=\"text-align: justify;\"><a href=\"http:\/\/www.gazeteport.com.tr\/GUNCEL\/NEWS\/GP_853692\" target=\"_blank\"><span style=\"color: #888888;\">Kaynak : GAZETEPORT<\/span><\/a><\/p>\n","protected":false},"excerpt":{"rendered":"<p style=\"text-align: center;\">\n<p style=\"text-align: justify;\">\u0130kinci &#8221;Ergenekon&#8221; davas\u0131n\u0131n tutuklu san\u0131klar\u0131ndan Yarbay Mustafa D\u00f6nmez, Ankara Zir Vadisi&#8217;nde bulunan G3 m\u00fchimmatlar\u0131n\u0131n Emniyet Genel M\u00fcd\u00fcrl\u00fc\u011f\u00fc&#8217;ne ya da M\u0130T&#8217;e ait oldu\u011funu savundu.<\/p>\n<p style=\"text-align: justify;\">D\u00f6nmez, her \u015feyin hesab\u0131n\u0131 vermeye haz\u0131r olduklar\u0131n\u0131 belirterek, &#8221;Ama bizim y\u00fcz\u00fcm\u00fczden ayd\u0131nlar i\u00e7eri al\u0131nmas\u0131n. Soner Yal\u00e7\u0131n i\u00e7eride. Umar\u0131m bizim y\u00fcz\u00fcm\u00fczden de\u011fildir&#8221; dedi. <\/p>\n","protected":false},"author":1,"featured_media":0,"comment_status":"open","ping_status":"closed","sticky":false,"template":"","format":"standard","meta":{"footnotes":""},"categories":[105],"tags":[],"class_list":["post-28470","post","type-post","status-publish","format-standard","hentry","category-gundem","odd"],"_links":{"self":[{"href":"http:\/\/www.korhanyilmaz.com\/index.php?rest_route=\/wp\/v2\/posts\/28470","targetHints":{"allow":["GET"]}}],"collection":[{"href":"http:\/\/www.korhanyilmaz.com\/index.php?rest_route=\/wp\/v2\/posts"}],"about":[{"href":"http:\/\/www.korhanyilmaz.com\/index.php?rest_route=\/wp\/v2\/types\/post"}],"author":[{"embeddable":true,"href":"http:\/\/www.korhanyilmaz.com\/index.php?rest_route=\/wp\/v2\/users\/1"}],"replies":[{"embeddable":true,"href":"http:\/\/www.korhanyilmaz.com\/index.php?rest_route=%2Fwp%2Fv2%2Fcomments&post=28470"}],"version-history":[{"count":0,"href":"http:\/\/www.korhanyilmaz.com\/index.php?rest_route=\/wp\/v2\/posts\/28470\/revisions"}],"wp:attachment":[{"href":"http:\/\/www.korhanyilmaz.com\/index.php?rest_route=%2Fwp%2Fv2%2Fmedia&parent=28470"}],"wp:term":[{"taxonomy":"category","embeddable":true,"href":"http:\/\/www.korhanyilmaz.com\/index.php?rest_route=%2Fwp%2Fv2%2Fcategories&post=28470"},{"taxonomy":"post_tag","embeddable":true,"href":"http:\/\/www.korhanyilmaz.com\/index.php?rest_route=%2Fwp%2Fv2%2Ftags&post=28470"}],"curies":[{"name":"wp","href":"https:\/\/api.w.org\/{rel}","templated":true}]}}