{"id":28461,"date":"2011-02-15T15:37:22","date_gmt":"2011-02-15T13:37:22","guid":{"rendered":"http:\/\/www.korhanyilmaz.com\/?p=28461"},"modified":"2011-02-15T15:37:22","modified_gmt":"2011-02-15T13:37:22","slug":"akp-kurt-sorununu-cikarina-kullaniyor","status":"publish","type":"post","link":"http:\/\/www.korhanyilmaz.com\/?p=28461","title":{"rendered":"&#8220;AKP K\u00fcrt sorununu \u00e7\u0131kar\u0131na kullan\u0131yor&#8221;"},"content":{"rendered":"<p style=\"text-align: center;\"><a href=\"http:\/\/www.korhanyilmaz.com\/wp-content\/uploads\/2011\/02\/370.jpg\"  class=\"lightview\"><img loading=\"lazy\" decoding=\"async\" class=\"aligncenter size-full wp-image-28462\" src=\"http:\/\/www.korhanyilmaz.com\/wp-content\/uploads\/2011\/02\/370.jpg\" alt=\"\" width=\"357\" height=\"218\" \/><\/a><\/p>\n<p style=\"text-align: justify;\">BDP Genel Ba\u015fkan\u0131 Selahattin Demirta\u015f, AK Parti iktidar\u0131n\u0131n, &#8221;K\u00fcrt sorunun&#8221; \u00e7\u00f6z\u00fcm\u00fcnde irade g\u00f6steremedi\u011fini \u00f6ne s\u00fcrerek, &#8221;AKP, bu sorunu her d\u00f6nem kendi \u00e7\u0131kar\u0131na, kendi lehine kullanarak iktidar\u0131n\u0131 g\u00fc\u00e7lendirdi&#8221; dedi.<\/p>\n<p style=\"text-align: justify;\">TBMM &#8211; BDP lideri Demirta\u015f, partisinin grup toplant\u0131s\u0131nda yapt\u0131\u011f\u0131 konu\u015fmada, ter\u00f6r \u00f6rg\u00fct\u00fc eleba\u015f\u0131 Abdullah \u00d6calan&#8217;\u0131n yakalanarak T\u00fcrkiye&#8217;ye getirili\u015finin \u00fczerinden 12 y\u0131l ge\u00e7ti\u011fini belirtti. Demirta\u015f, &#8221;uluslararas\u0131 bir komployla&#8221; ger\u00e7ekle\u015ftirilen bu operasyonun, CIA yetkililerince yap\u0131ld\u0131\u011f\u0131n\u0131 ve i\u015fin i\u00e7inde \u0130srail&#8217;in de oldu\u011funu \u00f6ne s\u00fcrd\u00fc. <!--more--><\/p>\n<p style=\"text-align: justify;\">Operasyonun, K\u00fcrt sorununun \u00e7\u00f6z\u00fcm\u00fcne bir katk\u0131 sunmad\u0131\u011f\u0131n\u0131 savunan Demirta\u015f, o g\u00fcnden bu yana &#8221;Neyin kazan\u0131l\u0131p neyin kaybedildi\u011fi ve T\u00fcrkiye&#8217;nin ekonomik imkanlar\u0131n\u0131n hangi uluslararas\u0131 g\u00fc\u00e7lere pe\u015fke\u015f \u00e7ekildi\u011fi&#8221; sorular\u0131n\u0131n yan\u0131tlanmas\u0131 gerekti\u011fini s\u00f6yledi. Selahattin Demirta\u015f, &#8221;15 \u015eubat 1999 tarihi, T\u00fcrkiye siyasi tarihi a\u00e7\u0131s\u0131ndan rotay\u0131 t\u00fcmden de\u011fi\u015ftiren, \u00e7\u00f6z\u00fcm noktas\u0131na gelmi\u015f bir sorunu kangrenle\u015ftiren bir tarihtir ayn\u0131 zamanda. T\u00fcrkiye o d\u00f6nemlerde \u00e7ok b\u00fcy\u00fck f\u0131rsatlar\u0131 ka\u00e7\u0131rd\u0131&#8221; dedi.<\/p>\n<p style=\"text-align: justify;\">AK Parti iktidar\u0131n\u0131n K\u00fcrt sorununun \u00e7\u00f6z\u00fcm\u00fc konusunda irade g\u00f6steremedi\u011fini ileri s\u00fcren Demirta\u015f, &#8221;AKP, bu sorunu her d\u00f6nem kendi \u00e7\u0131kar\u0131na kendi lehine kullanarak iktidar\u0131n\u0131 g\u00fc\u00e7lendirdi&#8221; diye konu\u015ftu. &#8221;K\u00fcrt sorununun&#8221; \u00e7\u00f6z\u00fclmeyecek bir mesele olmad\u0131\u011f\u0131n\u0131 ifade eden Demirta\u015f, bunun bir vicdan ve demokrasi sorunu oldu\u011funu s\u00f6yledi. Demirta\u015f, &#8221;\u0130mral\u0131 Cezaevinin kapat\u0131lmas\u0131, Denetimli Serbestlik de dahil b\u00fct\u00fcn \u00e7\u00f6z\u00fcmlerin konu\u015fulmas\u0131 gerekti\u011fini&#8221; ileri s\u00fcrd\u00fc.<\/p>\n<p style=\"text-align: justify;\">Ba\u015fbakan Recep Tayyip Erdo\u011fan&#8217;\u0131n, grup toplant\u0131s\u0131ndaki konu\u015fmas\u0131nda, &#8221;Biz hi\u00e7 kimseyi beklemeden M\u0131s\u0131r halk\u0131ndan yana tepkimizi koyduk&#8221; dedi\u011fini belirten Demirta\u015f, bunun do\u011fru olmad\u0131\u011f\u0131n\u0131, Erdo\u011fan&#8217;\u0131n, olaylar\u0131n \u00fczerinde bir hafta ge\u00e7mesinin ve ABD Ba\u015fkan\u0131 Barack Obama&#8217;n\u0131n telefonundan sonra bu konudaki g\u00f6r\u00fc\u015flerini dile getirdi\u011fini savundu. Demirta\u015f, &#8221;M\u0131s\u0131r&#8217;\u0131n p\u00fcsk\u00fcl\u00fc senin aya\u011f\u0131na dolan\u0131r, neye u\u011frad\u0131\u011f\u0131n\u0131 \u015fa\u015f\u0131r\u0131rs\u0131n. T\u00fcrkiye toplumunun geldi\u011fi isyan noktas\u0131n\u0131 g\u00f6rmeden, bir kez daha halk\u0131 uyutmaya kalkarsan, h\u00fck\u00fcmet olarak vebalini sen \u00f6dersin&#8221; diye konu\u015ftu.<\/p>\n<p style=\"text-align: justify;\"><strong>&#8221;REFORM, HALKIN LEH\u0130NE DE\u011e\u0130L&#8221; <\/strong><\/p>\n<p style=\"text-align: justify;\">&#8221;Balyoz Eylem Plan\u0131&#8221; davas\u0131 kapsam\u0131ndaki tutuklama kararlar\u0131n\u0131 de\u011ferlendiren Demirta\u015f, bu vesileyle yarg\u0131 ba\u011f\u0131ms\u0131zl\u0131\u011f\u0131n\u0131n da tart\u0131\u015f\u0131ld\u0131\u011f\u0131n\u0131 s\u00f6yledi.<\/p>\n<p style=\"text-align: justify;\">&#8221;Kemalist elitler, siyaset\u00e7iler yarg\u0131dan tasfiye olurken dinci, siyasal, \u0130slamc\u0131 elitler ve siyasiler yarg\u0131ya egemen oluyor&#8221; diyen Selahattin Demirta\u015f, \u015f\u00f6yle devam etti:<\/p>\n<p style=\"text-align: justify;\">&#8221;Durum bundan ibarettir, gerisi hikayedir. Burada halk\u0131n yarar\u0131na, \u00e7\u0131kar\u0131na hi\u00e7bir \u015fey yok. Yarg\u0131, bir siyasi elitin egemenli\u011finden ba\u015fka bir siyasi elitin egemenli\u011fine ge\u00e7iyor. Bunun kavgas\u0131 veriliyor. Halka da bizlere de &#8216;Bu kavgada taraf olacaks\u0131n\u0131z&#8217; diye dayat\u0131l\u0131yor. Ger\u00e7ekle\u015fen reform, halk\u0131n lehine bir yarg\u0131 reformu de\u011fildir.<\/p>\n<p style=\"text-align: justify;\">Darbeyle y\u00fczle\u015fmek \u00f6nemli bir mesele. Ger\u00e7ekten darbe giri\u015fimleri varsa bunun gere\u011fini yapmak ba\u011f\u0131ms\u0131z ve tarafs\u0131z yarg\u0131n\u0131n sorumlulu\u011fudur. Ama \u015fu anda b\u00f6yle bir \u015fey ya\u015fanm\u0131yor. Darbe iddias\u0131yla yarg\u0131lananlar, tutuklananlar su\u00e7lu mu de\u011fil mi bilemiyoruz. Adil ve tarafs\u0131z bir yarg\u0131 olmad\u0131\u011f\u0131 i\u00e7in ger\u00e7e\u011fin ortaya \u00e7\u0131k\u0131p \u00e7\u0131kmayaca\u011f\u0131n\u0131 da bilemeyiz. E\u011fer darbeyle hesapla\u015fma zihniyeti \u015fu andaki yarg\u0131da ve iktidarda olsayd\u0131, &#8216;Netekim&#8217;, Marmaris&#8217;te resim yapabilir miydi?&#8221;<\/p>\n<p style=\"text-align: justify;\">T\u00fcrkiye&#8217;de cezaevlerinde ciddi sorunlar ya\u015fand\u0131\u011f\u0131n\u0131, bu konuda \u00e7ok say\u0131da mektup ald\u0131klar\u0131n\u0131 belirten Demirta\u015f, cezaevlerinin &#8221;ezaevlerine&#8221; d\u00fc\u015f\u00fc\u015ft\u00fc\u011f\u00fcn\u00fc ileri s\u00fcrd\u00fc. \u00d6zellikle \u00f6l\u00fcmc\u00fcl s\u0131n\u0131rda hasta olan tutuklu ve h\u00fck\u00fcml\u00fclerle ilgili sorunun \u00e7\u00f6z\u00fclmedi\u011fini belirten Demirta\u015f, bu konudaki m\u00fccadelelerine devam edeceklerini s\u00f6yledi.<\/p>\n<p style=\"text-align: justify;\">Cezaevlerinin d\u0131\u015f\u0131nda da \u015fiddet ya\u015fand\u0131\u011f\u0131n\u0131 ifade eden Demirta\u015f, g\u00fcvenlik g\u00fc\u00e7lerinin, g\u00f6steri yapan \u00f6\u011frencilere m\u00fcdahalesinin buna \u00f6rnek te\u015fkil etti\u011fini s\u00f6yledi. E\u015flerinden \u015fiddet g\u00f6ren baz\u0131 kad\u0131nlar\u0131n, korunma talebiyle devlete ba\u015fvurmalar\u0131na ra\u011fmen yine e\u015fleri taraf\u0131ndan \u00f6ld\u00fcr\u00fcld\u00fcklerini belirten Demirta\u015f, yaln\u0131zca bir ay i\u00e7inde 3 kad\u0131n\u0131n bu \u015fekilde hayat\u0131n\u0131 kaybetti\u011fine dikkati \u00e7ekti.<\/p>\n<p style=\"text-align: justify;\">Af\u015fin&#8217;deki heyelana da de\u011finen BDP lideri, bir devlet yetkilisinin, g\u00f6\u00e7\u00fck alt\u0131nda kalan 9 ki\u015finin \u00e7\u0131kar\u0131lmas\u0131n\u0131n 2 y\u0131l\u0131 bulabilece\u011fini s\u00f6yledi\u011fini belirtti. Demirta\u015f, &#8221;Devlet yetkililerine, h\u00fck\u00fcmete \u00e7a\u011fr\u0131 yap\u0131yorum: &#8216;TOK\u0130&#8217;nizin ne kadar i\u015f makinesi varsa, gerekirse hepsi Elbistan&#8217;a gitmeli o enkaz\u0131 kazmal\u0131 ve o insanlar\u0131 \u00e7\u0131karmal\u0131d\u0131r. De\u011fil 2 y\u0131l, 2 g\u00fcn dahi o ailelere i\u015fkencedir, eziyettir&#8221; dedi.<\/p>\n<p style=\"text-align: justify;\"><a href=\"http:\/\/www.gazeteport.com.tr\/SIYASET\/NEWS\/GP_853914\" target=\"_blank\"><span style=\"color: #888888;\">Kaynak : GAZETEPORT<\/span><\/a><\/p>\n","protected":false},"excerpt":{"rendered":"<p style=\"text-align: center;\">\n<p style=\"text-align: justify;\">BDP Genel Ba\u015fkan\u0131 Selahattin Demirta\u015f, AK Parti iktidar\u0131n\u0131n, &#8221;K\u00fcrt sorunun&#8221; \u00e7\u00f6z\u00fcm\u00fcnde irade g\u00f6steremedi\u011fini \u00f6ne s\u00fcrerek, &#8221;AKP, bu sorunu her d\u00f6nem kendi \u00e7\u0131kar\u0131na, kendi lehine kullanarak iktidar\u0131n\u0131 g\u00fc\u00e7lendirdi&#8221; dedi.<\/p>\n<p style=\"text-align: justify;\">TBMM &#8211; BDP lideri Demirta\u015f, partisinin grup toplant\u0131s\u0131nda yapt\u0131\u011f\u0131 konu\u015fmada, ter\u00f6r \u00f6rg\u00fct\u00fc eleba\u015f\u0131 Abdullah \u00d6calan&#8217;\u0131n yakalanarak T\u00fcrkiye&#8217;ye getirili\u015finin \u00fczerinden 12 <\/p>\n","protected":false},"author":1,"featured_media":0,"comment_status":"open","ping_status":"closed","sticky":false,"template":"","format":"standard","meta":{"footnotes":""},"categories":[105],"tags":[],"class_list":["post-28461","post","type-post","status-publish","format-standard","hentry","category-gundem","odd"],"_links":{"self":[{"href":"http:\/\/www.korhanyilmaz.com\/index.php?rest_route=\/wp\/v2\/posts\/28461","targetHints":{"allow":["GET"]}}],"collection":[{"href":"http:\/\/www.korhanyilmaz.com\/index.php?rest_route=\/wp\/v2\/posts"}],"about":[{"href":"http:\/\/www.korhanyilmaz.com\/index.php?rest_route=\/wp\/v2\/types\/post"}],"author":[{"embeddable":true,"href":"http:\/\/www.korhanyilmaz.com\/index.php?rest_route=\/wp\/v2\/users\/1"}],"replies":[{"embeddable":true,"href":"http:\/\/www.korhanyilmaz.com\/index.php?rest_route=%2Fwp%2Fv2%2Fcomments&post=28461"}],"version-history":[{"count":0,"href":"http:\/\/www.korhanyilmaz.com\/index.php?rest_route=\/wp\/v2\/posts\/28461\/revisions"}],"wp:attachment":[{"href":"http:\/\/www.korhanyilmaz.com\/index.php?rest_route=%2Fwp%2Fv2%2Fmedia&parent=28461"}],"wp:term":[{"taxonomy":"category","embeddable":true,"href":"http:\/\/www.korhanyilmaz.com\/index.php?rest_route=%2Fwp%2Fv2%2Fcategories&post=28461"},{"taxonomy":"post_tag","embeddable":true,"href":"http:\/\/www.korhanyilmaz.com\/index.php?rest_route=%2Fwp%2Fv2%2Ftags&post=28461"}],"curies":[{"name":"wp","href":"https:\/\/api.w.org\/{rel}","templated":true}]}}