{"id":28424,"date":"2011-02-15T12:16:05","date_gmt":"2011-02-15T10:16:05","guid":{"rendered":"http:\/\/www.korhanyilmaz.com\/?p=28424"},"modified":"2011-02-15T12:16:05","modified_gmt":"2011-02-15T10:16:05","slug":"bahceliden-balyoz-yorumu","status":"publish","type":"post","link":"http:\/\/www.korhanyilmaz.com\/?p=28424","title":{"rendered":"Bah\u00e7eli&#8217;den Balyoz yorumu"},"content":{"rendered":"<p style=\"text-align: center;\"><a href=\"http:\/\/www.korhanyilmaz.com\/wp-content\/uploads\/2011\/02\/369.jpg\"  class=\"lightview\"><img loading=\"lazy\" decoding=\"async\" class=\"aligncenter size-full wp-image-28425\" src=\"http:\/\/www.korhanyilmaz.com\/wp-content\/uploads\/2011\/02\/369.jpg\" alt=\"\" width=\"414\" height=\"221\" \/><\/a><\/p>\n<p style=\"text-align: justify;\">MHP Genel Ba\u015fkan\u0131 Devlet Bah\u00e7eli, partisinin grup toplant\u0131s\u0131nda g\u00fcndeme dair a\u00e7\u0131klamalarda bulundu.<\/p>\n<p style=\"text-align: justify;\">MHP Genel Ba\u015fkan\u0131 Devlet Bah\u00e7eli, &#8221;M\u0131s\u0131r&#8217;da askeri vesayete sesini dahi \u00e7\u0131karmayanlar\u0131n, hatta alk\u0131\u015f tutanlar\u0131n; \u00fclkemizde g\u00fcya darbe kar\u015f\u0131t\u0131 tutum tak\u0131nmalar\u0131 iflah olmaz bir \u00e7eli\u015fkidir ve kapat\u0131lmayacak kadar a\u00e7\u0131\u011fa \u00e7\u0131kan ikiy\u00fczl\u00fcl\u00fc\u011f\u00fcn d\u0131\u015fa vurumudur&#8221; dedi. <!--more--><\/p>\n<p style=\"text-align: justify;\">Bah\u00e7eli, partisinin grup toplant\u0131s\u0131nda yapt\u0131\u011f\u0131 konu\u015fmada, M\u0131s\u0131r&#8217;daki geli\u015fmelerle e\u015f zamanl\u0131 olarak &#8221;Balyoz plan\u0131&#8221; davas\u0131 kapsam\u0131nda 163 ki\u015fiyle ilgili tutuklama karar\u0131 verildi\u011fini hat\u0131rlatt\u0131.<\/p>\n<p style=\"text-align: justify;\">Devlet Bah\u00e7eli, &#8221;AKP h\u00fck\u00fcmeti y\u0131llardan beridir, milletimize ya\u015fatt\u0131\u011f\u0131 hezimetleri gizleyebilmek i\u00e7in sanal bir darbe kar\u015f\u0131tl\u0131\u011f\u0131na soyunmu\u015f ve sahte bir demokrasi taraftarl\u0131\u011f\u0131yla e\u011fip b\u00fckmedi\u011fi bir \u015fey b\u0131rakmam\u0131\u015ft\u0131r. Ne ilgin\u00e7 bir tesad\u00fcft\u00fcr ki her se\u00e7im \u00f6ncesinde AKP klasi\u011fi haline gelen darbe iddialar\u0131 ya da sivil-asker gerilimi \u0131s\u0131t\u0131l\u0131p \u0131s\u0131t\u0131l\u0131p tekrar servis edilmektedir&#8221; dedi.<\/p>\n<p style=\"text-align: justify;\">Demokrasiye d\u0131\u015far\u0131ndan m\u00fcdahale aray\u0131\u015flar\u0131n\u0131n affedilemez bir hata oldu\u011funu ve bu yanl\u0131\u015fa d\u00fc\u015fenlere adalet \u00f6n\u00fcnde hesap sorulmas\u0131 gerekti\u011fini belirten Bah\u00e7eli, &#8221;M\u0131s\u0131r&#8217;da askeri vesayete sesini dahi \u00e7\u0131karmayanlar\u0131n, hatta alk\u0131\u015f tutanlar\u0131n; \u00fclkemizde g\u00fcya darbe kar\u015f\u0131t\u0131 tutum tak\u0131nmalar\u0131 iflah olmaz bir \u00e7eli\u015fkidir ve kapat\u0131lmayacak kadar a\u00e7\u0131\u011fa \u00e7\u0131kan ikiy\u00fczl\u00fcl\u00fc\u011f\u00fcn d\u0131\u015fa vurumudur&#8221; diye konu\u015ftu. Bah\u00e7eli, \u015funlar\u0131 kaydetti:<\/p>\n<p style=\"text-align: justify;\">&#8221;Siyasi \u00e7\u0131kar hesab\u0131yla kurumlar\u0131 t\u00f6hmet alt\u0131nda b\u0131rakman\u0131n, itibarlar\u0131n\u0131 yaralaman\u0131n hi\u00e7 kimseye fayda sa\u011flamayaca\u011f\u0131 unutulmamal\u0131d\u0131r. T\u00fcrk ordusu, topyekun T\u00fcrk milletinin ordusudur. AKP&#8217;nin se\u00e7imler yakla\u015f\u0131rken yeniden sahte ma\u011fdur rol\u00fc oynamak i\u00e7in TSK&#8217;y\u0131 darbeci olarak g\u00f6sterme \u00e7abalar\u0131 bu bak\u0131mdan \u00e7ok \u00e7irkin ve kabul edilemezdir.<\/p>\n<p style=\"text-align: justify;\">Darbe anlay\u0131\u015f\u0131na ve darbecilere kesinlikle kar\u015f\u0131y\u0131z ve TSK i\u00e7inde darbe emeli ta\u015f\u0131yanlara asla yer verilmemesini istiyoruz. Ne var ki TSK&#8217;n\u0131n b\u00fct\u00fcn\u00fcyle darbeci g\u00f6sterilmesine, incitilmesine, y\u0131prat\u0131lmas\u0131na da \u015fiddetle kar\u015f\u0131 \u00e7\u0131k\u0131yoruz ve bu ama\u00e7ta olanlarla her \u015fart alt\u0131nda m\u00fccadele etmekte kararl\u0131y\u0131z.<\/p>\n<p style=\"text-align: justify;\">\u00d6zellikle s\u00f6zde darbe iddialar\u0131 do\u011frultusunda 163 ki\u015finin g\u00f6zalt\u0131na al\u0131nmas\u0131 ve bunlar\u0131n i\u00e7inde G\u00fcneydo\u011fu&#8217;da ter\u00f6rle amans\u0131z bir m\u00fccadele sergileyen emekli ya da muvazzaf askerlerin de bulunmas\u0131 akl\u0131m\u0131za bu de\u011ferli \u015fahsiyetlerden intikam al\u0131nd\u0131\u011f\u0131 hususunu getirmektedir.<\/p>\n<p style=\"text-align: justify;\">Bu itibarla i\u015fleyen yarg\u0131 s\u00fcrecini savsaklamadan, her g\u00fcn yeni bir bahane ile geciktirilmesine meydan vermeden devam eden hukuki s\u00fcre\u00e7 biran \u00f6nce ve s\u00fcratle sonu\u00e7land\u0131r\u0131lmal\u0131d\u0131r.<\/p>\n<p style=\"text-align: justify;\">\u00d6zellikle AKP&#8217;nin el alt\u0131ndan TSK&#8217;ya kar\u015f\u0131 malum mihraklarca birlikte y\u00fcr\u00fctt\u00fc\u011f\u00fc psikolojik operasyona bir an \u00f6nce son verilmeli, Mehmet\u00e7i\u011fi siyasete \u00e7ekme \u00e7abalar\u0131 kesinlikle sonland\u0131r\u0131lmal\u0131d\u0131r.<\/p>\n<p style=\"text-align: justify;\">TSK&#8217;y\u0131 &#8216;ka\u011f\u0131ttan kaplan&#8217; olarak de\u011ferlendirilenlerle, &#8216;futbol topu gibi oynarlar&#8217; diyenler ellerini T\u00fcrk milletinin ordusundan \u00e7ekmelidirler.<\/p>\n<p style=\"text-align: justify;\">\u00d6zellikle halen s\u00fcrmekte olan ve bir t\u00fcrl\u00fc karara var\u0131lamayan darbe iddialar\u0131 kapsam\u0131nda; kim olursa olsun, insan haysiyet ve \u015ferefinin kald\u0131ramayaca\u011f\u0131 zul\u00fcm, bask\u0131 ve muameleler tutuklu bulunan ki\u015filere kar\u015f\u0131 g\u00f6sterilmemeli ve adaletin h\u00fckm\u00fcn\u00fc verebilmesi i\u00e7in personel, kaynak ve fiziki imkan acilen seferber edilmelidir.<\/p>\n<p style=\"text-align: justify;\">Aksi halde bug\u00fcn kap\u0131lar\u0131 kapatarak kendince adalet olu\u015fturmaya \u00e7al\u0131\u015fanlara, yar\u0131n t\u00fcm kap\u0131lar bir daha a\u00e7\u0131lmamak \u00fczere y\u00fczlerine kapanacakt\u0131r.&#8221;<\/p>\n<p style=\"text-align: justify;\"><strong>KKTC<\/strong><\/p>\n<p style=\"text-align: justify;\">MHP Genel Ba\u015fkan\u0131 Devlet Bah\u00e7eli, &#8221;Ba\u015fbakan Erdo\u011fan&#8217;\u0131n mesaj\u0131 son derece a\u00e7\u0131kt\u0131r ve se\u00e7ilmi\u015f Cumhurba\u015fkan\u0131&#8217;na ve KKTC h\u00fck\u00fcmetine &#8216;ben sizi ekonomik cendereye alarak \u00e7al\u0131\u015ft\u0131rmayaca\u011f\u0131m&#8217; demektedir&#8221; dedi.<\/p>\n<p style=\"text-align: justify;\">Bah\u00e7eli, partisinin 23. d\u00f6nemdeki son grup toplant\u0131s\u0131nda yapt\u0131\u011f\u0131 konu\u015fmada, Af\u015fin&#8217;deki heyelanda dokuz \u00e7al\u0131\u015fan\u0131n toprak alt\u0131nda kald\u0131\u011f\u0131n\u0131 an\u0131msatarak, &#8221;Beklentimiz AKP h\u00fck\u00fcmetinin, devletin imkanlar\u0131n\u0131 t\u00fcm\u00fcyle harekete ge\u00e7irerek toprak alt\u0131nda kalan karde\u015flerimize bir an \u00f6nce ula\u015fmas\u0131d\u0131r&#8221; dedi.<\/p>\n<p style=\"text-align: justify;\">\u0130nsanlar\u0131n art\u0131k ba\u015flar\u0131na ne gelece\u011fini bilmeden ve korku i\u00e7inde hayatlar\u0131n\u0131 s\u00fcrd\u00fcrmeye \u00e7al\u0131\u015ft\u0131\u011f\u0131n\u0131 savunan Bah\u00e7eli, &#8221;Ba\u015fbakan ise koruma ordusu ile saltanat s\u00fcrmekte, ge\u00e7ti\u011fi yerlerde t\u0131pk\u0131 Sakarya&#8217;da oldu\u011fu gibi, mutat i\u015flerini yaparken apar topar yere yat\u0131r\u0131l\u0131p zalimce sorgulanan vatanda\u015flar\u0131m\u0131za rastlanmaktad\u0131r. Bu sayg\u0131s\u0131z, vicdans\u0131z ve k\u00fcstah davran\u0131\u015flar\u0131 hi\u00e7bir masum vatanda\u015f\u0131m\u0131z hak etmemektedir&#8221; dedi.<\/p>\n<p style=\"text-align: justify;\">&#8221;AKP despotlu\u011funun yaln\u0131zca hukuka ve adalete sayg\u0131l\u0131, ba\u015fkalar\u0131n\u0131n haklar\u0131n\u0131 g\u00f6zeten vatanda\u015flara y\u00f6nelik i\u015fledi\u011fini&#8221; ileri s\u00fcren Bah\u00e7eli, &#8221;K\u0131br\u0131sl\u0131 karde\u015flerimize &#8216;besleme&#8217; diyerek hakaret eden, futbol kul\u00fcb\u00fc taraftarlar\u0131m\u0131z\u0131 &#8216;nank\u00f6r&#8217; s\u00f6zleriyle azarlayan siyasi zihniyetin, ter\u00f6r ma\u015falar\u0131 kar\u015f\u0131s\u0131ndaki tepkisizli\u011fi yaln\u0131zca bir oyundur ve T\u00fcrk d\u00fc\u015fmanlar\u0131yla el birli\u011fi yapmas\u0131n\u0131n bast\u0131r\u0131lamaz bir sonucudur&#8221; diye konu\u015ftu.<\/p>\n<p style=\"text-align: justify;\">Vatanda\u015flar\u0131n sekiz y\u0131l\u0131 a\u015fan bir s\u00fcredir g\u00f6revde bulunan h\u00fck\u00fcmeti &#8221;demokratik yollardan yakas\u0131ndan tutaca\u011f\u0131n\u0131 ve ala\u015fa\u011f\u0131 edece\u011fini&#8221; savunan Bah\u00e7eli, &#8221;Bilinmelidir ki bug\u00fcn, ge\u00e7mi\u015fin pisli\u011fini temizlediklerini s\u00f6yleyen m\u00fcfteri Ba\u015fbakan; en b\u00fcy\u00fck pisli\u011fi ve i\u011fren\u00e7li\u011fi kendi d\u00f6nemlerinde yanda\u015flar\u0131yla birlikte olu\u015fturmu\u015ftur. Unutulmas\u0131n ki biz bu d\u00f6nemin kirlerini hem ar\u0131nd\u0131raca\u011f\u0131z hem de bunun m\u00fcsebbiplerinin burunlar\u0131ndan bir bir getirece\u011fiz&#8221; dedi.<\/p>\n<p style=\"text-align: justify;\"><strong>&#8221;Z\u0130HN\u0130 \u0130FLAS VE AKIL TUTULMASI&#8221;<\/strong><\/p>\n<p style=\"text-align: justify;\">M\u0131s\u0131r&#8217;daki geli\u015fmelere de de\u011finen Bah\u00e7eli, &#8221;\u015e\u00fcphesiz askeri bir y\u00f6netimin i\u015fba\u015f\u0131na gelmesi ve bir konsey marifetiyle \u00fclke y\u00f6netimini ele almas\u0131 bizim anlad\u0131\u011f\u0131m\u0131z ve inand\u0131\u011f\u0131m\u0131z demokrasiyle asla uyu\u015fmamaktad\u0131r&#8221; dedi.<\/p>\n<p style=\"text-align: justify;\">Bah\u00e7eli, s\u00f6zlerini \u015f\u00f6yle s\u00fcrd\u00fcrd\u00fc:<\/p>\n<p style=\"text-align: justify;\">&#8221;Ba\u015fbakan Erdo\u011fan&#8217;\u0131n; &#8216;M\u0131s\u0131r&#8217;da kaybeden stat\u00fcko, kazanan de\u011fi\u015fimdir&#8217; s\u00f6zleri yaln\u0131zca bir aldatmad\u0131r ve eskinin yeniymi\u015f gibi yutturulmas\u0131ndan ba\u015fka bir anlam ta\u015f\u0131mamaktad\u0131r. \u00dcstelik Ba\u015fbakan&#8217;\u0131n bask\u0131n\u0131n kaybetti\u011fini, buna kar\u015f\u0131l\u0131k demokrasinin kazand\u0131\u011f\u0131n\u0131 s\u00f6ylemesi tam bir zihni iflas ve ak\u0131l tutulmas\u0131 olarak haf\u0131zalardaki yerini alm\u0131\u015ft\u0131r.<\/p>\n<p style=\"text-align: justify;\">En k\u00f6t\u00fc y\u00f6netimin bile vesayet\u00e7i idarelerden daha makbul oldu\u011fu ortada iken, M\u0131s\u0131r&#8217;\u0131n mevcut halinde demokrasinin kazand\u0131\u011f\u0131n\u0131 s\u00f6ylemek gaflettir, densizliktir ve \u00e7arp\u0131kl\u0131\u011f\u0131n daniskas\u0131d\u0131r.<\/p>\n<p style=\"text-align: justify;\">\u0130ktidar partisi i\u00e7eride ileri demokrasi diyerek istismarc\u0131 bir anlay\u0131\u015f\u0131n ev sahipli\u011fine soyunmu\u015f, d\u0131\u015far\u0131da ise yeni bask\u0131c\u0131 y\u00f6netimlerin kurulmas\u0131 i\u00e7in faaliyete ge\u00e7en k\u00fcresel planlar\u0131n ta\u015feronlu\u011funu yapmaktan zerre kadar \u00e7ekince g\u00f6stermemi\u015ftir.<\/p>\n<p style=\"text-align: justify;\">Art\u0131k her \u015fey ayan beyan ortaya \u00e7\u0131km\u0131\u015ft\u0131r ve AKP&#8217;nin kirli \u00e7ama\u015f\u0131rlar\u0131 stat\u00fckocu kimli\u011fiyle ve vesayet\u00e7i \u00f6zelli\u011fiyle Ortado\u011fu&#8217;da etrafa sa\u00e7\u0131lm\u0131\u015ft\u0131r.<\/p>\n<p style=\"text-align: justify;\">Bu son geli\u015fmelerden sonra; h\u00fck\u00fcmetin 12 Eyl\u00fcl&#8217;le hesapla\u015fma s\u00f6zlerinin, darbecilere haddini bildirme beyanlar\u0131n\u0131n ne kadar ucuz ve ahlaks\u0131zca bir kand\u0131rmacadan ibaret oldu\u011fu daha da netlik kazanm\u0131\u015ft\u0131r.&#8221;<\/p>\n<p style=\"text-align: justify;\">KKTC&#8217;de yap\u0131lan bir mitingde a\u00e7\u0131lan pankart bahane edilerek ba\u015flayan tart\u0131\u015fmalar\u0131n Ba\u015fbakan&#8217;\u0131n ger\u00e7ek niyetlerine ve hesaplar\u0131na \u0131\u015f\u0131k tuttu\u011funu s\u00f6yleyen Bah\u00e7eli, &#8221;Ba\u015fbakan&#8217;\u0131n yavru vatandaki \u00e7irkin bir pankart\u0131 gerek\u00e7e yaparak son Cumhurba\u015fkanl\u0131\u011f\u0131 se\u00e7imi nedeniyle K\u0131br\u0131s T\u00fcrk halk\u0131n\u0131 cezaland\u0131rma niyeti b\u00fct\u00fcn \u00e7\u0131plakl\u0131\u011f\u0131yla ortaya \u00e7\u0131km\u0131\u015ft\u0131r&#8221; dedi.<\/p>\n<p style=\"text-align: justify;\">Ba\u015fbakan Erdo\u011fan&#8217;\u0131n mesaj\u0131n\u0131n son derece a\u00e7\u0131k oldu\u011funu ve se\u00e7ilmi\u015f Cumhurba\u015fkan\u0131&#8217;na ve KKTC h\u00fck\u00fcmetine &#8221;ben sizi ekonomik cendereye alarak \u00e7al\u0131\u015ft\u0131rmayaca\u011f\u0131m&#8221; dedi\u011fini savunan Bah\u00e7eli, &#8221;Lefko\u015fa B\u00fcy\u00fckel\u00e7imizin g\u00f6revden al\u0131nmas\u0131 D\u0131\u015fi\u015fleri Bakanl\u0131\u011f\u0131 gelenekleri, ilkeleri ve uygulamalar\u0131 bak\u0131m\u0131ndan da g\u00f6r\u00fclmemi\u015f bir rezalet olarak tarihe ge\u00e7mi\u015ftir. B\u00fcy\u00fckel\u00e7imizin g\u00f6revine alt\u0131 yedi ay \u00f6nce ba\u015flam\u0131\u015fken apar topar merkeze al\u0131nmas\u0131, yerine D\u0131\u015fi\u015fleri kadrolar\u0131 haricinden B\u00fcy\u00fckel\u00e7inin mahiyetinde alt d\u00fczeyde bir m\u00fc\u015favir olarak \u00e7al\u0131\u015fan T\u00fcrk ekonomik yard\u0131m heyeti ba\u015fkan\u0131n\u0131n atanmas\u0131 tam anlam\u0131yla bir skandald\u0131r&#8221; dedi.<\/p>\n<p style=\"text-align: justify;\">Bah\u00e7eli, &#8221;T\u00fcrkiye&#8217;yi ve K\u0131br\u0131s T\u00fcrkl\u00fc\u011f\u00fcn\u00fc K\u0131br\u0131s&#8217;tan tasfiye etmeye, AB \u00fcyeli\u011fi perspektifi yalan\u0131yla KKTC&#8217;yi K\u0131br\u0131s&#8217;\u0131n s\u00f6zde yasal h\u00fck\u00fcmeti olarak K\u0131br\u0131s Rum Y\u00f6netimine pe\u015fke\u015f \u00e7ekmeye hi\u00e7 kimse muvaffak olamayacakt\u0131r&#8221; diye konu\u015ftu.<\/p>\n<p style=\"text-align: justify;\"><strong>SON GRUP TOPLANTISI <\/strong><\/p>\n<p style=\"text-align: justify;\">Bah\u00e7eli, AK Parti&#8217;nin sekiz y\u0131ll\u0131k bilan\u00e7osunun \u00f6z\u00fcnde &#8221;alaca\u011f\u0131n\u0131 tahsil edemeyen devlet, borcunu \u00f6demeyen millet ger\u00e7e\u011fi&#8221; oldu\u011funu savundu.<\/p>\n<p style=\"text-align: justify;\">Milletvekilli\u011fi genel se\u00e7imlerinin muhtemelen bu y\u0131l\u0131n haziran ay\u0131nda yap\u0131laca\u011f\u0131n\u0131 an\u0131msatan Bah\u00e7eli, &#8221;S\u00fcre gittik\u00e7e daralmakta ve AKP iktidar\u0131yla yapaca\u011f\u0131m\u0131z amans\u0131z hesapla\u015fman\u0131n tarihi her g\u00fcn biraz daha yakla\u015fmaktad\u0131r&#8221; dedi.<\/p>\n<p style=\"text-align: justify;\">Bug\u00fcn 23. D\u00f6nem 5. Yasama y\u0131l\u0131ndaki son grup toplant\u0131s\u0131n\u0131 ger\u00e7ekle\u015ftirdiklerini belirten Bah\u00e7eli, 23. D\u00f6nemde TBMM \u00e7at\u0131s\u0131 alt\u0131nda milletvekili arkada\u015flar\u0131yla omuz omuza m\u00fccadele vermekten dolay\u0131 son derece bahtiyar oldu\u011funu s\u00f6yledi.<\/p>\n<p style=\"text-align: justify;\">Bah\u00e7eli, &#8221;Yeter art\u0131k diyenlerle, i\u015f bekleyenlerle, ekmek isteyenlerle ve lider \u00fclke T\u00fcrkiye \u00f6zlemini y\u00fcreklerinde ta\u015f\u0131yanlarla kutlu yolculu\u011fumuzu Cenab-\u0131 Allah&#8217;\u0131n izniyle s\u00fcrd\u00fcrece\u011fiz ve zalime, ihanete ve Okyanus \u00f6tesinin oyunlar\u0131na inat mutlaka iktidara ula\u015faca\u011f\u0131z&#8221; diye konu\u015ftu.<\/p>\n<p style=\"text-align: justify;\">Bah\u00e7eli, s\u00f6zlerini, &#8221;Ne Mutlu T\u00fcrk\u00fcm Diyene&#8221; diyerek bitirdi.<\/p>\n<p style=\"text-align: justify;\"><a href=\"http:\/\/www.gazeteport.com.tr\/SIYASET\/NEWS\/GP_853688\" target=\"_blank\"><span style=\"color: #888888;\">Kaynak : GAZETEPORT<\/span><\/a><\/p>\n","protected":false},"excerpt":{"rendered":"<p style=\"text-align: center;\">\n<p style=\"text-align: justify;\">MHP Genel Ba\u015fkan\u0131 Devlet Bah\u00e7eli, partisinin grup toplant\u0131s\u0131nda g\u00fcndeme dair a\u00e7\u0131klamalarda bulundu.<\/p>\n<p style=\"text-align: justify;\">MHP Genel Ba\u015fkan\u0131 Devlet Bah\u00e7eli, &#8221;M\u0131s\u0131r&#8217;da askeri vesayete sesini dahi \u00e7\u0131karmayanlar\u0131n, hatta alk\u0131\u015f tutanlar\u0131n; \u00fclkemizde g\u00fcya darbe kar\u015f\u0131t\u0131 tutum tak\u0131nmalar\u0131 iflah olmaz bir \u00e7eli\u015fkidir ve kapat\u0131lmayacak kadar a\u00e7\u0131\u011fa \u00e7\u0131kan ikiy\u00fczl\u00fcl\u00fc\u011f\u00fcn d\u0131\u015fa vurumudur&#8221; dedi. <\/p>\n","protected":false},"author":1,"featured_media":0,"comment_status":"open","ping_status":"closed","sticky":false,"template":"","format":"standard","meta":{"footnotes":""},"categories":[105],"tags":[],"class_list":["post-28424","post","type-post","status-publish","format-standard","hentry","category-gundem","odd"],"_links":{"self":[{"href":"http:\/\/www.korhanyilmaz.com\/index.php?rest_route=\/wp\/v2\/posts\/28424","targetHints":{"allow":["GET"]}}],"collection":[{"href":"http:\/\/www.korhanyilmaz.com\/index.php?rest_route=\/wp\/v2\/posts"}],"about":[{"href":"http:\/\/www.korhanyilmaz.com\/index.php?rest_route=\/wp\/v2\/types\/post"}],"author":[{"embeddable":true,"href":"http:\/\/www.korhanyilmaz.com\/index.php?rest_route=\/wp\/v2\/users\/1"}],"replies":[{"embeddable":true,"href":"http:\/\/www.korhanyilmaz.com\/index.php?rest_route=%2Fwp%2Fv2%2Fcomments&post=28424"}],"version-history":[{"count":0,"href":"http:\/\/www.korhanyilmaz.com\/index.php?rest_route=\/wp\/v2\/posts\/28424\/revisions"}],"wp:attachment":[{"href":"http:\/\/www.korhanyilmaz.com\/index.php?rest_route=%2Fwp%2Fv2%2Fmedia&parent=28424"}],"wp:term":[{"taxonomy":"category","embeddable":true,"href":"http:\/\/www.korhanyilmaz.com\/index.php?rest_route=%2Fwp%2Fv2%2Fcategories&post=28424"},{"taxonomy":"post_tag","embeddable":true,"href":"http:\/\/www.korhanyilmaz.com\/index.php?rest_route=%2Fwp%2Fv2%2Ftags&post=28424"}],"curies":[{"name":"wp","href":"https:\/\/api.w.org\/{rel}","templated":true}]}}