{"id":28421,"date":"2011-02-15T12:42:36","date_gmt":"2011-02-15T10:42:36","guid":{"rendered":"http:\/\/www.korhanyilmaz.com\/?p=28421"},"modified":"2011-02-15T12:42:36","modified_gmt":"2011-02-15T10:42:36","slug":"erdogan-balyozda-suphe-kalmayacak","status":"publish","type":"post","link":"http:\/\/www.korhanyilmaz.com\/?p=28421","title":{"rendered":"Erdo\u011fan: &#8220;Balyoz&#8217;da \u015f\u00fcphe kalmayacak&#8221;"},"content":{"rendered":"<p style=\"text-align: center;\"><a href=\"http:\/\/www.korhanyilmaz.com\/wp-content\/uploads\/2011\/02\/368.jpg\"  class=\"lightview\"><img loading=\"lazy\" decoding=\"async\" class=\"aligncenter size-full wp-image-28422\" src=\"http:\/\/www.korhanyilmaz.com\/wp-content\/uploads\/2011\/02\/368.jpg\" alt=\"\" width=\"414\" height=\"222\" \/><\/a><\/p>\n<p style=\"text-align: justify;\">Balyoz tutuklamalar\u0131yla ilgili olarak konu\u015fan Ba\u015fbakan Erdo\u011fan, &#8220;Yarg\u0131 s\u00fcrecinin sonucu ne olursa olsun, b\u00fct\u00fcn iddialara son verilecektir ve zihinlerde soru i\u015faretleri kalmayacakt\u0131r&#8221; dedi.<\/p>\n<p style=\"text-align: justify;\">AK Parti Genel Ba\u015fkan\u0131 ve Ba\u015fbakan Recep Tayyip Erdo\u011fan, T\u00fcrkiye&#8217;nin IMF&#8217;ye olan borcunun \u015fu an itibar\u0131yla 5,5 milyar dolara geriledi\u011fini bildirdi. <!--more--><\/p>\n<p style=\"text-align: justify;\">Erdo\u011fan, partisinin grup toplant\u0131s\u0131nda yapt\u0131\u011f\u0131 konu\u015fmaya vatanda\u015flar\u0131n Mevlit kandilini kutlayarak ba\u015flad\u0131. Af\u015fin&#8217;deki k\u00f6m\u00fcr sahas\u0131nda hayat\u0131n\u0131 kaybeden iki i\u015f\u00e7iye Allah&#8217;tan rahmet dileyen Erdo\u011fan, toprak alt\u0131nda kalanlar\u0131n kurtar\u0131lmas\u0131 i\u00e7in her t\u00fcrl\u00fc imkan\u0131n kullan\u0131ld\u0131\u011f\u0131n\u0131 s\u00f6yledi.<\/p>\n<p style=\"text-align: justify;\">TBMM&#8217;nin son d\u00f6nemde \u00e7ok ba\u015far\u0131l\u0131 bir performans ortaya koydu\u011funu belirten Erdo\u011fan, \u00fclke ve millet i\u00e7in son derece \u00f6nemli kanunlar \u00e7\u0131kar\u0131ld\u0131\u011f\u0131n\u0131 ifade etti. Ba\u015fbakan Erdo\u011fan, Ticaret ve Bor\u00e7lar Kanunu gibi iki \u00f6nemli kanunun yan\u0131 s\u0131ra bu ay polisi askerlik vazifesinden muaf tutan kanun, Dan\u0131\u015ftay, Yarg\u0131tay ve Adli T\u0131p Kurumunun yap\u0131lar\u0131n\u0131 d\u00fczenleyen kanunlar ile son olarak da baz\u0131 kanunlarda de\u011fi\u015fiklik yapan d\u00fczenlemenin (Torba) \u00e7\u0131kar\u0131ld\u0131\u011f\u0131n\u0131 an\u0131msatt\u0131. Erdo\u011fan, milletvekillerine \u00f6zverili \u00e7al\u0131\u015fmalar\u0131ndan \u00f6t\u00fcr\u00fc te\u015fekk\u00fcr etti.<\/p>\n<p style=\"text-align: justify;\">2010 y\u0131l\u0131 Kas\u0131m ay\u0131 istihdam verileri a\u00e7\u0131kland\u0131\u011f\u0131n\u0131 hat\u0131rlatan Erdo\u011fan, &#8221;\u0130\u015fsizlik oran\u0131 Kas\u0131m ay\u0131nda y\u00fczde 11 olarak ger\u00e7ekle\u015fti. Bu oran ge\u00e7en y\u0131l y\u00fczde 13,1 d\u00fczeyinde idi. Yani, i\u015fsizlik ge\u00e7en y\u0131la g\u00f6re 2,1 puan gibi \u00e7ok y\u00fcksek oranda gerileme kaydetti&#8221; dedi.<\/p>\n<p style=\"text-align: justify;\">IMF&#8217;ye olan bor\u00e7ta da gerileme ya\u015fand\u0131\u011f\u0131n\u0131 ifade eden Ba\u015fbakan Erdo\u011fan, &#8221;\u015eu an itibar\u0131yla IMF&#8217;ye olan borcumuz 5,5 milyar dolara gerilemi\u015f durumda. Bildi\u011finiz gibi g\u00f6reve geldi\u011fimizde bu bor\u00e7 23,5 milyar dolard\u0131. MHP, DSP ve ANAP iktidar\u0131ndan IMF&#8217;ye olan borcu 23,5 milyar dolar olarak devrald\u0131k. Onlar bor\u00e7land\u0131, biz ise onlar\u0131n bor\u00e7lar\u0131n\u0131 temizleye temizleye buralara geldik. Bu geli\u015fmelerin hay\u0131rl\u0131 olmas\u0131n\u0131 diliyorum&#8221; \u015feklinde konu\u015ftu.<\/p>\n<p style=\"text-align: justify;\"><strong>BALYOZ DAVASI <\/strong><\/p>\n<p style=\"text-align: justify;\">Erdo\u011fan, partisinin grup toplant\u0131s\u0131nda yapt\u0131\u011f\u0131 konu\u015fmada, isim belirtmeden, &#8221;Balyoz&#8221; ve &#8221;Ergenekon&#8221; davalar\u0131 kapsam\u0131nda s\u00fcrd\u00fcr\u00fclen soru\u015fturma ve g\u00f6zalt\u0131 s\u00fcrecine de de\u011finerek, \u015funlar\u0131 kaydetti:<\/p>\n<p style=\"text-align: justify;\">&#8221;Son g\u00fcnlerde baz\u0131 iddialarla ilgili ba\u015flat\u0131lan yarg\u0131 s\u00fcrecini biz de dikkatle izliyoruz. Emekli ve muvazzaf baz\u0131 askerlere y\u00f6nelik bir s\u00fcre\u00e7 ba\u015flat\u0131ld\u0131. Bu s\u00fcre\u00e7 yarg\u0131n\u0131n tasarrufu alt\u0131nda ilerliyor.<\/p>\n<p style=\"text-align: justify;\">\u00c7ok s\u0131k tekrarlad\u0131\u011f\u0131m\u0131z bir ilkeyi burada bir kez daha hat\u0131rlatmakta fayda g\u00f6r\u00fcyoruz: Aksi kan\u0131tlanmad\u0131\u011f\u0131 s\u00fcrece herkes masumdur. G\u00f6zalt\u0131na al\u0131nd\u0131\u011f\u0131, sorguland\u0131\u011f\u0131, tutukland\u0131\u011f\u0131, yarg\u0131land\u0131\u011f\u0131 i\u00e7in hi\u00e7 kimse su\u00e7lu kabul edilemez. Hakk\u0131nda kesin h\u00fck\u00fcm bulunmad\u0131k\u00e7a hi\u00e7 kimseye su\u00e7lu g\u00f6z\u00fcyle bak\u0131lamaz. Ancak, ak ile karan\u0131n ortaya \u00e7\u0131kmas\u0131; s\u00fcrecin hassasiyetle ilerlemesi, kamuoyuna tatmin edecek kararlar\u0131n verilebilmesi i\u00e7in herkesin bu noktada yarg\u0131ya ve yarg\u0131 s\u00fcre\u00e7lerine sayg\u0131 duymas\u0131 \u015fart. Bu konuda duyarl\u0131, hassas olmas\u0131 herkes i\u00e7in ge\u00e7erli.<\/p>\n<p style=\"text-align: justify;\">Bu i\u015fleri h\u00fck\u00fcmetle ili\u015fkilendirenler, kusura bakmas\u0131nlar hezeyan i\u00e7indedirler. Birileri yarg\u0131ya, siyasi m\u00fcdahalelerde bulunmaya, davalara y\u00f6n vermeye al\u0131\u015f\u0131k olabilir. Bizim de b\u00f6yle yapt\u0131\u011f\u0131m\u0131z\u0131 d\u00fc\u015f\u00fcnebilir veya birileri b\u00f6yle bir temenni i\u00e7inde olabilirler. Bizim y\u00fcr\u00fctme olarak g\u00f6revimiz bellidir, yetkimiz bellidir. Kimse h\u00fck\u00fcmeti bu t\u00fcr spek\u00fclasyonlara alet etme yanl\u0131\u015f\u0131na d\u00fc\u015fmesin.<\/p>\n<p style=\"text-align: justify;\">Ba\u015fta anamuhalefet partisinin genel ba\u015fkan\u0131 olmak \u00fczere, herkesi bu noktada sa\u011fduyulu ve \u00f6zellikle de sorumlu davranmaya davet ediyorum. Yarg\u0131n\u0131n i\u015fleyi\u015fini g\u00fc\u00e7le\u015ftirecek, yarg\u0131ya t\u00f6hmet alt\u0131nda b\u0131rakt\u0131racak, \u00e7al\u0131\u015fmas\u0131n engelleyecek giri\u015fimler adaletin tecellisine katk\u0131 sa\u011flamayaca\u011f\u0131 gibi, \u015f\u00fcphelerin ayd\u0131nl\u0131\u011fa kavu\u015fmas\u0131n\u0131 da engelleyecektir.&#8221;<\/p>\n<p style=\"text-align: justify;\"><strong>&#8221;S\u0130YAS\u0130 FALCILIK YAPMAYA BA\u015eLAMI\u015e OLMASI&#8221; <\/strong><\/p>\n<p style=\"text-align: justify;\">Erdo\u011fan, CHP y\u00f6neticilerinin a\u00e7\u0131klamalar\u0131n\u0131 da ele\u015ftirerek, \u015f\u00f6yle konu\u015ftu:<\/p>\n<p style=\"text-align: justify;\">&#8221;CHP Genel Ba\u015fkan Yard\u0131mc\u0131s\u0131n\u0131n, onun ard\u0131ndan tutuklu yak\u0131nlar\u0131n\u0131n askere kar\u015f\u0131, T\u00fcrk Silahl\u0131 Kuvvetlerimize kar\u015f\u0131 tak\u0131nd\u0131klar\u0131 tav\u0131r ve kulland\u0131klar\u0131 \u00fcslup tahrik edici, tahkir edici bir \u00fcsluptur.<\/p>\n<p style=\"text-align: justify;\">\u015eundan hi\u00e7 kimsenin endi\u015fesi olmas\u0131n, bu yarg\u0131 s\u00fcreci sonucu ne olursa olsun TSK&#8217;y\u0131 daha da g\u00fc\u00e7lendirecek, b\u00fct\u00fcn iddialara net bir \u015fekilde son verecek, zihinlerdeki soru i\u015faretlerini ortadan kald\u0131racak bir s\u00fcre\u00e7tir.<\/p>\n<p style=\"text-align: justify;\">Hukuka g\u00fcvenmek, yarg\u0131ya g\u00fcvenmek T\u00fcrkiye Cumhuriyeti&#8217;ne inanan, g\u00fcvenen herkes i\u00e7in, her vatanda\u015f\u0131m\u0131z i\u00e7in tek \u00e7\u0131kar yoldur, en do\u011fru oland\u0131r.<\/p>\n<p style=\"text-align: justify;\">Bir kez daha, ba\u015fta anamuhalefet partisi olmak \u00fczere herkesi sorumlu davranmaya davet ediyorum. Zira son birka\u00e7 g\u00fcnd\u00fcr, CHP Genel Ba\u015fkan\u0131, Haziran se\u00e7imleri sonras\u0131na ili\u015fkin hayali bir tablo kurguluyor. Daha \u00f6nce Anayasa Komisyonunda milletvekillerinin yapt\u0131\u011f\u0131 &#8216;sokak sokak direnme&#8217; \u00e7a\u011fr\u0131s\u0131na benzer bir \u015fekilde, CHP Genel Ba\u015fkan\u0131 da Haziran sonras\u0131na ili\u015fkin tahrik edici a\u00e7\u0131klamalar yap\u0131yor. Belli ki, CHP, bizzat genel ba\u015fkan d\u00fczeyinde Haziran se\u00e7imlerinde ba\u015far\u0131 sa\u011flayamayaca\u011f\u0131n\u0131 art\u0131k kan\u0131ksam\u0131\u015f durumda. Daha \u015fimdiden se\u00e7imlere d\u00f6rt ay s\u00fcre olmas\u0131na ra\u011fmen ba\u015far\u0131s\u0131zl\u0131klar\u0131na k\u0131l\u0131f aramaya, se\u00e7im sonras\u0131na ili\u015fkin kaos senaryolar\u0131 \u00e7izmeye ba\u015flad\u0131lar. CHP&#8217;nin, en \u00fcst d\u00fczeyde, genel ba\u015fkan d\u00fczeyinde art\u0131k siyaseti b\u0131rak\u0131p falc\u0131l\u0131k yapmaya ba\u015flam\u0131\u015f olmas\u0131n\u0131 da ben milletin takdirine b\u0131rak\u0131yorum.&#8221;<\/p>\n<p style=\"text-align: justify;\">Erdo\u011fan, Meclisin son d\u00f6nemde att\u0131\u011f\u0131 ad\u0131mlarla, yasal d\u00fczenlemelerle y\u00fcr\u00fctmenin i\u015fini kolayla\u015ft\u0131rd\u0131\u011f\u0131n\u0131 ifade etti. Y\u00fcr\u00fctme olarak kendilerinin de gece g\u00fcnd\u00fcz demeden \u00e7al\u0131\u015fmalar\u0131n\u0131, performans\u0131 art\u0131rmak suretiyle devam ettirdiklerini kaydeden Erdo\u011fan, \u015f\u00f6yle konu\u015ftu:<\/p>\n<p style=\"text-align: justify;\">&#8221;T\u00fcrkiye&#8217;de baz\u0131 siyaset\u00e7iler, baz\u0131 siyasi partiler se\u00e7im sand\u0131klar\u0131 kapand\u0131\u011f\u0131 anda her \u015feyin bitti\u011fini d\u00fc\u015f\u00fcn\u00fcrler. Kendilerine gelecek se\u00e7im tarihine kadar uzun mu uzun bir tatil verirler. Tatile \u00e7\u0131karlar. Biz 3 Kas\u0131m&#8217;dan 22 Temmuz&#8217;a 22 Temmuz&#8217;dan da bug\u00fcne kadar \u00e7ok yo\u011fun bir \u00e7al\u0131\u015fma i\u00e7erisinde \u00e7al\u0131\u015ft\u0131k, \u00e7al\u0131\u015f\u0131yoruz. Bizim bu heyecan\u0131m\u0131z\u0131, bu \u00e7al\u0131\u015fma azmimizi anlamayan, buna anlam veremeyen muhalefet, 8 y\u0131l boyunca \u00e7al\u0131\u015fmalar\u0131 engellemek, yava\u015flatmak, komisyonlar\u0131 ve Genel Kurulu, s\u00f6zl\u00fc ve fiili \u015fiddete ba\u015fvurarak \u00e7al\u0131\u015famaz hale getirmek i\u00e7in yo\u011fun gayret sarfettiler. 8 y\u0131ld\u0131r her f\u0131rsatta bize \u015funu s\u00f6yl\u00fcyorlar, &#8216;Aceleniz nedir? Gecenin bu saatine kadar niye \u00e7al\u0131\u015f\u0131yoruz? Normal zamanda bunlar\u0131 yapar\u0131z. Saat 3 oldu, saat 4 oldu nedir bu? Bak hala uyuyorsunuz&#8217; gibi bu yap\u0131lan \u00e7al\u0131\u015fmalar\u0131 k\u00fc\u00e7\u00fcmseme noktas\u0131nda gayret i\u00e7erisine girerler.<\/p>\n<p style=\"text-align: justify;\">Halbuki bir g\u00fcn bu halk \u00e7\u0131kar da size \u015funu s\u00f6ylerse, &#8216;Beyler siz haftada 3 g\u00fcn \u00e7al\u0131\u015f\u0131yorsunuz. Sadece Sal\u0131, \u00c7ar\u015famba, Per\u015fembe&#8230; Normalde haftan\u0131n g\u00fcnleri Pazartesi, Sal\u0131, \u00c7ar\u015famba, Per\u015fembe, Cuma&#8217;d\u0131r. \u0130Ki g\u00fcn tatil yetmiyor mu size? Gelip de se\u00e7ildi\u011finiz yerleri dola\u015fsan\u0131z&#8217; dese, ne cevap vereceksiniz? Beyler, &#8216;Biz sizi do\u011fru d\u00fcr\u00fcst tan\u0131m\u0131yoruz, siz se\u00e7ildi\u011finiz yerlere gelip gitmiyorsunuz&#8217; derse, ne diyeceksiniz? Bu milletvekillerinin \u00e7o\u011funun durumu b\u00f6yle. Ama bu s\u00f6z, bu soru son derece manidard\u0131r.<\/p>\n<p style=\"text-align: justify;\">TBMM Genel Kurulu \u00e7al\u0131\u015fmalar\u0131nda bu yo\u011fun gayretlerimiz ve yo\u011fun mesaimiz kar\u015f\u0131s\u0131nda muhalefetin s\u0131k\u00e7a dile getirdi\u011fi &#8216;Aceleniz ne?&#8217; sorusu ad\u0131na, stat\u00fcko dedi\u011fimiz yal\u0131n ge\u00e7e\u011fin de en bariz \u015fekilde tezah\u00fcr\u00fcd\u00fcr. CHP&#8217;si, MHP&#8217;si, BDP&#8217;si, stat\u00fckodan o kadar memnun, stat\u00fckoyla o kadar bar\u0131\u015f\u0131k bir halde ki&#8230;De\u011fi\u015fimi, d\u00f6n\u00fc\u015f\u00fcm\u00fc, ilerlemeyi, kalk\u0131nmay\u0131 &#8216;Aceleniz ne&#8217; diyerek engellemeyi kendilerine do\u011fal hak olarak addedecek kadar \u00fclke ve millet ger\u00e7eklerinden kopmu\u015f haldeler.&#8221;<\/p>\n<p style=\"text-align: justify;\"><strong>&#8221;B\u0130ZDE TR\u0130B\u00dcNLERDEN \u0130ZLEND\u0130&#8221; <\/strong><\/p>\n<p style=\"text-align: justify;\">Erdo\u011fan, 2. D\u00fcnya Sava\u015f\u0131&#8217;nda neredeyse b\u00fct\u00fcn Avrupa b\u00fcy\u00fck \u00e7\u00f6k\u00fcnt\u00fc ya\u015fam\u0131\u015f, yanm\u0131\u015f y\u0131k\u0131lm\u0131\u015fken baz\u0131 \u00fclkelerde ta\u015f \u00fcst\u00fcnde ta\u015f kalmam\u0131\u015fken, milyonlarca insan hayat\u0131n\u0131 kaybetmi\u015fken, sava\u015f sonras\u0131nda d\u00fcnyan\u0131n en g\u00fc\u00e7l\u00fc ekonomileri ve demokrasileri ortaya \u00e7\u0131kt\u0131\u011f\u0131n\u0131, tarihi nitelikte d\u00f6n\u00fc\u015f\u00fcmler ya\u015fand\u0131\u011f\u0131n\u0131 anlatt\u0131. Sava\u015ftan, iki atom bombas\u0131na maruz kalan ve yenilen Japonya&#8217;n\u0131n bug\u00fcn d\u00fcnyan\u0131n en b\u00fcy\u00fck ekonomileri aras\u0131nda yer ald\u0131\u011f\u0131na i\u015faret eden Erdo\u011fan, duvarlar\u0131n y\u0131k\u0131ld\u0131\u011f\u0131, demir perdenin \u00e7\u00f6kt\u00fc\u011f\u00fc 90&#8217;l\u0131 y\u0131llar\u0131n ard\u0131ndan bir \u00e7ok \u00fclkenin toparland\u0131\u011f\u0131n\u0131, k\u00f6kl\u00fc de\u011fi\u015fim ger\u00e7ekle\u015ftirip rekabet sahnesinde yerini ald\u0131\u011f\u0131n\u0131 s\u00f6yledi.<\/p>\n<p style=\"text-align: justify;\">Ba\u015fbakan Erdo\u011fan, &#8221;Bizde ise on y\u0131llar boyunca bu de\u011fi\u015fim s\u00fcre\u00e7leri; d\u00fcnyadaki bu geli\u015fme, ilerleme maalesef trib\u00fcnlerden izlendi. \u0130\u015fte bug\u00fcn &#8216;Aceleniz ne?&#8217; diye soranlar, bu soruyu sadece bug\u00fcn de\u011fil on y\u0131llard\u0131r soranlard\u0131r ve  on y\u0131llard\u0131r her t\u00fcrl\u00fc de\u011fi\u015fime, yenili\u011fe kar\u015f\u0131 \u00e7\u0131karak T\u00fcrkiye&#8217;nin yerinde saymas\u0131 i\u00e7in m\u00fccadele edenlerdir&#8221; dedi.<\/p>\n<p style=\"text-align: justify;\">AK Parti olarak kendilerine 2023 vizyonu belirlediklerini, bunu a\u00e7\u0131klad\u0131\u011f\u0131nda &#8221;muhalefet de anamuhalefet de ayn\u0131 \u015fekilde 2023&#8217;u konu\u015fmaya ba\u015flayacak&#8221; dedi\u011fini belirten Erdo\u011fan, s\u00f6zlerini \u015f\u00f6yle s\u00fcrd\u00fcrd\u00fc:<\/p>\n<p style=\"text-align: justify;\">&#8221;8 y\u0131ld\u0131r bu vizyon, bu b\u00fcy\u00fck hedefler i\u00e7in ter d\u00f6k\u00fcyoruz. Haziran se\u00e7imleri \u00f6ncesinde bu hedeflerimizi daha somut hale getiriyor, daha ayr\u0131nt\u0131l\u0131 \u015fekilde kamuoyuyla payla\u015f\u0131yoruz. Bizim AK Parti olarak 2023 olarak belirledi\u011fimiz bu hedefleri T\u00fcrkiye, 60, 70, 80 veya 90&#8217;l\u0131 y\u0131llarda yakalam\u0131\u015f olmas\u0131 gerekirdi. T\u00fcrkiye bu hedefleri 10 y\u0131l \u00f6nce ger\u00e7ekle\u015ftirmi\u015f olsayd\u0131, -bu halk\u0131m\u0131z\u0131n hakk\u0131yd\u0131- bu \u00fclke, bu b\u00fcy\u00fck hedeflerle \u00e7ok daha \u00f6nce kucakla\u015fmak i\u00e7in her t\u00fcrl\u00fc imkana sahipti. Fakat bunu yapmad\u0131lar. Biz iktidara geldi\u011fimizde define filan bulmad\u0131k, u\u00e7suz bucaks\u0131z petrol rezervi bulmad\u0131k. Biz hortumlar\u0131 kestik, delikleri kapatt\u0131k. &#8216;Kaynak T\u00fcrkiye&#8217;dir&#8217; dedik, &#8216;kaynak Erdo\u011fan&#8217;d\u0131r&#8217; demedik. Biz yola b\u00f6yle koyulduk. &#8216;Kaynak T\u00fcrkiye&#8217;dir, T\u00fcrk milletidir&#8217; dedik. Ama bak\u0131n birileri \u00e7\u0131km\u0131\u015f, zat\u0131 \u015fahanelerini s\u00f6yl\u00fcyor,  &#8216;kaynak filancad\u0131r&#8217; diyorlar.&#8221;<\/p>\n<p style=\"text-align: justify;\">Erdo\u011fan, iktidarlar\u0131 d\u00f6neminde 13 bin 600 kilometre b\u00f6l\u00fcnm\u00fc\u015f yol yapt\u0131klar\u0131na i\u015faret ederek, &#8221;Matematik olarak hesaba girersek rakam \u00e7ok b\u00fcy\u00fck. 79 y\u0131lda 6 bin 100 kilometre b\u00f6l\u00fcnm\u00fc\u015f yol yap\u0131yorsun, ama geliyorsun 7 y\u0131lda 13 bin 600 kilometre yol yap\u0131yorsun. Matematik hesab\u0131na bunu koyarsan, 13 bin 600&#8217;\u0131 asgari 10 ile \u00e7arp\u0131lmas\u0131 laz\u0131m. Olay\u0131n ne denli b\u00fcy\u00fck oldu\u011fu ortada&#8221; dedi.<\/p>\n<p style=\"text-align: justify;\"><strong>&#8221;B\u0130R\u0130LER\u0130 \u00dcLKEY\u0130 PA\u00c7ASINDAN TUTUP \u00c7EKMESEYD\u0130&#8221;<\/strong><\/p>\n<p style=\"text-align: justify;\">E\u011fitimle ilgili verilerden de s\u00f6z eden Erdo\u011fan, 160 bin derslik yapt\u0131klar\u0131n\u0131, 80 yeni \u00fcniversite kurduklar\u0131na i\u015faret etti. Erdo\u011fan, 8 yeni \u00fcniversiteyle say\u0131n\u0131n 88&#8217;e \u00e7\u0131kaca\u011f\u0131n\u0131, vak\u0131f \u00fcniversiteleriyle birlikte toplam \u00fcniversite say\u0131s\u0131n\u0131n ise 164&#8217;e ula\u015fm\u0131\u015f olaca\u011f\u0131n\u0131 belirtti.<\/p>\n<p style=\"text-align: justify;\">Ba\u015fbakan Erdo\u011fan, iktidarlar\u0131 d\u00f6neminde 480 bin konutun in\u015fas\u0131na ba\u015flad\u0131klar\u0131n\u0131, 350 binini sahiplerine teslim ettiklerini, milli geliri 3 kattan fazla artt\u0131rd\u0131klar\u0131na dikkati \u00e7ekerek, \u015funlar\u0131 kaydetti:<\/p>\n<p style=\"text-align: justify;\">&#8221;B\u00fct\u00fcn bunlar yap\u0131l\u0131rken hi\u00e7bir zaman bunlar\u0131 g\u00f6rmediler, g\u00f6remediler. Bu gayret, bu emek, bu vizyon, 1960&#8217;l\u0131 y\u0131llardan itibaren g\u00f6sterilseydi, acaba T\u00fcrkiye bug\u00fcn nerede olurdu? E\u011fer birilerinin acelesi olsayd\u0131, e\u011fer birileri &#8216;Aceleniz ne?&#8217; diyerek, bu \u00fclkeyi pa\u00e7as\u0131ndan tutup \u00e7ekmeseydi biz bug\u00fcn 2023&#8217;te 2 trilyon dolar de\u011fil, 3-4 trilyon dolar\u0131 konu\u015furduk. Bizim acelemiz var, hem de \u00e7ok acelemiz var. Binlerce susuz k\u00f6ye ula\u015ft\u0131k, yolu olmayan k\u00f6ylere ula\u015ft\u0131k. Daha \u00e7ok ula\u015fmak i\u00e7in acelemiz var. Daha da fazlas\u0131n\u0131 g\u00f6t\u00fcrmek, daha da modern \u015fekilde yollar\u0131 tahkim etmek i\u00e7in acelemiz var. Mili geliri 2 trilyon dolara, ihracat\u0131 500 milyar dolara \u00e7\u0131karmak i\u00e7in acelemiz var. Y\u00fczde 100 okulla\u015fma, 15 bin yeni b\u00f6l\u00fcnm\u00fc\u015f yol, yeni h\u0131zl\u0131 tren hatlar\u0131, 500 bin daha yeni konut in\u015fa etmek i\u00e7in bizim acelemiz var. Hi\u00e7 kimse de \u00e7\u0131k\u0131p bizi ecelle korkutmaya kalkmas\u0131n. Biz bu yola ba\u015f\u0131m\u0131z\u0131, can\u0131m\u0131z\u0131, ruhumuzu, sadece elimizi de\u011fil, b\u00fct\u00fcn bedenimizi koyarak \u00e7\u0131kt\u0131k.&#8221;<\/p>\n<p style=\"text-align: justify;\"><strong>BAH\u00c7EL\u0130&#8217;YE YANIT <\/strong><\/p>\n<p style=\"text-align: justify;\">AK Parti Genel Ba\u015fkan\u0131 ve Ba\u015fbakan Recep Tayyip Erdo\u011fan, MHP Genel Ba\u015fkan\u0131 Devlet Bah\u00e7eli&#8217;nin kendilerine y\u00f6nelik s\u00f6zlerine, &#8221;Tehdit savurmay\u0131 b\u0131rak. Takdir etme olgunlu\u011funa sahip de\u011filsen, hi\u00e7 de\u011filse milletin takdir edece\u011fi bir siyaset ortaya koy. Milletin k\u0131namayaca\u011f\u0131 bir siyaset \u00fcslubu kullan&#8221; dedi.<\/p>\n<p style=\"text-align: justify;\">Partisinin TBMM grup toplant\u0131s\u0131nda konu\u015fan Erdo\u011fan, MHP Genel Ba\u015fkan\u0131 Devlet Bah\u00e7eli&#8217;nin kendilerine y\u00f6nelik ele\u015ftirilerine yan\u0131t verdi. Erdo\u011fan, Bah\u00e7eli&#8217;nin, &#8221;\u0130ktidara geldi\u011fimizde, TOK\u0130&#8217;nin b\u00fct\u00fcn \u00e7al\u0131\u015fmalar\u0131n\u0131 didik didik inceleyece\u011fim, h\u00fck\u00fcmetin kademelerinde g\u00f6rev alan AK Parti&#8217;lilerin malvarl\u0131klar\u0131n\u0131 inceleyip fitil fitil burunlar\u0131ndan getirece\u011fim&#8221; dedi\u011fini belirtti.<\/p>\n<p style=\"text-align: justify;\">&#8221;Bu beyefendi, daha \u00f6nce TOK\u0130&#8217;nin ba\u011fl\u0131 oldu\u011fu Ba\u015fbakan Yard\u0131mc\u0131s\u0131yd\u0131&#8221; diyen Erdo\u011fan, \u015f\u00f6yle konu\u015ftu:<\/p>\n<p style=\"text-align: justify;\">&#8221;Adama sormazlar m\u0131, sen ka\u00e7 konut yapt\u0131n? \u00d6nce bunun hesab\u0131n\u0131 ver. Sormazlar m\u0131, Say\u0131n Bah\u00e7eli TOK\u0130 sana ba\u011fl\u0131yd\u0131, sen ne yapt\u0131n? \u00d6nce bunun hesab\u0131n\u0131 ver. Bir de adama sormazlar m\u0131 450 bin konut, kibrit kutusu de\u011fil bunlar. Bunlar nereden, nas\u0131l yap\u0131l\u0131yor, bu binalar neyle y\u00fckseliyor? Bunun kayna\u011f\u0131 nerede, sormazlar m\u0131? Demek ki bir \u015feyler var. E\u011fer bu \u00fclkede ge\u00e7mi\u015fte oldu\u011fu gibi yolsuzluklar devam etmi\u015f olsayd\u0131 bunlar yap\u0131labilir miydi? E\u011fer bu yolsuzluklar devam etmi\u015f olsayd\u0131, bu b\u00f6l\u00fcnm\u00fc\u015f yollar, okullar, hastaneler, enerjide da\u011f\u0131l\u0131m a\u011f\u0131, K\u00d6YDES, BELDES yap\u0131labilir miydi, tar\u0131mda bu te\u015fvikler verilebilir miydi? Bunlar sorulmaz m\u0131? Siz pislediniz, siz bor\u00e7land\u0131n\u0131z, biz sizin bor\u00e7lar\u0131n\u0131z\u0131 temizliyoruz. IMF&#8217;den 30 milyar dolar bor\u00e7 ald\u0131n\u0131z, 23.5 milyar dolar ile bize devrettiniz, biz \u015fimdi bunu 5.5 milyar dolara indirdik. Siz bor\u00e7land\u0131n\u0131z, biz \u00f6dedik. Merkez Bankas\u0131, d\u00f6neminizde 27 milyar dolar d\u00f6viz rezervine sahipti, \u015fu anda alt\u0131n hari\u00e7 82 milyar dolar d\u00f6viz rezervine sahip. Sizin l\u00fcgatinizde &#8216;insaf&#8217; diye bir kelime yok mu? Adama sorarlar; Merkez Bankas\u0131 buralara nas\u0131l geldi? S\u00fcrekli olarak g\u00f6rev zarar\u0131 diye yutturulan Ziraat Bankas\u0131, Halk Bankas\u0131&#8217;n\u0131n durumu&#8230; \u015eimdi bunlar T\u00fcrkiye&#8217;nin en \u00e7ok kar eden bankalar\u0131 haline geldi. Bu nas\u0131l oldu diye sormazlar m\u0131? Bunlar\u0131 biz b\u00f6yle devrald\u0131k. Ama el vicdan, el insaf yok. Bunlar ortaya ne bir vizyon koyabiliyor ne bir siyasal proje koyabiliyorlar ne de toplumun kabullenebilece\u011fi bir siyaset \u00fcslubuna sahipler. &#8216;\u0130ktidara gelince yol yapaca\u011f\u0131m, 500 bin konut \u00fcretece\u011fiz, T\u00fcrkiye&#8217;nin milli gelirini 2 trilyon dolara \u00e7\u0131karaca\u011f\u0131z, T\u00fcrkiye&#8217;yi b\u00fcy\u00fctece\u011fiz&#8217; diyemez bunlar. \u00c7\u00fcnk\u00fc bunlar\u0131n b\u00f6yle bir vizyonu yok.&#8221;<\/p>\n<p style=\"text-align: justify;\">Erdo\u011fan, TOK\u0130&#8217;nin 2023 y\u0131l\u0131 i\u00e7in ikinci bir 500 bin paketini \u00f6n\u00fcne koydu\u011funu belirterek, yeni \u00f6nemin \u00e7ok daha farkl\u0131 olaca\u011f\u0131n\u0131 vurgulad\u0131. &#8221;Art\u0131k biz k\u00f6pr\u00fc alt\u0131nda, kenarda, k\u00f6\u015fede vatanda\u015f\u0131m\u0131z\u0131 g\u00f6rmek istemiyoruz&#8221; diyen Erdo\u011fan, imkan\u0131 hi\u00e7 olmayan vatanda\u015flara y\u00f6nelik 45-50 metrekarelik \u00f6zel daireler yapacaklar\u0131n\u0131 s\u00f6yledi. Pe\u015finats\u0131z, ayda 100 lira taksitle, 20-22 y\u0131l vadeyle vereceklerini, i\u015f teminini de sa\u011flayacaklar\u0131n\u0131 anlatan Erdo\u011fan, vatanda\u015f\u0131 bu ezilmi\u015flikten kurtaracaklar\u0131n\u0131 ifade etti. \u0130kinci paketin a\u011f\u0131rl\u0131kl\u0131 olarak bu \u015fekilde olaca\u011f\u0131n\u0131 belirten Erdo\u011fan, &#8221;Bu \u00fclkenin vatanda\u015f\u0131 bu ya\u015fam\u0131 hak ediyor. Biz de sosyal devlet olman\u0131n gere\u011fini yerine getirece\u011fiz&#8221; dedi.<\/p>\n<p style=\"text-align: justify;\"><strong>&#8221;ABDEST\u0130NDEN \u015e\u00dcPHES\u0130 OLANIN NAMAZINDAN \u015e\u00dcPHES\u0130 OLUR&#8221; <\/strong><\/p>\n<p style=\"text-align: justify;\">CHP, MHP ve BDP&#8217;lilerin k\u00fcrs\u00fcye \u00e7\u0131k\u0131p &#8221;Siz sadaka da\u011f\u0131t\u0131yorsunuz, bu \u00fclke sadaka devleti de\u011fil&#8221; dediklerini hat\u0131rlatan Erdo\u011fan, &#8221;Bu devlet sosyal devlettir; demokratik, laik sosyal bir hukuk devletidir. Sosyal devlet yokluk i\u00e7indeki vatanda\u015f\u0131na ula\u015facak. Onun yiyece\u011fini, giyece\u011fini, so\u011fuksa sobas\u0131n\u0131 ula\u015ft\u0131racak. Yap\u0131lan budur, devletin g\u00f6revidir. Bunu sadaka diye niteleyenler, \u00f6nce gitsinler &#8216;sadaka&#8217;n\u0131n tan\u0131m\u0131n\u0131 \u00f6\u011frensinler&#8221; diye konu\u015ftu.<\/p>\n<p style=\"text-align: justify;\">Sadakay\u0131 hali vakti yerindeki insanlar\u0131n yapt\u0131\u011f\u0131n\u0131, &#8221;bir elin verdi\u011fini \u00f6b\u00fcr elin g\u00f6rmedi\u011fini&#8221; belirten Erdo\u011fan, devletin yapt\u0131\u011f\u0131n\u0131n ise asli g\u00f6revi oldu\u011funu s\u00f6yledi. M\u00fcmk\u00fcn oldu\u011funca devletin de bunu g\u00f6stere g\u00f6stere yapmamas\u0131 gerekti\u011fini, valilere de bu telkini yapt\u0131klar\u0131n\u0131 anlatan Erdo\u011fan, \u015f\u00f6yle devam etti:<\/p>\n<p style=\"text-align: justify;\">&#8221;Yanl\u0131\u015flar, eksikler olabilir ama yap\u0131lan budur. Bunu hi\u00e7bir zaman sadaka olarak nitelemeye de kimsenin hakk\u0131 ve salahiyeti  yoktur. Ama bunlar\u0131n l\u00fcgatinde, kitab\u0131nda &#8216;sadaka&#8217; diye bir kavram olmad\u0131\u011f\u0131 i\u00e7in bunlar bunu b\u00f6yle tan\u0131mlayabilirler. Bu kervan y\u00fcr\u00fcyor, fakir fukara, garip gurebay\u0131 bulaca\u011f\u0131z, onlara valilerimiz, kaymakamlar\u0131m\u0131z vas\u0131tas\u0131yla, Sosyal Dayan\u0131\u015fma ve Yard\u0131mla\u015fma Fonu&#8217;ndan gerekli destekleri vermeye devam edece\u011fiz. \u0130\u015fte bunlar, b\u00fct\u00fcn bu yap\u0131lanlar\u0131 takdir edecekleri yerde, bunlara nas\u0131l bir k\u0131l\u0131f uydururuz, bunun gayreti i\u00e7inde. \u00c7\u0131km\u0131\u015f &#8216;fitil fitil burnundan getirece\u011fiz&#8217; diyor. Her zaman s\u00f6yl\u00fcyorum; abdestinden \u015f\u00fcphesi olan\u0131n namaz\u0131ndan \u015f\u00fcphesi olur. Bizde b\u00f6yle bir \u015f\u00fcphe, dert yok. O senin derdin. Onun i\u00e7in her zaman tavsiye ediyorum; aynaya bak kar\u015f\u0131m\u0131za \u00f6yle gel.&#8221;<\/p>\n<p style=\"text-align: justify;\"><strong>&#8221;MECAL\u0130N\u0130Z KALMADI KA\u00c7TINIZ&#8221; <\/strong><\/p>\n<p style=\"text-align: justify;\">Erdo\u011fan, koalisyon h\u00fck\u00fcmetinin 3.5 y\u0131l iktidarda kalabildi\u011fini ifade ederek, \u015funlar\u0131 s\u00f6yledi:<\/p>\n<p style=\"text-align: justify;\">&#8221;3.5 y\u0131l iktidarda kalabildin, niye ayr\u0131l\u0131p erken se\u00e7ime gittiniz? Mecaliniz kalmad\u0131, ka\u00e7t\u0131n\u0131z. Halbuki 5 y\u0131ll\u0131k g\u00f6reviniz vard\u0131, daha 1.5 y\u0131l kalabilirdiniz. Ama kalamad\u0131n\u0131z, gittiniz. \u015eimdi vatanda\u015f AK Parti&#8217;ye g\u00f6rev veriyor. \u015eu anda hamdolsun 8. y\u0131l\u0131n i\u00e7indeyiz. Niye rahats\u0131z oluyorsunuz? Vatanda\u015f bize bu g\u00f6revi verdi ama biz birilerine benzemeyiz. Bizim vatanda\u015f\u0131m\u0131z, milletimiz bizi g\u00f6revlendirir, milletimiz bizi g\u00f6revimizden al\u0131r. G\u00f6revlendirdi\u011fi zaman g\u00f6revdeyiz, ald\u0131\u011f\u0131 zaman &#8216;eyvallah&#8217; deriz. Bizim fark\u0131m\u0131z bu. Birileri baz\u0131 \u00e7irkin benzetmeler yap\u0131yor. O benzetmelerin muhatab\u0131 de\u011fildir AK Parti. Biz iktidar\u0131 2002 sonunda devrald\u0131\u011f\u0131m\u0131zda incelenecek bir TOK\u0130 bile bulamad\u0131k. Halbuki o d\u00f6nemde TOK\u0130, Say\u0131n Bah\u00e7eli&#8217;ye ba\u011fl\u0131yd\u0131. O d\u00f6nemde \u00e7al\u0131\u015fanlar anlat\u0131yor; &#8216;sabah saat 10-11&#8217;de i\u015fe gelirdik, kahvalt\u0131m\u0131z\u0131 yapard\u0131k, Karanfil Sokak&#8217;taki kafelerden \u00e7\u0131kmazd\u0131k, saat 3-4 gibi de mesai biter giderdik.&#8217; TOK\u0130&#8217;nin kap\u0131s\u0131na fiilen kilit vurulmu\u015ftu, resmi olarak da neredeyse kilit vurulacakt\u0131. \u0130\u015fte o kurum bug\u00fcn 480 bin konut rakam\u0131na ula\u015ft\u0131, bir 500 bin konut daha hedeflenmi\u015f durumda. Bug\u00fcn art\u0131k \u00e7ok iyi anl\u0131yoruz ki, birileri o d\u00f6nemde bunlar\u0131 \u00e7ok k\u00f6t\u00fc korkutmu\u015f ki &#8216;fitil fitil burnunuzdan getiririz&#8217; demi\u015f, onlar da bu korkuyla TOK\u0130&#8217;nin kap\u0131s\u0131na kilit vurmu\u015flar. Bunlar\u0131n niye acele etmedi\u011fi belli. Bunlar\u0131n iktidarlar\u0131 d\u00f6neminde ta\u015f \u00fcst\u00fcne ta\u015f koyamad\u0131klar\u0131 belli. Belli ki korkutulmu\u015flar, korkmu\u015flar. Belli ki siyasi tecr\u00fcbeleri bunlara, korkunun ecele faydas\u0131n\u0131n olmad\u0131\u011f\u0131n\u0131 bir t\u00fcrl\u00fc anlatamam\u0131\u015f. Biz korkmad\u0131k, korkmayaca\u011f\u0131z. Bu ucuz tehditlere de pabu\u00e7 b\u0131rakmad\u0131k, b\u0131rakmayaca\u011f\u0131z. Aln\u0131m\u0131z ak. Verilemeyecek hi\u00e7bir hesab\u0131m\u0131z yok. Bu tehditleri savuran beyefendiye de samimi \u015fekilde s\u00f6yl\u00fcyorum; tehdit savurmay\u0131 b\u0131rak. Takdir etme olgunlu\u011funa sahip de\u011filsen, hi\u00e7 de\u011filse milletin takdir edece\u011fi bir siyaset ortaya koy. Milletin k\u0131namayaca\u011f\u0131 bir siyaset \u00fcslubu kullan.&#8221;<\/p>\n<p style=\"text-align: justify;\"><strong> ESERLER\u0130M\u0130Z\u0130 G\u00d6RM\u00dcYORLAR<\/strong><\/p>\n<p style=\"text-align: justify;\">Erdo\u011fan, partisinin TBMM Grup toplant\u0131s\u0131nda yapt\u0131\u011f\u0131 konu\u015fmada, illerde toplu a\u00e7\u0131l\u0131\u015flar yapt\u0131klar\u0131n\u0131 hat\u0131rlatt\u0131. Sakarya&#8217;da bir a\u00e7\u0131l\u0131\u015f i\u00e7inde 60 k\u00f6ye yap\u0131lan \u00e7ocuk parklar\u0131n\u0131n a\u00e7\u0131l\u0131\u015flar\u0131n\u0131 ger\u00e7ekle\u015ftirdiklerini belirten Erdo\u011fan, &#8221;54 a\u00e7\u0131l\u0131\u015f derken asl\u0131nda 200 a\u00e7\u0131l\u0131\u015f\u0131 yap\u0131yoruz. 212 milyon TL&#8217;lik i\u015fi Sakarya&#8217;l\u0131lara kazand\u0131r\u0131yoruz&#8221; diye konu\u015ftu.<\/p>\n<p style=\"text-align: justify;\">\u00c7ankaya&#8217;da bir park\u0131n a\u00e7\u0131l\u0131\u015f\u0131n\u0131n, CHP Genel Ba\u015fkan\u0131, Genel Sekreteri, grup ba\u015fkanvekilleri ve milletvekillerinin tam kadro kat\u0131l\u0131m\u0131yla ger\u00e7ekle\u015ftirildi\u011fini ifade eden Erdo\u011fan, \u015f\u00f6yle konu\u015ftu:<\/p>\n<p style=\"text-align: justify;\">&#8221;Bir tek k\u00fc\u00e7\u00fck park\u0131n a\u00e7\u0131l\u0131\u015f\u0131&#8230; Bizim eserlerimize bunlar\u0131n hayalleri dahi eri\u015femez. T\u00fcrkiye&#8217;ye kazand\u0131rd\u0131\u011f\u0131m\u0131z, eserleri, hizmetleri, yat\u0131r\u0131mlar\u0131 g\u00f6rmekte zorlananlar varsa, onlara tek bir tavsiyem var; g\u00f6zl\u00fck numaralar\u0131n\u0131 de\u011fi\u015ftirsinler. Nazar etme ne olur \u00e7al\u0131\u015f senin de olur. Bunlar Meclisle Anayasa Mahkemesini aras\u0131nda mekik dokumaktan, T\u00fcrkiye&#8217;nin nas\u0131l de\u011fi\u015fti\u011fini bir t\u00fcrl\u00fc g\u00f6remediler. Anayasa Mahkemesinin yolunu su yolu haline getirdiler. Bug\u00fcn yine Anayasa Mahkemesine gidiyorlar. Bah\u00e7eye \u00e7ad\u0131r kurdular. Anadolu&#8217;dan, Trakya&#8217;dan bihaber g\u00fcnlerini g\u00fcn ettiler. Aylard\u0131r &#8216;CHP de\u011fi\u015fti&#8217; diyorlar. CHP&#8217;nin de CHP zihniyetinin de de\u011fi\u015fmedi\u011finin en son delili, yine Anayasa Mahkemesinin yolunu tutmalar\u0131d\u0131r. CHP, eski tas eski hamam. Bir yandan &#8216;yarg\u0131da i\u015f y\u00fck\u00fc fazla&#8217; derler, bir yandan yarg\u0131n\u0131n tasarrufu ile serbest b\u0131rak\u0131lan zanl\u0131lardan bizi sorumlu tutarlar. Bir yandan da yarg\u0131daki de\u011fi\u015fimi engellemeye \u00e7al\u0131\u015f\u0131r, Anayasa Mahkemesinin yolunu tutarlar. Bir yandan, siyasalla\u015fm\u0131\u015f yarg\u0131n\u0131n tarafs\u0131z hale gelmesi i\u00e7in reformlar\u0131n \u00f6n\u00fcnde dururlar, sonra da \u00e7\u0131k\u0131p her platformda yarg\u0131 siyasalla\u015f\u0131yor diye feryat ederler. Kendileri bug\u00fcne kadar yarg\u0131da kadrola\u015fmak d\u0131\u015f\u0131nda hi\u00e7bir \u015fey yapmad\u0131. Yapamazlar, bug\u00fcn de yap\u0131lmas\u0131n\u0131 istemiyorlar. Bizim reformlar\u0131m\u0131za kar\u015f\u0131 ayak diretiyorlar. CHP&#8217;deki bu kafa kar\u0131\u015f\u0131kl\u0131\u011f\u0131n\u0131n, tutars\u0131zl\u0131\u011f\u0131n, \u00e7ark etme siyasetinin bir an \u00f6nce son bulmas\u0131n\u0131 istiyoruz. Tutarl\u0131, ilkeli ne dedi\u011fi belli, siyaseti belli bir muhalefet, demokrasi ad\u0131na gereklidir. Biz de CHP&#8217;den demokrasi ad\u0131na bunu bekliyoruz.&#8221;<\/p>\n<p style=\"text-align: justify;\"><strong>MISIR&#8217;DAK\u0130 GEL\u0130\u015eMELER <\/strong><\/p>\n<p style=\"text-align: justify;\">Ba\u015fbakan Erdo\u011fan, \u00f6nce Tunus&#8217;la ba\u015flayan, ard\u0131ndan M\u0131s\u0131r&#8217;a s\u0131\u00e7rayan geli\u015fmeleri yak\u0131ndan takip ettiklerini s\u00f6yledi.<\/p>\n<p style=\"text-align: justify;\">H\u00fcsn\u00fc M\u00fcbarek&#8217;in, M\u0131s\u0131r Devlet Ba\u015fkanl\u0131\u011f\u0131ndan istifa etti\u011fini ve yeni bir d\u00f6nemin ba\u015flad\u0131\u011f\u0131n\u0131 an\u0131msatan Erdo\u011fan, M\u0131s\u0131r&#8217;da olaylar ba\u015flad\u0131\u011f\u0131 zaman samimi bir \u015fekilde hissiyatlar\u0131n\u0131 ortaya koyduklar\u0131n\u0131 ve bu k\u00fcrs\u00fcden dile getirdiklerini kaydetti. Erdo\u011fan, &#8221;Birileri susarken, birileri tepkisiz kal\u0131rken, &#8216;bekle g\u00f6r&#8217; politikas\u0131 izlerken, biz cesaretle M\u0131s\u0131r halk\u0131n\u0131n hayk\u0131r\u0131\u015flar\u0131na kar\u015f\u0131l\u0131k verilmesi gerekti\u011fini savunduk&#8221; dedi.<\/p>\n<p style=\"text-align: justify;\">M\u00fcbarek&#8217;in istifas\u0131n\u0131n ard\u0131ndan a\u00e7\u0131klama yapanlar\u0131n, asl\u0131nda mahcubiyetlerini, \u00e7ifte standartl\u0131 tav\u0131rlar\u0131n\u0131 \u00f6rtme gayreti i\u00e7inde olduklar\u0131n\u0131 ifade eden Erdo\u011fan, &#8221;Biz ise haysiyetli, onurlu, ilkeli duru\u015fumuzla M\u0131s\u0131r kar\u015f\u0131s\u0131nda mahcup de\u011fil, gururluyuz. M\u0131s\u0131r&#8217;\u0131n co\u015fkusunu, M\u0131s\u0131r&#8217;la birlikte hakl\u0131 olarak payla\u015fan bir \u00fclkeyiz&#8221; diye konu\u015ftu.<\/p>\n<p style=\"text-align: justify;\">Recep Tayyip Erdo\u011fan, baz\u0131 \u00fclkeler, Ortado\u011fu&#8217;nun, M\u0131s\u0131r&#8217;\u0131n ve \u0130slam co\u011frafyas\u0131n\u0131n demokrasiyi hak etmedi\u011fini; onlar i\u00e7in demokrasinin hen\u00fcz erken oldu\u011funu dile getirirken, T\u00fcrkiye&#8217;nin, &#8221;M\u0131s\u0131r i\u00e7in demokrasi ve \u00f6zg\u00fcrl\u00fck&#8221; demekten asla \u00e7ekinmedi\u011fini bildirdi. \u0130leri demokrasiye, hukukun \u00fcst\u00fcnl\u00fc\u011f\u00fcne, temel hak ve \u00f6zg\u00fcrl\u00fcklere inanan bir siyasi anlay\u0131\u015fa sahip olduklar\u0131n\u0131 belirten Erdo\u011fan, ilkeli ve samimi olma de\u011ferlerini her zaman ve herkes i\u00e7in istemeyi bildiklerini kaydetti.<\/p>\n<p style=\"text-align: justify;\">&#8221;Biz nas\u0131l, sand\u0131k yolu ile iktidara gelmenin faziletine inan\u0131yorsak, sand\u0131k yoluyla, halk\u0131n takdiri ile iktidar\u0131 b\u0131rakmay\u0131 da bir erdem olarak g\u00f6r\u00fcyoruz. \u0130ktidara halk getirir, iktidardan halk g\u00f6t\u00fcr\u00fcr&#8221; diyen Erdo\u011fan, kendileri i\u00e7in ne istiyorlarsa, kom\u015fular\u0131 i\u00e7in de onu isteyen bir millet olduklar\u0131n\u0131 s\u00f6yledi. Erdo\u011fan, M\u0131s\u0131r i\u00e7in istediklerini, b\u00f6lgedeki b\u00fct\u00fcn dost ve karde\u015f \u00fclkeler i\u00e7in, t\u00fcm halklar i\u00e7in de istediklerini ifade ederek, bu tavsiyelerini, g\u00f6r\u00fc\u015ft\u00fckleri b\u00fct\u00fcn liderlere samimi bir \u015fekilde ilettiklerini belirtti.<\/p>\n<p style=\"text-align: justify;\">Ba\u015fbakan Erdo\u011fan, tarihiyle, medeniyetiyle, tecr\u00fcbesiyle b\u00fcy\u00fck bir \u00fclkeye yara\u015fan neyse onu yapt\u0131klar\u0131n\u0131 s\u00f6yledi.<\/p>\n<p style=\"text-align: justify;\"><strong>&#8221;BUG\u00dcN DE AYNI DURUMDALAR&#8221; <\/strong><\/p>\n<p style=\"text-align: justify;\">Ba\u015fbakan Erdo\u011fan, M\u0131s\u0131r&#8217;da yeni bir s\u00fcre\u00e7 ba\u015flad\u0131\u011f\u0131n\u0131 ama Anamuhalefet Partisi&#8217;nin d\u00fcnyadan habersiz bir \u015fekilde, M\u0131s\u0131r&#8217;da devlet ba\u015fkan\u0131n\u0131n istifas\u0131ndan sonra &#8221;Ba\u015fbakan aceleci davrand\u0131&#8221; dedi\u011fini belirterek, \u015funlar\u0131 kaydetti:<\/p>\n<p style=\"text-align: justify;\">&#8221;\u0130\u015fte nas\u0131l Mecliste aceleleri yoksa, d\u0131\u015f politikada da aceleleri yok. On y\u0131llar boyunca T\u00fcrkiye&#8217;nin do\u011fusuna, g\u00fcneyine nas\u0131l bakt\u0131larsa bug\u00fcn de ayn\u0131 \u015fekilde bak\u0131yorlar. On y\u0131llar boyunca nas\u0131l umursamad\u0131larsa, ilgilenmedilerse bug\u00fcn de ayn\u0131 durumdalar. Daha da vahimi, on y\u0131llar boyunca Araplar\u0131, Ortado\u011fu&#8217;yu nas\u0131l k\u00fc\u00e7\u00fcmsedilerse maalesef bug\u00fcn de ayn\u0131 yerdeler. \u0130\u015fte en son&#8230; Arap han\u0131mlar\u0131n\u0131, Arap kad\u0131nlar\u0131n\u0131 tahkir edecek kadar vicdans\u0131z ve izans\u0131zlar. B\u00f6yle bir yakla\u015f\u0131m olabilir mi? Sizin, hi\u00e7bir \u00fclkenin kad\u0131n\u0131na, Yaradan&#8217;\u0131n yaratt\u0131\u011f\u0131 insanlara bu \u015fekilde yakla\u015fma hakk\u0131n\u0131z olamaz. Ondan sonra kad\u0131n haklar\u0131ndan bahsediyorsun. Sizin kad\u0131n haklar\u0131 dedi\u011finiz olay sadece bu \u00fclkenin kad\u0131nlar\u0131 i\u00e7in mi ge\u00e7erlidir? Bu \u00fclkenin d\u0131\u015f\u0131ndaki kad\u0131nlar i\u00e7in b\u00f6yle bir \u015fey ge\u00e7erli de\u011fil mi? Bunlar\u0131 anlamak m\u00fcmk\u00fcn de\u011fil. Bunlar tornadan \u00e7\u0131km\u0131\u015f han\u0131mlar, CHP zihniyeti bu. Var m\u0131 b\u00f6yle bir \u015fey ya? Biz, &#8216;Yarat\u0131lan\u0131 Yaradan&#8217;dan \u00f6t\u00fcr\u00fc seviyoruz&#8217; derken ay\u0131r\u0131m yapm\u0131yoruz.&#8221;<\/p>\n<p style=\"text-align: justify;\"><strong>&#8221;EN KISA ZAMANDA SERBEST VE \u015eEFFAF SE\u00c7\u0130MLER\u0130N YAPILMASI&#8221; <\/strong><\/p>\n<p style=\"text-align: justify;\">Erdo\u011fan, en ba\u015f\u0131ndan beri M\u0131s\u0131r&#8217;la ilgili kayg\u0131lar\u0131n\u0131 dile getirdiklerini de ifade etti.<\/p>\n<p style=\"text-align: justify;\">Karar a\u015famas\u0131nda olan M\u0131s\u0131r&#8217;da, en k\u0131sa zamanda serbest ve \u015feffaf se\u00e7imlerin yap\u0131lmas\u0131n\u0131, anayasal bir demokrasinin tesis edilmesini, kat\u0131l\u0131mc\u0131, \u00e7o\u011fulcu bir anlay\u0131\u015fla M\u0131s\u0131r&#8217;\u0131n yeni bir d\u00f6neme girmesini arzu ettiklerini belirten Erdo\u011fan, M\u0131s\u0131r&#8217;\u0131n ekonomik sorunlar\u0131n\u0131 a\u015fmas\u0131 i\u00e7in, uluslararas\u0131 don\u00f6rler toplant\u0131s\u0131 yap\u0131lmas\u0131 gerekti\u011fini her platformda vurgulad\u0131klar\u0131n\u0131 s\u00f6yledi.<\/p>\n<p style=\"text-align: justify;\">Ba\u015fbakan Erdo\u011fan, M\u0131s\u0131r&#8217;\u0131n kalk\u0131nmas\u0131na, huzur ve istikrar i\u00e7inde ayd\u0131nl\u0131k bir gelece\u011fe ilerlemesine her t\u00fcrl\u00fc katk\u0131y\u0131 sa\u011flamaya haz\u0131r olduklar\u0131n\u0131 bildirdi.<\/p>\n<p style=\"text-align: justify;\"><a href=\"http:\/\/www.gazeteport.com.tr\/SIYASET\/NEWS\/GP_853774\" target=\"_blank\"><span style=\"color: #888888;\">Kaynak : GAZETEPORT<\/span><\/a><\/p>\n","protected":false},"excerpt":{"rendered":"<p style=\"text-align: center;\">\n<p style=\"text-align: justify;\">Balyoz tutuklamalar\u0131yla ilgili olarak konu\u015fan Ba\u015fbakan Erdo\u011fan, &#8220;Yarg\u0131 s\u00fcrecinin sonucu ne olursa olsun, b\u00fct\u00fcn iddialara son verilecektir ve zihinlerde soru i\u015faretleri kalmayacakt\u0131r&#8221; dedi.<\/p>\n<p style=\"text-align: justify;\">AK Parti Genel Ba\u015fkan\u0131 ve Ba\u015fbakan Recep Tayyip Erdo\u011fan, T\u00fcrkiye&#8217;nin IMF&#8217;ye olan borcunun \u015fu an itibar\u0131yla 5,5 milyar dolara geriledi\u011fini bildirdi. <\/p>\n","protected":false},"author":1,"featured_media":0,"comment_status":"open","ping_status":"closed","sticky":false,"template":"","format":"standard","meta":{"footnotes":""},"categories":[105],"tags":[],"class_list":["post-28421","post","type-post","status-publish","format-standard","hentry","category-gundem","odd"],"_links":{"self":[{"href":"http:\/\/www.korhanyilmaz.com\/index.php?rest_route=\/wp\/v2\/posts\/28421","targetHints":{"allow":["GET"]}}],"collection":[{"href":"http:\/\/www.korhanyilmaz.com\/index.php?rest_route=\/wp\/v2\/posts"}],"about":[{"href":"http:\/\/www.korhanyilmaz.com\/index.php?rest_route=\/wp\/v2\/types\/post"}],"author":[{"embeddable":true,"href":"http:\/\/www.korhanyilmaz.com\/index.php?rest_route=\/wp\/v2\/users\/1"}],"replies":[{"embeddable":true,"href":"http:\/\/www.korhanyilmaz.com\/index.php?rest_route=%2Fwp%2Fv2%2Fcomments&post=28421"}],"version-history":[{"count":0,"href":"http:\/\/www.korhanyilmaz.com\/index.php?rest_route=\/wp\/v2\/posts\/28421\/revisions"}],"wp:attachment":[{"href":"http:\/\/www.korhanyilmaz.com\/index.php?rest_route=%2Fwp%2Fv2%2Fmedia&parent=28421"}],"wp:term":[{"taxonomy":"category","embeddable":true,"href":"http:\/\/www.korhanyilmaz.com\/index.php?rest_route=%2Fwp%2Fv2%2Fcategories&post=28421"},{"taxonomy":"post_tag","embeddable":true,"href":"http:\/\/www.korhanyilmaz.com\/index.php?rest_route=%2Fwp%2Fv2%2Ftags&post=28421"}],"curies":[{"name":"wp","href":"https:\/\/api.w.org\/{rel}","templated":true}]}}