{"id":28417,"date":"2011-02-15T14:06:22","date_gmt":"2011-02-15T12:06:22","guid":{"rendered":"http:\/\/www.korhanyilmaz.com\/?p=28417"},"modified":"2011-02-15T14:06:22","modified_gmt":"2011-02-15T12:06:22","slug":"kilicdaroglu-soner-yalcin-nicin-tutuklandi","status":"publish","type":"post","link":"http:\/\/www.korhanyilmaz.com\/?p=28417","title":{"rendered":"K\u0131l\u0131\u00e7daro\u011flu: &#8220;Soner Yal\u00e7\u0131n ni\u00e7in tutukland\u0131?&#8221;"},"content":{"rendered":"<p style=\"text-align: center;\"><a href=\"http:\/\/www.korhanyilmaz.com\/wp-content\/uploads\/2011\/02\/367.jpg\"  class=\"lightview\"><img loading=\"lazy\" decoding=\"async\" class=\"aligncenter size-full wp-image-28418\" src=\"http:\/\/www.korhanyilmaz.com\/wp-content\/uploads\/2011\/02\/367.jpg\" alt=\"\" width=\"416\" height=\"220\" \/><\/a><\/p>\n<p style=\"text-align: justify;\">CHP Genel Ba\u015fkan\u0131 Kemal K\u0131l\u0131\u00e7daro\u011flu partisinin grup toplant\u0131s\u0131nda konu\u015ftu.<\/p>\n<p style=\"text-align: justify;\">K\u0131l\u0131\u00e7daro\u011flu\u2019nun konu\u015fmas\u0131ndan sat\u0131r ba\u015flar\u0131:<\/p>\n<p style=\"text-align: justify;\"><strong>&#8220;AKLI EVVEL&#8221; \u00c7IKI\u015eI<\/strong><\/p>\n<p style=\"text-align: justify;\">&#8211; Adana&#8217;da ge\u00e7en hafta cumartesi i\u015fsizlik kader de\u011fil diye bir miting d\u00fczenledik. Hangi anketi kim yaparsa yaps\u0131n, yurtta\u015fa soruyorlar, ortak yan\u0131t i\u015fsizlik. Neden Adana&#8217;y\u0131 tercih ettik, \u00e7\u00fcnk\u00fc i\u015fsizlik en \u00e7ok orada. Her 3 gen\u00e7ten 1&#8217;i i\u015fsiz. Onlarca fabrikan\u0131n kap\u0131s\u0131na anahtar tak\u0131lm\u0131\u015f. Miting alan\u0131nda bile pek \u00e7ok ki\u015fi ka\u011f\u0131t tutu\u015fturuyor \u00e7ocuklar\u0131ma i\u015f bul diye. T\u00fcrkiye&#8217;nin g\u00fcndemi bu, vatanda\u015f\u0131n g\u00fcndemi bu. Bu g\u00fcndeme ili\u015fkin olarak iktidar 3 maymunu oynuyor, g\u00f6rm\u00fcyorum, duymuyorum, konu\u015fmuyorum. <!--more--><\/p>\n<p style=\"text-align: justify;\">&#8211; Hangi akl\u0131 evvel \u00e7\u0131k\u0131p da AKP \u00fclkeyi \u00e7ok iyi y\u00f6netiyor, ekonomiyi iyi g\u00f6t\u00fcr\u00fcyor diyor. \u0130\u015fsizli\u011fin sel gibi akt\u0131\u011f\u0131 bir ekonomi olur mu? Beyefendiler ekonomiyi \u00e7ok iyi g\u00f6t\u00fcr\u00fcyorlar. \u00c7ukurova berektli bir b\u00f6lge, ama AKP bereketsiz bir parti, bundan a\u00e7l\u0131k, i\u015fsizlik&#8230;<\/p>\n<p style=\"text-align: justify;\"><strong>&#8220;BU KADAR DA OLMAZ SAYIN CUMHURBA\u015eKANI&#8221;<\/strong><\/p>\n<p style=\"text-align: justify;\">&#8211; Davran\u0131\u015f\u0131na bu kadar da olmaz dedi\u011fimiz ki\u015fi Say\u0131n Cumhurba\u015fkan\u0131. Tasar\u0131 geldi, imzalad\u0131. Noter bile \u00f6n\u00fcne gelene bakar hata var m\u0131 yok mu diye. \u0130nsaf diye bir \u015fey var. Dan\u0131\u015fmanlar\u0131 iyi rapor vermi\u015f. Cumhurba\u015fkan\u0131 uzla\u015fma k\u00fclt\u00fcr\u00fcn\u00fcn geli\u015fmesine katk\u0131da bulunacak. Taraflar\u0131 dinleyecek, \u00e7a\u011f\u0131r\u0131p Ba\u015fbakana ni\u00e7in bu acele, \u015fu Yarg\u0131tay\u2019\u0131 Dan\u0131\u015ftay\u2019\u0131 dinleseydiniz demesi gerekmez miydi?<\/p>\n<p style=\"text-align: justify;\">&#8211; Ger\u00e7i herkes imzalayaca\u011f\u0131n\u0131 biliyordu. Diyet borcunu \u00f6deyenlerin zaten yapaca\u011f\u0131 ba\u015fka bir \u015fey yoktur. Demokrasiyi demokrasi yapan kurumlar\u0131d\u0131r. \u00d6rnek verece\u011fim. E\u011fer se\u00e7im demokrasiyi demokrasi yapsayd\u0131, en ileri se\u00e7im demokrasisi demokrasi olsayd\u0131, M\u0131s\u0131r olurdu. M\u00fcbarek y\u00fczde 87 ile gelmi\u015fti. Hitler&#8217;in \u00fclkesi olurdu. Yasama yarg\u0131 y\u00fcr\u00fctme ve medya g\u00f6revini yap\u0131yor demektir. Bizde g\u00f6revini yapan y\u00fcr\u00fctme var, yasama y\u00fcr\u00fctmenin emrinde.<\/p>\n<p style=\"text-align: justify;\">&#8211; Ba\u015fkan usulen ba\u015fkan. Ne demek bu? \u0130\u015fini yap yoksa seni oradan al\u0131r\u0131m demektir. A\u00e7\u0131k\u00e7a tehdittir. Bu tehdidi Meclis ba\u015fkanlar\u0131 yuttular. Konu\u015furlarsa oradan olacaklar. Yarg\u0131 neydi tarafs\u0131zd\u0131. Art\u0131k yarg\u0131 ba\u011f\u0131ml\u0131 ve tarafl\u0131yd\u0131. Hakim benim istemedi\u011fim karar m\u0131 verecek. De\u011fi\u015ftirin bunu. Bu mudur demokrasi. Ve medya, konu\u015famayan yazamayan medya. Hangi demokrasiden bahsediyoruz. \u0130ntihar eden vatanda\u015f\u0131 8 s\u00fct\u00fcn olarak haber yapan medya. Bask\u0131lara direnemeyen, korkmadan aya\u011fa kalkamayan medya. Alman rahibin dedi\u011fi gibi: \u201cS\u0131rayla g\u00f6t\u00fcrd\u00fcler, sesimi \u00e7\u0131karamad\u0131m. S\u0131ra bana geldi\u011finde, sesini \u00e7\u0131karacak adam yoktu.\u201d<\/p>\n<p style=\"text-align: justify;\">&#8211; Korkmayaca\u011f\u0131z, birlik olaca\u011f\u0131z, ge\u00e7mi\u015fte hangi partiye oy vermi\u015f olursa olsun, b\u00fct\u00fcn vatanseverleri g\u00f6rev ba\u015f\u0131na \u00e7a\u011f\u0131r\u0131yoruz.<\/p>\n<p style=\"text-align: justify;\"><strong>&#8220;BASKIYI YARGI ARACILI\u011eIYLA UYGULAYACAKLAR&#8221;<\/strong><\/p>\n<p style=\"text-align: justify;\">&#8211; Haber yazan\u0131 i\u015finden at diyorsun, at\u0131yorlar. Adam trompet\u00e7i, bir konsere gidecek. Adam\u0131 i\u00e7eri al\u0131yorlar, neymi\u015f Ba\u015fbakan\u0131 protesto edecekmi\u015f. Eski\u015fehir&#8217;de geziyorlarm\u0131\u015f kald\u0131r\u0131mda, protesto edecekler diye toplay\u0131p i\u00e7eri al\u0131yorlar. Bunun ad\u0131 ileri demokrasi oluyor. Daha benzer pek \u00e7ok olay var. Hepimiz biliyoruz, bilmemiz yetmiyor, bilmeyenlere anlatmam\u0131z laz\u0131m. Her bireyin \u00f6zg\u00fcrl\u00fck hakk\u0131 oldu\u011funu s\u00f6ylememiz laz\u0131m. \u00d6zg\u00fcrl\u00fck \u00f6n\u00fcm\u00fczdeki aylarda en \u00e7ok telaffuz edece\u011fimiz laf olacak. Her t\u00fcrl\u00fc bask\u0131y\u0131 kurarak. Bask\u0131y\u0131 yarg\u0131 arac\u0131l\u0131\u011f\u0131yla uygulayacaklar.<\/p>\n<p style=\"text-align: justify;\">&#8211; Hukuk herkes i\u00e7indir. Hukukun makam\u0131 olmaz. Hukuk insan i\u00e7indir. Ba\u015fbakan\u0131n kafas\u0131nda b\u00f6yle bir alg\u0131 yok. Ona g\u00f6re Ba\u015fbakan tart\u0131\u015f\u0131lamaz, hakk\u0131nda dava bile a\u00e7\u0131lamaz, ba\u015fbakan ele\u015ftirilemez. \u00d6yle al\u0131\u015fm\u0131\u015f, \u00f6yle al\u0131\u015ft\u0131r\u0131lm\u0131\u015f. B\u00f6yle olunca ne oluyor. 8 Ocak 2008 Say\u0131n ba\u015fbakan AKP grubunda toplant\u0131 yap\u0131yor. \u015eahs\u0131mla alakal\u0131 dava a\u00e7\u0131ld\u0131 diyor, d\u00fc\u015f\u00fcnebiliyor musunuz diyor.<\/p>\n<p style=\"text-align: justify;\"><strong>&#8220;\u0130NSAN HAKLARI NEREDE, SEN NEREDE&#8221;<\/strong><\/p>\n<p style=\"text-align: justify;\">&#8211; \u0130nsan haklar\u0131 nerede sen nerede. Sen sayg\u0131l\u0131 olsayd\u0131n, yasad\u0131\u015f\u0131 telefon dinlemelerinden medet umup bunlar yasad\u0131\u015f\u0131d\u0131r bunlar\u0131 kullanmazd\u0131n. Ba\u015fkalar\u0131 senin konu\u015fmalar\u0131n\u0131 yay\u0131nlay\u0131nca onlar\u0131 do\u011fruca Silivri&#8217;ye g\u00f6nderiyorsun.<\/p>\n<p style=\"text-align: justify;\">&#8211; \u0130nsanlar darbe planlar\u0131 yap\u0131yorlarm\u0131\u015f. Hangi anlay\u0131\u015fla bir darbe. Kimse su\u00e7luyu korumuyor. Ama sen ayn\u0131 olay dolay\u0131s\u0131yla yan yana bile gelmemi\u015f insanlar\u0131 ayn\u0131 potaya koyup nas\u0131l bask\u0131 uygular\u0131z d\u00fc\u015f\u00fcn\u00fcyorsun.<\/p>\n<p style=\"text-align: justify;\">&#8211; Senin vekilin bu dosyay\u0131 inceliyor. Sen ne yapt\u0131n. Senin bakan\u0131n Erzurum\u2019a, Erzincan\u2019a telefon edip tutuklad\u0131klar\u0131n\u0131z\u0131 serbest b\u0131rak\u0131n diye. Onlar\u0131n her \u015feye haklar\u0131 var. Biz ele\u015ftirdik mi yarg\u0131ya m\u00fcdahale edilir mi diyorlar. Sen bir s\u00fcr\u00fc hukuksuz i\u015f yapacaks\u0131n. Alt\u0131na imzan\u0131 atacaks\u0131n ve bunun ad\u0131na ileri demokrasi diyeceksin.<\/p>\n<p style=\"text-align: justify;\"><strong>&#8220;K\u0130M\u0130N \u0130\u00c7\u0130N &#8216;SEHVEN&#8217; YAPACAKLARDI? ASIL SORU BU&#8221;<\/strong><\/p>\n<p style=\"text-align: justify;\">&#8211; Birdenbire 100 kadar ki\u015fiyi tutuklama karar\u0131 verdiniz. Tutuklanacak ki\u015finin avukat\u0131na s\u00f6z verilmiyor. Ben re&#8217;sen tutuklad\u0131m diyor. B\u00f6yle bir anlay\u0131\u015f olabilir mi? Ve adam yurtd\u0131\u015f\u0131nda hakk\u0131nda karar var, gelip buyurun ben geldim diyor. E\u011fer delilleri karartacak, yok edeceklerse hay\u0131r. Peki yar\u0131n bunlar beraat etti, belgelerin b\u00fcy\u00fck k\u0131sm\u0131n\u0131n sahte oldu\u011funu hepimiz biliyoruz. Te\u011fmen karde\u015fimiz vard\u0131 ya, efendim biz ba\u015fka gerek\u00e7eyle, sehven yapt\u0131k diyoruz bu i\u015fi. As\u0131l kimin i\u00e7in yapacaklard\u0131? Sorulmas\u0131 gereken soru bu. Demek ki ba\u015fka birine niyetlendiniz, oraya d\u00fc\u015ft\u00fc. Ne kadar zamana yayarlarsa yays\u0131nlar biz takip\u00e7isi olaca\u011f\u0131z.<\/p>\n<p style=\"text-align: justify;\"><strong>&#8220;SONER YAL\u00c7IN N\u0130\u00c7\u0130N TUTUKLANDI&#8230;&#8221;<\/strong><\/p>\n<p style=\"text-align: justify;\">&#8211; D\u00fcn ilgin\u00e7 bir geli\u015fme oldu. OdaTV denen internet ve ba\u015f\u0131nda Soner Yal\u00e7\u0131n ve arkada\u015flar\u0131 var. Pazarlar\u0131 ben de Soner Yal\u00e7\u0131n&#8217;\u0131n tarihi g\u00fcncelle\u015ftiren yaz\u0131lar\u0131n\u0131 b\u00fcy\u00fck dikkatle okurum. \u00c7al\u0131\u015f\u0131r \u00fcretir besleme de\u011fil. \u0130nternet sitesi de \u00f6yle. Gazeteler bazen oradan al\u0131nt\u0131 yap\u0131yor. Siteye 3 video koydu. Zir vadisinde bulunan malzemelerle ilgili.<\/p>\n<p style=\"text-align: justify;\">&#8211; Ertesi g\u00fcn Ergenekon \u00e7etesine \u00fcye olmaktan g\u00f6zalt\u0131na al\u0131nd\u0131lar. \u201cBiz yeni bir TV kuracakt\u0131k, onu kurdurtmamak i\u00e7in bunu yapt\u0131lar\u201d diyor. Biz sat\u0131lmad\u0131k sonuna kadar direnece\u011fiz diyor.<\/p>\n<p style=\"text-align: justify;\">&#8211; Hortumcu ya da yanda\u015f olsayd\u0131 s\u0131rt\u0131 s\u0131vazlan\u0131rd\u0131. Siz bask\u0131 kurarak onu susturaca\u011f\u0131n\u0131z\u0131 san\u0131yorsan\u0131z yan\u0131ld\u0131n\u0131z. Bizim de her t\u00fcrl\u00fc deste\u011fimiz onun arkas\u0131nda olacak. Efendim Ergenekon ter\u00f6r \u00f6rg\u00fct\u00fcne \u00fcye olmak. 3 y\u0131ld\u0131r, nerede bu \u00f6rg\u00fct. Gidece\u011fim \u00fcye olaca\u011f\u0131m. Bunlar i\u00e7in hukuk diye bir olay yok. \u0130stedi\u011fimi tutuklar, istedi\u011fim yarg\u0131ca d\u00fc\u015f\u00fcr\u00fcr\u00fcm. Gerekirse yarg\u0131c\u0131 de\u011fi\u015ftiririm. istedi\u011fimi g\u00f6zalt\u0131na ald\u0131r\u0131r\u0131m. Bizim kayg\u0131m\u0131z bundan. Hukuk ba\u011f\u0131ms\u0131z ve tarafs\u0131z olmal\u0131. Say\u0131n Cumhurba\u015fkan\u0131 \u00e7ok duyarl\u0131, \u00f6yle s\u00f6yl\u00fcyor. \u0130\u00e7eridekiler sal\u0131verilmesin, o y\u00fczden derhal imzalad\u0131m.<\/p>\n<p style=\"text-align: justify;\">&#8211; Say\u0131n Ba\u015fbakan\u2019a sesleniyorum, yarg\u0131n\u0131 medyan\u0131 kurdun. Yasama organ\u0131 zaten elinde, i\u015f d\u00fcnyas\u0131n\u0131 kendine uydurdun. bizim dokunulmazl\u0131\u011f\u0131m\u0131z\u0131 kald\u0131r.<\/p>\n<p style=\"text-align: justify;\">Demokrasinin bu kadar kirlendi\u011fi bir ortamda hi\u00e7bir CHP milletvekili dokunulmazl\u0131k z\u0131rh\u0131na b\u00fcr\u00fcnmek istemiyor. Senin savc\u0131lar\u0131n yarg\u0131\u00e7lar\u0131n bize uydurma su\u00e7 \u00fcretebilir, tutuklayabilirler. Senin dokunulmazl\u0131\u011f\u0131n kals\u0131n. Biz bu \u00fclkeye demokrasi ve \u00f6zg\u00fcrl\u00fc\u011f\u00fc getirmek i\u00e7in her t\u00fcrl\u00fc bedeli \u00f6demeye haz\u0131r\u0131z.<\/p>\n<p style=\"text-align: justify;\">&#8211; Gazeteleri, televizyoncular\u0131 susturacaks\u0131n. K\u00f6\u015fe yazarlar\u0131 kendilerine otosans\u00fcr uygulayacak. Biz bunlar\u0131 sindiremiyoruz.<\/p>\n<p style=\"text-align: justify;\">&#8211; Ba\u015fbakan gitmi\u015f, bizim siyasetimizde korku, korkutmak yok demi\u015f. Yani arkada\u015flar bir olay bu kadar \u00e7arp\u0131t\u0131l\u0131r. Bunlar ne diyorsa bunun tersi oluyor. Ad\u0131 ne ileri demokrasi. Kimsenin konu\u015fmad\u0131\u011f\u0131, barolar\u0131n konu\u015fturulmad\u0131\u011f\u0131 yere ileri demokrasi diyoruz. Parmak hesab\u0131yla muhalefetin 5 dakikadan fazla konu\u015famas\u0131n istedi\u011fin yere ileri demokrasi diyorlar.<\/p>\n<p style=\"text-align: justify;\"><strong>&#8220;DAVASINA BAKTIM AMA PARA ALMADIM, DEMEK K\u0130 G\u00d6N\u00dcL BA\u011eI VAR&#8221;<\/strong><\/p>\n<p style=\"text-align: justify;\">&#8211; Diyorlar ki biz pislikleri temizliyoruz. O d\u00f6nemde bakanl\u0131k yapanlar \u015fu an senin kabinende bakan de\u011fil mi? Temizlemedi\u011fin gibi yeni pislikler ekliyorsun. \u00d6zg\u00fcrl\u00fck ay\u0131b\u0131n\u0131 getiriyorsun. Adalet Komisyonu Ba\u015fkan\u0131 diyor ki, davas\u0131na bakt\u0131m ama para almad\u0131m. Demek ki g\u00f6n\u00fcl birli\u011fi var. Para almad\u0131 ama bir \u015fey ald\u0131. Tabanca ald\u0131 m\u0131 almad\u0131. bir darbeci ne verir, tabanca verir. Peki ne ald\u0131\u011f\u0131 kar\u015f\u0131l\u0131\u011f\u0131nda merak ediyorum.<\/p>\n<p style=\"text-align: justify;\">&#8211; Elbistan&#8217;da i\u015f\u00e7i arkada\u015flar\u0131m\u0131z hayat\u0131n\u0131 kaybetti. Enerji bakan\u0131na demi\u015fler, g\u00f6\u00e7\u00fckte kalan yak\u0131n\u0131n\u0131 istemi\u015fler. O yurtta\u015flar\u0131m\u0131z\u0131n cesetleri demek ki y\u0131llarca o topra\u011f\u0131n alt\u0131nda kalacak.<\/p>\n<p style=\"text-align: justify;\">&#8211; Say\u0131n Ba\u015fbakan konu\u015furken Tunus, Filistin, M\u0131s\u0131r&#8217;\u0131n derdi bizim derdimiz diyor. Ne g\u00fczel! Yap\u0131lan tecav\u00fczler varken niye \u00e7\u0131k\u0131p dertlenmedin. Niye dertlenmedin ABD&#8217;li askerler m\u00fcsl\u00fcman kad\u0131nlara tecav\u00fcz ederken, \u00e7\u0131k\u0131p Amerikal\u0131 askerlere ba\u015far\u0131lar diledin. \u0130nsanlar \u00e7ocuklar \u00f6ld\u00fcr\u00fcld\u00fc orada. \u015eimdi kalm\u0131\u015f y\u00fcksek perdeden at\u0131yorsun. San\u0131yor ki biz bunlar\u0131 g\u00f6rmeyece\u011fiz. Seni, g\u00f6lgenden daha yak\u0131n takip ediyoruz biz, hi\u00e7 merak etme sen.<\/p>\n<p style=\"text-align: justify;\">&#8211; Bu \u00fclkenin imkanlar\u0131n\u0131 bilen insanlar\u0131z. Ba\u015fbakan bilmez. Kaynak niye biziz. Hortumlar\u0131 biz kesece\u011fiz, sen hortumlar\u0131 yanda\u015flar\u0131na ba\u011flad\u0131n. Sen hortumlar\u0131 kesemezsin, hortumdan besleniyorsun sen. Onun i\u00e7in her yerde her ortamda izleyece\u011fiz. S\u00f6z\u00fcm var, bunlar\u0131n maskesini indiriyorum.<\/p>\n<p style=\"text-align: justify;\">&#8211; D\u00fcn g\u00fczel bir \u015fey daha oldu. Sevgililer g\u00fcn\u00fcyd\u00fc. B\u00fct\u00fcn sevgililerin g\u00fcn\u00fcn\u00fc kutluyorum. Ve d\u00fcn Hz Muhammed&#8217;in do\u011fum g\u00fcn\u00fcyd\u00fc. O da bizim sevgilimiz, insanl\u0131\u011fa bir g\u00fcne\u015f gibi do\u011fdu. O g\u00fcne\u015f bizi \u0131s\u0131tmaya devam edecek. O&#8217;nu da yad ediyoruz.<\/p>\n<p style=\"text-align: justify;\"><a href=\"http:\/\/www.gazeteport.com.tr\/SIYASET\/NEWS\/GP_853851\" target=\"_blank\"><span style=\"color: #888888;\">Kaynak : GAZETEPORT<\/span><\/a><\/p>\n","protected":false},"excerpt":{"rendered":"<p style=\"text-align: center;\">\n<p style=\"text-align: justify;\">CHP Genel Ba\u015fkan\u0131 Kemal K\u0131l\u0131\u00e7daro\u011flu partisinin grup toplant\u0131s\u0131nda konu\u015ftu.<\/p>\n<p style=\"text-align: justify;\">K\u0131l\u0131\u00e7daro\u011flu\u2019nun konu\u015fmas\u0131ndan sat\u0131r ba\u015flar\u0131:<\/p>\n<p style=\"text-align: justify;\">&#8220;AKLI EVVEL&#8221; \u00c7IKI\u015eI<\/p>\n<p style=\"text-align: justify;\">&#8211; Adana&#8217;da ge\u00e7en hafta cumartesi i\u015fsizlik kader de\u011fil diye bir miting d\u00fczenledik. Hangi anketi kim yaparsa yaps\u0131n, yurtta\u015fa soruyorlar, ortak yan\u0131t i\u015fsizlik. Neden Adana&#8217;y\u0131 tercih ettik, \u00e7\u00fcnk\u00fc i\u015fsizlik <\/p>\n","protected":false},"author":1,"featured_media":0,"comment_status":"open","ping_status":"closed","sticky":false,"template":"","format":"standard","meta":{"footnotes":""},"categories":[105],"tags":[],"class_list":["post-28417","post","type-post","status-publish","format-standard","hentry","category-gundem","odd"],"_links":{"self":[{"href":"http:\/\/www.korhanyilmaz.com\/index.php?rest_route=\/wp\/v2\/posts\/28417","targetHints":{"allow":["GET"]}}],"collection":[{"href":"http:\/\/www.korhanyilmaz.com\/index.php?rest_route=\/wp\/v2\/posts"}],"about":[{"href":"http:\/\/www.korhanyilmaz.com\/index.php?rest_route=\/wp\/v2\/types\/post"}],"author":[{"embeddable":true,"href":"http:\/\/www.korhanyilmaz.com\/index.php?rest_route=\/wp\/v2\/users\/1"}],"replies":[{"embeddable":true,"href":"http:\/\/www.korhanyilmaz.com\/index.php?rest_route=%2Fwp%2Fv2%2Fcomments&post=28417"}],"version-history":[{"count":0,"href":"http:\/\/www.korhanyilmaz.com\/index.php?rest_route=\/wp\/v2\/posts\/28417\/revisions"}],"wp:attachment":[{"href":"http:\/\/www.korhanyilmaz.com\/index.php?rest_route=%2Fwp%2Fv2%2Fmedia&parent=28417"}],"wp:term":[{"taxonomy":"category","embeddable":true,"href":"http:\/\/www.korhanyilmaz.com\/index.php?rest_route=%2Fwp%2Fv2%2Fcategories&post=28417"},{"taxonomy":"post_tag","embeddable":true,"href":"http:\/\/www.korhanyilmaz.com\/index.php?rest_route=%2Fwp%2Fv2%2Ftags&post=28417"}],"curies":[{"name":"wp","href":"https:\/\/api.w.org\/{rel}","templated":true}]}}