{"id":28409,"date":"2011-02-15T14:45:18","date_gmt":"2011-02-15T12:45:18","guid":{"rendered":"http:\/\/www.korhanyilmaz.com\/?p=28409"},"modified":"2011-02-15T14:45:18","modified_gmt":"2011-02-15T12:45:18","slug":"basin-aciklamasi-hukuka-ve-ulkeye-balyoz","status":"publish","type":"post","link":"http:\/\/www.korhanyilmaz.com\/?p=28409","title":{"rendered":"\u0130stanbul Barosu: Art\u0131k hi\u00e7kimse g\u00fcvende de\u011fil"},"content":{"rendered":"<p style=\"text-align: center;\"><a href=\"http:\/\/www.korhanyilmaz.com\/wp-content\/uploads\/2011\/02\/366.jpg\"  class=\"lightview\"><img loading=\"lazy\" decoding=\"async\" class=\"aligncenter size-full wp-image-28415\" src=\"http:\/\/www.korhanyilmaz.com\/wp-content\/uploads\/2011\/02\/366.jpg\" alt=\"\" width=\"414\" height=\"220\" \/><\/a><\/p>\n<p>\u0130stanbul Barosu son g\u00fcnlerdeki geli\u015fmeler Balyoz tutuklamalar\u0131 ve Odatv bask\u0131n\u0131yla ilgili a\u00e7\u0131klamada bulundu.<\/p>\n<p>\u0130STANBUL- \u0130stanbul Barosu&#8217;nden yap\u0131lan &#8220;Hukuka ve \u00dclkeye Balyoz&#8221; ba\u015fl\u0131\u011f\u0131yla yap\u0131lan yaz\u0131l\u0131 a\u00e7\u0131klamada \u015f\u00f6yle denildi:<\/p>\n<p style=\"text-align: justify;\">11.02.2011 tarihinde \u00f6zel g\u00f6revli ve yetkili \u0130stanbul 10. A\u011f\u0131r Ceza Mahkemesince kamuoyunda &#8220;Balyoz Davas\u0131&#8221; olarak bilinen davada verilen tutuklama kararlar\u0131 ile 14.02.2011 tarihinde Odatv&#8217;ye ve baz\u0131 yazarlar\u0131na kar\u015f\u0131 ba\u015flat\u0131lan arama ve g\u00f6zalt\u0131 uygulamalar\u0131yla ortaya \u00e7\u0131kan tablo, art\u0131k hi\u00e7 kimsenin hukuk g\u00fcvenli\u011finin kalmad\u0131\u011f\u0131n\u0131 ortaya koyan keyfili\u011fi yans\u0131tmaktad\u0131r. Bu a\u015famaya gelinceye kadar ge\u00e7en s\u00fcre\u00e7, t\u00fcm bu uygulamalar\u0131n planl\u0131 bir \u015fekilde y\u00fcr\u00fct\u00fcld\u00fc\u011f\u00fcn\u00fc ortaya koymaktad\u0131r.Ger\u00e7ekten: <!--more--><\/p>\n<p style=\"text-align: justify;\"><strong>1)<\/strong> Bu s\u00fcrecin ba\u015flang\u0131c\u0131nda yasama ve y\u00fcr\u00fctmenin i\u015flemlerinin T\u00fcrk Ulusu ad\u0131na denetlemekle g\u00f6revli yarg\u0131 &#8220;pranga&#8221; olarak nitelenmi\u015f ve baz\u0131 medya kesimlerince de hedef haline getirilerek yarg\u0131n\u0131n ele ge\u00e7irilmesinin fikri altyap\u0131s\u0131 haz\u0131rlanm\u0131\u015ft\u0131r.<\/p>\n<p style=\"text-align: justify;\"><strong>2) <\/strong>Anayasa de\u011fi\u015fiklikleri ile ilk a\u015fama tamamlanarak yeni HSYK adeta Adalet Bakanl\u0131\u011f\u0131&#8217;n\u0131n bir &#8221; birimi&#8221; haline getirilmi\u015ftir. Ne yaz\u0131k ki HSYK t\u00fcm ku\u015fkular\u0131 do\u011frularcas\u0131na derhal Silivri de g\u00f6r\u00fclmekte olan davalarda tutuklama kararlar\u0131n\u0131 kald\u0131ran veya tahliye kararlar\u0131 veren h\u00e2kimleri g\u00f6revlerinden alarak ba\u015fka yerlere atam\u0131\u015f ve siyasi iktidar\u0131n ho\u015funa gitmeyen kararlar\u0131 veren h\u00e2kimler de g\u00f6revlerinden al\u0131nm\u0131\u015ft\u0131r. B\u00f6ylelikle yarg\u0131 camias\u0131na gerekli mesaj verilmi\u015ftir. Ard\u0131ndan i\u015f y\u00fck\u00fc gerek\u00e7e g\u00f6sterilerek Yarg\u0131tay ve Dan\u0131\u015ftay&#8217;\u0131n yap\u0131s\u0131 de\u011fi\u015ftirilmi\u015f ve y\u00fcr\u00fctmeye ba\u011fl\u0131 bir yarg\u0131 sistemi olu\u015fturulmu\u015ftur. Yine ayn\u0131 de\u011fi\u015fiklikle, h\u00e2kim ve savc\u0131lar\u0131n hukuka ayk\u0131r\u0131 i\u015flem ve kararlar\u0131na kar\u015f\u0131 tazminat yolu kapat\u0131larak hukuka ayk\u0131r\u0131 i\u015flemler yapanlar cesaretlendirilmi\u015ftir. Son olarak da toplu tutuklama kararlar\u0131 gelmi\u015ftir.<\/p>\n<p style=\"text-align: justify;\"><strong>3)<\/strong> Demokratik bir hukuk devletinde kimse sorumsuz de\u011fildir. Olamaz. Bu a\u00e7\u0131dan makul bir iddia ve isnada dayal\u0131 olarak herkes elbette ki yarg\u0131lanacakt\u0131r. Bununla birlikte tutuklama istisnai olarak ba\u015fvurulmas\u0131 gereken bir yarg\u0131lama \u00f6nlemi olup, bir ceza yarg\u0131lamas\u0131n\u0131n olmazsa olmaz bir par\u00e7as\u0131 da de\u011fildir. Aslolan tutuksuz yarg\u0131lanma oldu\u011fu gibi tutuklamada zorunluluk ve somut gerek\u00e7e bulunmas\u0131 \u015fartt\u0131r. Tutuklama, savc\u0131 ve h\u00e2kimlere verilmi\u015f, i\u00e7eri\u011fini istedikleri gibi doldurup kullanacaklar\u0131 bir a\u00e7\u0131k \u00e7ek de\u011fildir.<\/p>\n<p style=\"text-align: justify;\"><strong>4)<\/strong> Tutuklamalar\u0131n G\u00f6lc\u00fck&#8217;te bulundu\u011fu belirtilen &#8220;yeni&#8221; delillere dayand\u0131r\u0131ld\u0131\u011f\u0131 g\u00f6r\u00fclmekledir. Daha \u00f6nce tutuklu bir te\u011fmenin telefonuna, &#8220;sehven&#8221; y\u00fcklendi\u011fi ortaya \u00e7\u0131kan ve Emniyet\u00e7e ikrar edilen bir ortamda G\u00f6lc\u00fck&#8217;te bulunan delillerin \u00fcretilmi\u015f bir delil olup olmad\u0131\u011f\u0131 ciddi ku\u015fkusu ortada iken, tutuklama i\u00e7in kuvvetli su\u00e7 \u015f\u00fcphesinin bulundu\u011funu ileri s\u00fcrmek ve &#8220;ka\u00e7ma&#8221; ya da &#8220;delilleri karartma&#8221; \u015f\u00fcphesini g\u00f6steren somut olgular\u0131n varl\u0131\u011f\u0131 ve bunun somut gerek\u00e7elerine dayanmak inand\u0131r\u0131c\u0131 de\u011fildir. T\u00fcm belgelerin topland\u0131\u011f\u0131, san\u0131klar\u0131n duru\u015fmalara geldi\u011fi bir ortamda tutuklama gerek\u00e7elerinin tutars\u0131zl\u0131\u011f\u0131 kendini a\u00e7\u0131k\u00e7a ortaya koymaktad\u0131r. Hukuka uygun olmayan, somut gerek\u00e7elere dayanmayan kamu vicdan\u0131n\u0131 tatmin etmeyen tutuklamalar, tutuklama olmaktan \u00e7\u0131k\u0131p, tutuklular\u0131 tutsak alma haline d\u00f6n\u00fc\u015ft\u00fcrmekte, t\u00fcm toplum yarat\u0131lan bu korku ve kayg\u0131 ortam\u0131 ile esir al\u0131nmaktad\u0131r. \u00dclkede tam bir g\u00f6zalt\u0131 ve tutuklama ter\u00f6r\u00fc estirilerek korku toplumu yarat\u0131lmaktad\u0131r.<\/p>\n<p style=\"text-align: justify;\"><strong>5)<\/strong> Bu ya\u015fananlar\u0131n yan\u0131 s\u0131ra an\u0131lan davadaki belgelerin \u00e7eli\u015fkilerini ortaya koyan ele\u015ftirel yay\u0131nlar\u0131 ile bilinen Odatv&#8217;ye kar\u015f\u0131 ger\u00e7ekle\u015ftirilen arama ve g\u00f6zalt\u0131 kararlar\u0131 ve uygulamalar\u0131 da bu geli\u015fmeler \u0131\u015f\u0131\u011f\u0131nda bir tesad\u00fcf olarak g\u00f6r\u00fclemez. Bu yolla muhalif ki\u015fi ve kurumlar b\u00fcy\u00fck bir bask\u0131 alt\u0131na al\u0131nmaktad\u0131r. Esasen gerek yarg\u0131ya, gerekse medya ve ki\u015filere, baz\u0131 askerlere kar\u015f\u0131 yap\u0131lan uygulamalar\u0131n as\u0131l muhatab\u0131, toplumun kendisidir. B\u00f6ylelikle di\u011fer ki\u015filere, topluma gerekti\u011finde bu hukuk d\u0131\u015f\u0131 yollara da ba\u015fvurulabilece\u011fi mesaj\u0131 verilmekte, bu \u015fekilde \u00fcrkek ve suskun bir toplum yarat\u0131lmaya \u00e7al\u0131\u015f\u0131lmaklad\u0131r.<\/p>\n<p style=\"text-align: justify;\"><strong>6)<\/strong> \u015e\u00fcpheli ve san\u0131klarla ilgili &#8220;sehven&#8221; delil yarat\u0131labildi\u011fi, gerek\u00e7e g\u00f6sterilmeksizin arama, g\u00f6zalt\u0131 ve tutuklama kararlar\u0131 verilebildi\u011fi, yarg\u0131 ba\u011f\u0131ms\u0131zl\u0131\u011f\u0131 yok edilerek hukuksuzluklara kar\u015f\u0131 gidilebilecek ger\u00e7ek anlamda bir itiraz mercii b\u0131rak\u0131lmad\u0131\u011f\u0131 bir ortamda kimsenin hukuk g\u00fcvenli\u011fi kalmam\u0131\u015ft\u0131r. Bunun ad\u0131 ise hukuk devleti ve demokrasi olamaz. Bunun ad\u0131 polis devleti ve sivil diktad\u0131r. En tehlikelisi ise t\u00fcm bu hukuksuzluklar\u0131n esasen art\u0131k ba\u011f\u0131ms\u0131z ve teminatl\u0131 olmayan, g\u00f6r\u00fcn\u00fcrde \u015fekli bir yarg\u0131 ve amaca uygun mahkemeler eliyle me\u015frula\u015ft\u0131r\u0131lmaya \u00e7al\u0131\u015f\u0131lmas\u0131d\u0131r. Bu durumda hukuken yap\u0131lacak bir \u015fey kalmamaktad\u0131r. Yarg\u0131n\u0131n ba\u011f\u0131ms\u0131z ve teminatl\u0131 olmad\u0131\u011f\u0131 b\u00f6yle bir ortamda t\u00fcm bu yarg\u0131lamalarda siyasi iktidar ba\u015frolde olmakta, savunma ise fig\u00fcran haline getirilmektedir. Ger\u00e7ekten savunmalar\u0131 \u00f6nyarg\u0131s\u0131z bir bi\u00e7imde dinleyecek ve de\u011ferlendirecek, gerekti\u011finde savunman\u0131n taleplerine uygun kararlar verebilecek bir yarg\u0131 bulunmad\u0131\u011f\u0131nda, savunma yapman\u0131n da bir anlam\u0131 ve \u00f6nemi kalmamaktad\u0131r. Ne ac\u0131d\u0131r ki bu ortamda seslerini y\u00fckseltmesi gereken t\u00fcm kurumlar suskunlu\u011fa g\u00f6m\u00fclm\u00fc\u015flerdir. Ya\u015fanan hukuksuzluklara suskun kalanlar\u0131n, &#8220;yetmez ama evet&#8221; diyenlerin bu geli\u015fmelerde tarihsel sorumlulu\u011fu bulunmaktad\u0131r. Tarih bu geli\u015fmelerle ilgili olarak ki\u015filer ve kurumlar hakk\u0131nda elbette yarg\u0131s\u0131n\u0131 verecektir.<\/p>\n<p style=\"text-align: justify;\"><strong>7)<\/strong> <span style=\"text-decoration: underline;\">T\u00fcrkiye&#8217;nin en \u00f6nemli hukuk kurumu olan \u0130stanbul Barosu&#8217;nun, \u00fclkemize ve yurtta\u015flar\u0131m\u0131za kar\u015f\u0131 sorumlulu\u011funun gere\u011fi olarak, ya\u015fanan hukuksuzluklara kar\u015f\u0131 seyirci kalmas\u0131 d\u00fc\u015f\u00fcn\u00fclmez, Bu \u00e7er\u00e7evede ya\u015fanan vahim tabloyu kamuoyunun dikkatine sunuyor, ilgili t\u00fcm ki\u015fi ve kurulu\u015flar\u0131 hukuku savunmaya \u00e7a\u011f\u0131r\u0131yoruz. <\/span><\/p>\n<p style=\"text-align: justify;\"><a href=\"http:\/\/www.istanbulbarosu.org.tr\/Detail.asp?CatID=1&amp;SubCatID=1&amp;ID=5542\" target=\"_blank\"><strong>\u0130STANBUL BAROSU BA\u015eKANLI\u011eI<\/strong><\/a><\/p>\n<p style=\"text-align: justify;\"><a href=\"http:\/\/www.gazeteport.com.tr\/GUNCEL\/NEWS\/GP_853859\" target=\"_blank\"><span style=\"color: #888888;\">Kaynak : GAZETEPORT<\/span><\/a><\/p>\n","protected":false},"excerpt":{"rendered":"<p style=\"text-align: center;\">\n<p>\u0130stanbul Barosu son g\u00fcnlerdeki geli\u015fmeler Balyoz tutuklamalar\u0131 ve Odatv bask\u0131n\u0131yla ilgili a\u00e7\u0131klamada bulundu.<\/p>\n<p>\u0130STANBUL- \u0130stanbul Barosu&#8217;nden yap\u0131lan &#8220;Hukuka ve \u00dclkeye Balyoz&#8221; ba\u015fl\u0131\u011f\u0131yla yap\u0131lan yaz\u0131l\u0131 a\u00e7\u0131klamada \u015f\u00f6yle denildi:<\/p>\n<p style=\"text-align: justify;\">11.02.2011 tarihinde \u00f6zel g\u00f6revli ve yetkili \u0130stanbul 10. A\u011f\u0131r Ceza Mahkemesince kamuoyunda &#8220;Balyoz Davas\u0131&#8221; olarak bilinen davada verilen tutuklama kararlar\u0131 ile 14.02.2011 tarihinde <\/p>\n","protected":false},"author":1,"featured_media":0,"comment_status":"open","ping_status":"closed","sticky":false,"template":"","format":"standard","meta":{"footnotes":""},"categories":[105],"tags":[],"class_list":["post-28409","post","type-post","status-publish","format-standard","hentry","category-gundem","odd"],"_links":{"self":[{"href":"http:\/\/www.korhanyilmaz.com\/index.php?rest_route=\/wp\/v2\/posts\/28409","targetHints":{"allow":["GET"]}}],"collection":[{"href":"http:\/\/www.korhanyilmaz.com\/index.php?rest_route=\/wp\/v2\/posts"}],"about":[{"href":"http:\/\/www.korhanyilmaz.com\/index.php?rest_route=\/wp\/v2\/types\/post"}],"author":[{"embeddable":true,"href":"http:\/\/www.korhanyilmaz.com\/index.php?rest_route=\/wp\/v2\/users\/1"}],"replies":[{"embeddable":true,"href":"http:\/\/www.korhanyilmaz.com\/index.php?rest_route=%2Fwp%2Fv2%2Fcomments&post=28409"}],"version-history":[{"count":0,"href":"http:\/\/www.korhanyilmaz.com\/index.php?rest_route=\/wp\/v2\/posts\/28409\/revisions"}],"wp:attachment":[{"href":"http:\/\/www.korhanyilmaz.com\/index.php?rest_route=%2Fwp%2Fv2%2Fmedia&parent=28409"}],"wp:term":[{"taxonomy":"category","embeddable":true,"href":"http:\/\/www.korhanyilmaz.com\/index.php?rest_route=%2Fwp%2Fv2%2Fcategories&post=28409"},{"taxonomy":"post_tag","embeddable":true,"href":"http:\/\/www.korhanyilmaz.com\/index.php?rest_route=%2Fwp%2Fv2%2Ftags&post=28409"}],"curies":[{"name":"wp","href":"https:\/\/api.w.org\/{rel}","templated":true}]}}