{"id":28406,"date":"2011-02-15T16:33:07","date_gmt":"2011-02-15T14:33:07","guid":{"rendered":"http:\/\/www.korhanyilmaz.com\/?p=28406"},"modified":"2011-02-15T16:33:07","modified_gmt":"2011-02-15T14:33:07","slug":"yuksek-mahkeme-baskanlarinin-savasi","status":"publish","type":"post","link":"http:\/\/www.korhanyilmaz.com\/?p=28406","title":{"rendered":"Y\u00fcksek mahkeme ba\u015fkanlar\u0131n\u0131n &#8216;sava\u015f&#8217;\u0131!.."},"content":{"rendered":"<p style=\"text-align: justify;\"><a href=\"http:\/\/www.korhanyilmaz.com\/wp-content\/uploads\/2011\/02\/362.jpg\"  class=\"lightview\"><img loading=\"lazy\" decoding=\"async\" class=\"aligncenter size-full wp-image-28407\" src=\"http:\/\/www.korhanyilmaz.com\/wp-content\/uploads\/2011\/02\/362.jpg\" alt=\"\" width=\"292\" height=\"224\" \/><\/a><\/p>\n<p style=\"text-align: justify;\">Anayasa Mahkemesi Ba\u015fkan\u0131 Ha\u015fim K\u0131l\u0131\u00e7&#8217;\u0131n &#8220;yarg\u0131 \u00fcyeleri &#8216;y\u0131llard\u0131r uyudu&#8221; s\u00f6zlerine Yarg\u0131tay ve Dan\u0131\u015ftay&#8217;dan tepki geldi.<\/p>\n<p style=\"text-align: justify;\">Yarg\u0131tay Ba\u015fkan\u0131 Hasan Ger\u00e7eker, &#8220;Bu s\u00f6zler Anayasa Mahkemesi Ba\u015fkan\u0131&#8217;na yak\u0131\u015fmad\u0131. Uyuyorlar ne demek, bu sokaktaki mahalle kahvesindeki insan\u0131n s\u00f6yleyece\u011fi bir s\u00f6z&#8221; dedi. <!--more--><\/p>\n<p style=\"text-align: justify;\">Ger\u00e7eker, &#8220;\u0130\u015f y\u00fck\u00fcm\u00fcz\u00fc biliyorlar, elini vicdan\u0131na koysun&#8221; diye konu\u015ftu.<\/p>\n<p style=\"text-align: justify;\">\u00dcye, tetkik hakimi ve di\u011fer personelin k\u00f6le gibi \u00e7al\u0131\u015ft\u0131klar\u0131n\u0131 s\u00f6yleyen Ger\u00e7eker &#8220;Arkada\u015flar\u0131m\u0131n eme\u011fine sayg\u0131 nedeniyle bu a\u00e7\u0131klamalar\u0131 yap\u0131yorum. Bizim kendimizi savunmaya ihtiyac\u0131m\u0131z yok. Elini vicdan\u0131na koyup d\u00fc\u015f\u00fcnmesi laz\u0131m. B\u00f6yle bir tabir kullanmak Y\u00fcksek Yarg\u0131 Mahkemesi Ba\u015fkan\u0131&#8217;na yak\u0131\u015fm\u0131yor&#8221; ifadesini kulland\u0131.<\/p>\n<p style=\"text-align: justify;\">G\u00f6reve geldi\u011finin 15. g\u00fcn\u00fcnden itibaren i\u015f y\u00fck\u00fcyle ilgili her t\u00fcrl\u00fc yola ba\u015fvurdu\u011funu ifade eden Ger\u00e7eker, d\u00f6nemin Adalet Bakan\u0131yla, Adalet Komisyonu Ba\u015fkan\u0131yla, Adalet Bakanl\u0131\u011f\u0131 M\u00fcste\u015far\u0131yla bu konular\u0131 g\u00f6r\u00fc\u015ft\u00fcklerini anlatt\u0131.<\/p>\n<p style=\"text-align: justify;\"><strong>&#8220;\u00d6n\u00fcne gelecek konuda g\u00f6r\u00fc\u015f belirtmi\u015f oldu&#8221; <\/strong><\/p>\n<p style=\"text-align: justify;\">Hasan Ger\u00e7eker &#8220;Bu konu, bu yasa de\u011fi\u015fikli\u011fi muhtemelen \u00f6n\u00fcne gelecek. \u00d6n\u00fcne gelecek bir konuda g\u00f6r\u00fc\u015f belirtmi\u015f oluyor. Yarg\u0131 ile ilgili bu d\u00fczenlemeyi muhalefet partisi Anayasa Mahkemesi&#8217;ne g\u00f6t\u00fcrece\u011fini s\u00f6yl\u00fcyor. \u00d6n\u00fcne gidecek konuda neden konu\u015fuyor&#8221; dedi.<\/p>\n<p style=\"text-align: justify;\"><strong>Dosyalar\u0131n zaman a\u015f\u0131m\u0131<\/strong><\/p>\n<p style=\"text-align: justify;\">Yarg\u0131tay&#8217;daki dosyalar\u0131n zaman a\u015f\u0131m\u0131na u\u011frayaca\u011f\u0131 y\u00f6n\u00fcndeki a\u00e7\u0131klamalar\u0131 da de\u011ferlendiren Ger\u00e7eker, &#8220;Zaman a\u015f\u0131m\u0131na u\u011frayan dosyalar\u0131n y\u00fczde 90&#8217;\u0131 Yarg\u0131tay&#8217;a gelmeden zaman a\u015f\u0131m\u0131na u\u011fruyor. Gelenler de mecburen y\u00fczlerce yasa de\u011fi\u015fikli\u011fi yap\u0131ld\u0131\u011f\u0131 i\u00e7in lehe yasan\u0131n uygulanmas\u0131 i\u00e7in dosyalar\u0131n bozulmas\u0131yla sonu\u00e7lan\u0131yor. Hep bunlardan kaynaklan\u0131yor. Yoksa b\u00fct\u00fcn daireler zaman a\u015f\u0131m\u0131 yak\u0131n olan dosyalar\u0131 mutlaka \u00f6ne al\u0131yorlar. Yarg\u0131tay&#8217;\u0131n yapabilece\u011fi bir \u015fey yok. \u0130lk derece mahkemelerin de kabahati yok. Onlar da korkun\u00e7 bir i\u015f y\u00fck\u00fc alt\u0131ndalar. Hakim say\u0131s\u0131, mahkeme say\u0131s\u0131 yetersiz&#8221; diye konu\u015ftu.<\/p>\n<p style=\"text-align: justify;\"><strong>\u0130stifa edecek mi?<\/strong><\/p>\n<p style=\"text-align: justify;\">Ger\u00e7eker istifa iddialar\u0131yla ilgili olarak da, &#8220;Son g\u00fcne kadar g\u00f6revimin ba\u015f\u0131nday\u0131m&#8221; ifadesini kulland\u0131.<\/p>\n<p style=\"text-align: justify;\">Dan\u0131\u015ftay Ba\u015fkan\u0131 Mustafa Birden de, &#8220;Say\u0131n Anayasa Mahkemesi Ba\u015fkan\u0131 Ha\u015fim K\u0131l\u0131\u00e7&#8217;\u0131n &#8216;y\u0131llard\u0131r uyudular&#8217; s\u00f6z\u00fcn\u00fcn yarg\u0131sal nezakete uyup uymad\u0131\u011f\u0131n\u0131n takdirini sizlere b\u0131rak\u0131yorum. Herkes kendi g\u00f6revini yaparsa, ba\u015fkalar\u0131n\u0131n g\u00f6rev alanlar\u0131na bu konuda yeterli bilgisi olmadan m\u00fcdahale etmezse sorun olmaz&#8221; diye konu\u015ftu.<\/p>\n<p style=\"text-align: justify;\">K\u0131l\u0131\u00e7&#8217;\u0131n a\u00e7\u0131klamalar\u0131n\u0131 gazetelerden okudu\u011funu s\u00f6yleyen Birden, kimse ile polemi\u011fe girmek istemedi\u011fini belirtti.<\/p>\n<p style=\"text-align: justify;\">Birden, &#8220;\u00d6zellikle kamuoyunda yanl\u0131\u015f empoze edilen bir husus var, bunu a\u00e7\u0131klamak istiyorum. Anayasam\u0131z\u0131n 146. maddesi y\u00fcksek mahkemeleri d\u00fczenlemi\u015f, Anayasa Mahkemesi, Yarg\u0131tay ve Dan\u0131\u015ftay da bu maddelerde say\u0131lm\u0131\u015ft\u0131r. Bu mahkemeler kendi g\u00f6rev alanlar\u0131 i\u00e7erisinde y\u00fcksek yarg\u0131 te\u015fkilatlar\u0131 olup birbirlerine e\u015fit seviyedeki kurumlard\u0131r. Son g\u00fcnlerde baz\u0131 bas\u0131n yay\u0131n organlar\u0131nda, &#8216;y\u00fcksek, en y\u00fcksek mahkeme&#8221; \u015feklindeki yorumlar Anayasa&#8217;daki d\u00fczenlemeye uymayan yanl\u0131\u015f yorumlard\u0131r. \u00d6ncelikle bu hususu hat\u0131rlatmak ve d\u00fczeltmek isterim&#8221; dedi.<\/p>\n<p style=\"text-align: justify;\">Birden s\u00f6zlerine, &#8220;Anayasa Mahkemesi Say\u0131n Ba\u015fkan\u0131&#8217;n\u0131n konu\u015fmas\u0131na Dan\u0131\u015ftay y\u00f6n\u00fcnden cevap vereyim; Say\u0131n Ba\u015fkan&#8217;\u0131n s\u00f6yledi\u011fi &#8216;y\u0131llard\u0131r uyudular&#8217; s\u00f6z\u00fcn\u00fcn yarg\u0131sal nezakete uyup uymad\u0131\u011f\u0131n\u0131n takdirini sizlere b\u0131rak\u0131yorum. Bug\u00fcne kadar kendi ba\u015fkan\u0131 oldu\u011fum y\u00fcksek mahkeme d\u0131\u015f\u0131nda hi\u00e7bir y\u00fcksek mahkemenin \u00e7al\u0131\u015fmalar\u0131yla ilgili bir konu\u015fma yapmad\u0131m. B\u00f6yle bir konu\u015fma do\u011fru da olmaz, \u015f\u0131k da olmaz. Herkes kendi g\u00f6revini yaparsa ba\u015fkalar\u0131n\u0131n g\u00f6rev alanlar\u0131na bu konuda yeterli bilgisi olmadan m\u00fcdahale etmezse sorun olmaz. Kald\u0131 ki i\u015f y\u00fck\u00fcyle ilgili de her t\u00fcrl\u00fc \u00f6nerilerimizi daha \u00f6nce de a\u00e7\u0131klad\u0131\u011f\u0131m\u0131z gibi yapt\u0131k. Bu konuda daha fazla bir\u015fey s\u00f6ylemek istemiyorum&#8221; diye devam etti.<\/p>\n<p style=\"text-align: justify;\"><a href=\"http:\/\/www.cnnturk.com\/2011\/turkiye\/02\/15\/yuksek.mahkeme.baskanlarinin.savasi\/606896.0\/index.html\" target=\"_blank\"><span style=\"color: #888888;\">CNN T\u00dcRK<\/span><\/a><\/p>\n","protected":false},"excerpt":{"rendered":"<p style=\"text-align: justify;\">\n<p style=\"text-align: justify;\">Anayasa Mahkemesi Ba\u015fkan\u0131 Ha\u015fim K\u0131l\u0131\u00e7&#8217;\u0131n &#8220;yarg\u0131 \u00fcyeleri &#8216;y\u0131llard\u0131r uyudu&#8221; s\u00f6zlerine Yarg\u0131tay ve Dan\u0131\u015ftay&#8217;dan tepki geldi.<\/p>\n<p style=\"text-align: justify;\">Yarg\u0131tay Ba\u015fkan\u0131 Hasan Ger\u00e7eker, &#8220;Bu s\u00f6zler Anayasa Mahkemesi Ba\u015fkan\u0131&#8217;na yak\u0131\u015fmad\u0131. Uyuyorlar ne demek, bu sokaktaki mahalle kahvesindeki insan\u0131n s\u00f6yleyece\u011fi bir s\u00f6z&#8221; dedi. <\/p>\n","protected":false},"author":1,"featured_media":0,"comment_status":"open","ping_status":"closed","sticky":false,"template":"","format":"standard","meta":{"footnotes":""},"categories":[105],"tags":[],"class_list":["post-28406","post","type-post","status-publish","format-standard","hentry","category-gundem","odd"],"_links":{"self":[{"href":"http:\/\/www.korhanyilmaz.com\/index.php?rest_route=\/wp\/v2\/posts\/28406","targetHints":{"allow":["GET"]}}],"collection":[{"href":"http:\/\/www.korhanyilmaz.com\/index.php?rest_route=\/wp\/v2\/posts"}],"about":[{"href":"http:\/\/www.korhanyilmaz.com\/index.php?rest_route=\/wp\/v2\/types\/post"}],"author":[{"embeddable":true,"href":"http:\/\/www.korhanyilmaz.com\/index.php?rest_route=\/wp\/v2\/users\/1"}],"replies":[{"embeddable":true,"href":"http:\/\/www.korhanyilmaz.com\/index.php?rest_route=%2Fwp%2Fv2%2Fcomments&post=28406"}],"version-history":[{"count":0,"href":"http:\/\/www.korhanyilmaz.com\/index.php?rest_route=\/wp\/v2\/posts\/28406\/revisions"}],"wp:attachment":[{"href":"http:\/\/www.korhanyilmaz.com\/index.php?rest_route=%2Fwp%2Fv2%2Fmedia&parent=28406"}],"wp:term":[{"taxonomy":"category","embeddable":true,"href":"http:\/\/www.korhanyilmaz.com\/index.php?rest_route=%2Fwp%2Fv2%2Fcategories&post=28406"},{"taxonomy":"post_tag","embeddable":true,"href":"http:\/\/www.korhanyilmaz.com\/index.php?rest_route=%2Fwp%2Fv2%2Ftags&post=28406"}],"curies":[{"name":"wp","href":"https:\/\/api.w.org\/{rel}","templated":true}]}}