{"id":28402,"date":"2011-02-15T16:58:57","date_gmt":"2011-02-15T14:58:57","guid":{"rendered":"http:\/\/www.korhanyilmaz.com\/?p=28402"},"modified":"2011-02-15T16:58:57","modified_gmt":"2011-02-15T14:58:57","slug":"chp-iki-yargi-duzenlemesinin-iptalini-istedi","status":"publish","type":"post","link":"http:\/\/www.korhanyilmaz.com\/?p=28402","title":{"rendered":"CHP iki yarg\u0131 d\u00fczenlemesinin iptalini istedi"},"content":{"rendered":"<p style=\"text-align: justify;\"><a href=\"http:\/\/www.korhanyilmaz.com\/wp-content\/uploads\/2011\/02\/361.jpg\"  class=\"lightview\"><img loading=\"lazy\" decoding=\"async\" class=\"aligncenter size-full wp-image-28403\" src=\"http:\/\/www.korhanyilmaz.com\/wp-content\/uploads\/2011\/02\/361.jpg\" alt=\"\" width=\"292\" height=\"190\" \/><\/a><\/p>\n<p style=\"text-align: justify;\">CHP, Hakimler ve Savc\u0131lar Y\u00fcksek Kurulu (HSYK) ile Say\u0131\u015ftay&#8217;\u0131 yeniden yap\u0131land\u0131ran yasalar\u0131n baz\u0131 h\u00fck\u00fcmlerinin iptali ve y\u00fcr\u00fcrl\u00fc\u011f\u00fcn\u00fcn durdurulmas\u0131 istemiyle Anayasa Mahkemesi&#8217;ne ba\u015fvurdu.<\/p>\n<p style=\"text-align: justify;\">CHP Grup Ba\u015fkanvekili Akif Hamza\u00e7ebi ve Mersin Milletvekili \u0130sa G\u00f6k, 6085 Say\u0131l\u0131 Say\u0131\u015ftay Kanunu ile 6087 say\u0131l\u0131 Hakimler ve Savc\u0131lar Y\u00fcksek Kurulu (HSYK) Kanunu&#8217;nun baz\u0131 maddelerinin y\u00fcr\u00fcrl\u00fcl\u00fc\u011f\u00fcn\u00fcn durdurulmas\u0131 ve iptali istemiyle Anayasa Mahkemesine ba\u015fvurdu. <!--more--><\/p>\n<p style=\"text-align: justify;\">Hamza\u00e7ebi ve G\u00f6k, Anayasa Mahkemesine gelerek, y\u00fcr\u00fcrl\u00fcl\u00fc\u011f\u00fcn durdurulmas\u0131 ve iptal istemine ili\u015fkin dilek\u00e7eyi sundu.<\/p>\n<p style=\"text-align: justify;\">Ba\u015fvuruda, Say\u0131\u015ftay Kanunu&#8217;nun a\u011f\u0131rl\u0131kl\u0131 olarak denetime ili\u015fkin h\u00fck\u00fcmlerinin iptali ve y\u00fcr\u00fcrl\u00fc\u011f\u00fcn\u00fcn durdurulmas\u0131 istenecek.<\/p>\n<p style=\"text-align: justify;\">Performans denetiminin niteli\u011fi ile ve kamu zarar\u0131n\u0131 tarif eden h\u00fck\u00fcmler iptal konusu edilecek.<\/p>\n<p style=\"text-align: justify;\">Say\u0131\u015ftay\u0131n yerindelik denetimi yapamamas\u0131n\u0131, idarenin takdir yetkisini s\u0131n\u0131rlayacak ve ortadan kald\u0131racak karar alamamas\u0131n\u0131 h\u00fckme ba\u011flayan maddenin de iptali istenecek.<\/p>\n<p style=\"text-align: justify;\">Say\u0131\u015ftay\u0131n denetim yaparken &#8220;genel kabul g\u00f6rm\u00fc\u015f uluslararas\u0131 denetim standartlar\u0131&#8221; dikkate almas\u0131n\u0131 \u00f6ng\u00f6ren h\u00fck\u00fcmler de iptal konusu edilecek.<\/p>\n<p style=\"text-align: justify;\">Say\u0131\u015ftaya uzman al\u0131m\u0131nda s\u00f6zl\u00fc m\u00fclakatta, adayda aranacak nitelikleri belirleyen h\u00fck\u00fcmler ile m\u00fclakatta kamera kullan\u0131lmas\u0131n\u0131 ortadan kald\u0131ran maddelerin de iptali istenecek.<\/p>\n<p style=\"text-align: justify;\">Say\u0131\u015ftayda &#8220;rapor de\u011ferlendirme kurulu&#8221;, illerde ise &#8220;denetim grup ba\u015fkanl\u0131klar\u0131&#8221; kurulabilmesine olanak sa\u011flayan h\u00fck\u00fcmlere itiraz edilecek.<\/p>\n<p style=\"text-align: justify;\">T\u00fcrkiye B\u00fcy\u00fck Millet Meclisi Ba\u015fkanl\u0131\u011f\u0131n\u0131n, ara\u015ft\u0131rma, soru\u015fturma ve ihtisas komisyonlar\u0131n\u0131n karar\u0131 do\u011frultusunda Say\u0131\u015ftaydan denetim istemesinin s\u0131n\u0131rlar\u0131n\u0131 \u00e7izen madde ile TBMM&#8217;nin Say\u0131\u015ftay\u0131 denetim elamanlar\u0131na denetlettirebilmesine olanak sa\u011flayan h\u00fckm\u00fcn de iptali istenecek.<\/p>\n<p style=\"text-align: justify;\"><strong>HSYK ile ilgili talepler <\/strong><\/p>\n<p style=\"text-align: justify;\">HSYK&#8217;y\u0131 yeniden yap\u0131land\u0131ran yasan\u0131n iptali ve y\u00fcr\u00fcrl\u00fc\u011f\u00fcn\u00fcn durdurulmas\u0131 istenen h\u00fck\u00fcmleri ise \u015f\u00f6yle:<\/p>\n<p style=\"text-align: justify;\">&#8211; Ge\u00e7ici yetki veya herhangi bir g\u00f6revlendirmeyle ba\u015fka bir kurum veya kurulu\u015fta g\u00f6rev yapan hakimi de hakim tan\u0131m\u0131 i\u00e7ine alan h\u00fck\u00fcm,<\/p>\n<p style=\"text-align: justify;\">&#8211; Adalet Bakanl\u0131\u011f\u0131 M\u00fcste\u015far\u0131 bulunmad\u0131\u011f\u0131nda kurul toplant\u0131lar\u0131nda kendisine vekalet eden b\u00fcrokrat\u0131n kat\u0131labilmesine olanak sa\u011flayan h\u00fck\u00fcm,<\/p>\n<p style=\"text-align: justify;\">&#8211; Tefti\u015f Kurulunun, \u00dc\u00e7\u00fcnc\u00fc Daire Ba\u015fkan\u0131n\u0131n g\u00f6zetiminde \u00e7al\u0131\u015fabilmesi ko\u015fulunu getiren h\u00fck\u00fcm,<\/p>\n<p style=\"text-align: justify;\">&#8211; Tefti\u015f Kurulu m\u00fcfetti\u015flerini, yapacaklar\u0131 inceleme ve soru\u015fturmalarda kendi yetkilerine ilave olarak Ceza Muhakemesi Kanunu&#8217;na g\u00f6re i\u015flem yapabilmesi ve Cumhuriyet savc\u0131s\u0131na soru\u015fturman\u0131n y\u00fcr\u00fct\u00fclmesiyle ilgili tan\u0131nan t\u00fcm yetkileri kullanabilmesine olanak sa\u011flayan h\u00fck\u00fcm,<\/p>\n<p style=\"text-align: justify;\">&#8211; HSYK \u00fcyeli\u011fi i\u00e7in aday olan hakim ve savc\u0131lar\u0131n kendilerini tan\u0131tan ve mesleki konularla ilgili d\u00fc\u015f\u00fcncelerini a\u00e7\u0131klayan mektup, elektronik posta ve k\u0131sa mesaj g\u00f6nderebilmesi ile kapal\u0131 yer toplant\u0131s\u0131 yapabilmesine olanak sa\u011flayan madde,<\/p>\n<p style=\"text-align: justify;\">&#8211; HSYK toplant\u0131 g\u00fcndeminin, belli olduktan sonra da de\u011fi\u015ftirebilmesine imkan sa\u011flayan h\u00fck\u00fcmler,<\/p>\n<p style=\"text-align: justify;\">&#8211; Kurulun se\u00e7imle gelen \u00fcyelerinin, kurul \u00fcyesi olmadan \u00f6nceki eylemlerinden dolay\u0131 disiplin soru\u015fturma veya kovu\u015fturmalar\u0131n\u0131n kurul taraf\u0131ndan karara ba\u011flanmas\u0131 ve olu\u015fturulacak soru\u015fturma kurulunun, Cumhuriyet savc\u0131s\u0131na tan\u0131nan b\u00fct\u00fcn yetkileri kullanmas\u0131na olanak sa\u011flayan h\u00fck\u00fcmler,<\/p>\n<p style=\"text-align: justify;\">&#8211; HSYK&#8217;n\u0131n se\u00e7imle gelen \u00fcyelerinin \u00f6zl\u00fck haklar\u0131na ili\u015fkin baz\u0131 d\u00fczenlemeler,<\/p>\n<p style=\"text-align: justify;\">&#8211; HSYK&#8217;n\u0131n haklar\u0131nda meslekten \u00e7\u0131karma cezas\u0131 verilen hakim ve savc\u0131lar\u0131 yarg\u0131 karar\u0131 olmadan da g\u00f6reve d\u00f6nd\u00fcrebilmesine olanak sa\u011flayan h\u00fck\u00fcm.<\/p>\n<p style=\"text-align: justify;\"><strong>Yarg\u0131tay ve Dan\u0131\u015ftay ile ilgili talepler <\/strong><\/p>\n<p style=\"text-align: justify;\">CHP&#8217;de, Yarg\u0131tay ve Dan\u0131\u015ftayda yeni daireler kurulmas\u0131na ili\u015fkin yasan\u0131n Anayasa Mahkemesine g\u00f6t\u00fcr\u00fclmesi i\u00e7in de haz\u0131rl\u0131k yap\u0131l\u0131yor.<\/p>\n<p style=\"text-align: justify;\">Kapal\u0131 toplant\u0131da, grup ba\u015fkanvekillerine ba\u015fvuru i\u00e7in yetki verildi.<\/p>\n<p style=\"text-align: justify;\"><a href=\"http:\/\/www.cnnturk.com\/2011\/turkiye\/02\/15\/chp.iki.yargi.duzenlemesinin.iptalini.istedi\/606910.0\/index.html\" target=\"_blank\"><span style=\"color: #888888;\">CNN T\u00dcRK<\/span><\/a><\/p>\n","protected":false},"excerpt":{"rendered":"<p style=\"text-align: justify;\">\n<p style=\"text-align: justify;\">CHP, Hakimler ve Savc\u0131lar Y\u00fcksek Kurulu (HSYK) ile Say\u0131\u015ftay&#8217;\u0131 yeniden yap\u0131land\u0131ran yasalar\u0131n baz\u0131 h\u00fck\u00fcmlerinin iptali ve y\u00fcr\u00fcrl\u00fc\u011f\u00fcn\u00fcn durdurulmas\u0131 istemiyle Anayasa Mahkemesi&#8217;ne ba\u015fvurdu.<\/p>\n<p style=\"text-align: justify;\">CHP Grup Ba\u015fkanvekili Akif Hamza\u00e7ebi ve Mersin Milletvekili \u0130sa G\u00f6k, 6085 Say\u0131l\u0131 Say\u0131\u015ftay Kanunu ile 6087 say\u0131l\u0131 Hakimler ve Savc\u0131lar Y\u00fcksek Kurulu (HSYK) Kanunu&#8217;nun baz\u0131 maddelerinin <\/p>\n","protected":false},"author":1,"featured_media":0,"comment_status":"open","ping_status":"closed","sticky":false,"template":"","format":"standard","meta":{"footnotes":""},"categories":[105],"tags":[],"class_list":["post-28402","post","type-post","status-publish","format-standard","hentry","category-gundem","odd"],"_links":{"self":[{"href":"http:\/\/www.korhanyilmaz.com\/index.php?rest_route=\/wp\/v2\/posts\/28402","targetHints":{"allow":["GET"]}}],"collection":[{"href":"http:\/\/www.korhanyilmaz.com\/index.php?rest_route=\/wp\/v2\/posts"}],"about":[{"href":"http:\/\/www.korhanyilmaz.com\/index.php?rest_route=\/wp\/v2\/types\/post"}],"author":[{"embeddable":true,"href":"http:\/\/www.korhanyilmaz.com\/index.php?rest_route=\/wp\/v2\/users\/1"}],"replies":[{"embeddable":true,"href":"http:\/\/www.korhanyilmaz.com\/index.php?rest_route=%2Fwp%2Fv2%2Fcomments&post=28402"}],"version-history":[{"count":0,"href":"http:\/\/www.korhanyilmaz.com\/index.php?rest_route=\/wp\/v2\/posts\/28402\/revisions"}],"wp:attachment":[{"href":"http:\/\/www.korhanyilmaz.com\/index.php?rest_route=%2Fwp%2Fv2%2Fmedia&parent=28402"}],"wp:term":[{"taxonomy":"category","embeddable":true,"href":"http:\/\/www.korhanyilmaz.com\/index.php?rest_route=%2Fwp%2Fv2%2Fcategories&post=28402"},{"taxonomy":"post_tag","embeddable":true,"href":"http:\/\/www.korhanyilmaz.com\/index.php?rest_route=%2Fwp%2Fv2%2Ftags&post=28402"}],"curies":[{"name":"wp","href":"https:\/\/api.w.org\/{rel}","templated":true}]}}