{"id":28396,"date":"2011-02-15T09:42:00","date_gmt":"2011-02-15T07:42:00","guid":{"rendered":"http:\/\/www.korhanyilmaz.com\/?p=28396"},"modified":"2011-02-15T09:42:00","modified_gmt":"2011-02-15T07:42:00","slug":"bir-sehven-de-bakanliktan","status":"publish","type":"post","link":"http:\/\/www.korhanyilmaz.com\/?p=28396","title":{"rendered":"Bir &#8216;sehven&#8217; de bakanl\u0131ktan"},"content":{"rendered":"<p style=\"text-align: center;\"><a href=\"http:\/\/www.korhanyilmaz.com\/wp-content\/uploads\/2011\/02\/359.jpg\"  class=\"lightview\"><img loading=\"lazy\" decoding=\"async\" class=\"size-full wp-image-28397 aligncenter\" src=\"http:\/\/www.korhanyilmaz.com\/wp-content\/uploads\/2011\/02\/359.jpg\" alt=\"\" width=\"420\" height=\"210\" \/><\/a><\/p>\n<p style=\"text-align: justify;\">Karayollar\u0131, 16 bin fidan almak i\u00e7in ihale a\u00e7t\u0131. 413 milyon liral\u0131k y\u00fcksek bedel kafa kar\u0131\u015ft\u0131rd\u0131. Bakanl\u0131k bedelin 413 bin lira oldu\u011funu ve ilana sehven \u2018\u2019milyon\u2019\u2019 yaz\u0131ld\u0131\u011f\u0131n\u0131 a\u00e7\u0131klad\u0131.<\/p>\n<p style=\"text-align: justify;\">Karayollar\u0131&#8217;n\u0131n 16 bin fidan al\u0131m\u0131ndan da \u2018\u2019sehven\u2019\u2019 \u00e7\u0131kt\u0131. 413 milyon liral\u0131k y\u00fcksek bedel kafa kar\u0131\u015ft\u0131r\u0131rken, Ula\u015ft\u0131rma Bakanl\u0131\u011f\u0131 bedelin 413 bin lira oldu\u011funu ve ilana \u2018\u2019milyon\u2019\u2019 ifadesinin \u2018\u2019sehven\u2019\u2019 yaz\u0131ld\u0131\u011f\u0131n\u0131 bildirdi. <!--more--><\/p>\n<p style=\"text-align: justify;\">Van Karayollar\u0131 11\u2019inci B\u00f6lge M\u00fcd\u00fcrl\u00fc\u011f\u00fc\u2019ne ba\u011fl\u0131 alanlarda 16 bin fidan dikimi i\u00e7in b\u00f6lge m\u00fcd\u00fcrl\u00fc\u011f\u00fcne ihale izni verildi. \u0130hale yap\u0131ld\u0131 ve \u00d6zg\u00f6k M\u00fchendislik ve EM-KA firmas\u0131 ortak giri\u015fimi 413 bin TL ile kazand\u0131. Ancak ihaleye ili\u015fkin sonu\u00e7 formunu internet \u00fczerinden dolduran Karayollar\u0131 11. B\u00f6lge M\u00fcd\u00fcrl\u00fc\u011f\u00fc, s\u00f6zle\u015fme bedelini 413 milyon TL olarak belirtti. \u0130halenin sonu\u00e7 ilan\u0131 da Kamu \u0130hale Kurumu (K\u0130K) b\u00fclteninde yay\u0131mland\u0131.<\/p>\n<p style=\"text-align: justify;\">Karayollar\u0131, ilanda yapt\u0131\u011f\u0131 hatay\u0131 fark etti ve s\u00f6zle\u015fme bedelinin 413 bin TL olmas\u0131 gerekirken 413 milyon TL olarak girildi\u011fini \u015fifahi olarak K\u0130K\u2019e bildirildi. Ancak yay\u0131mlanm\u0131\u015f olan sonu\u00e7 ilan\u0131 de\u011fi\u015ftirilmedi.<\/p>\n<p style=\"text-align: justify;\">CHP K\u0131rklareli Milletvekili Turgut Dibek, ihaleyi TBMM g\u00fcndemine ta\u015f\u0131d\u0131. Dibek\u2019in \u00f6nergesine cevap veren Ula\u015ft\u0131rma Bakan\u0131 Binali Y\u0131ld\u0131r\u0131m, hatan\u0131n K\u0130K\u2019den kaynakland\u0131\u011f\u0131n\u0131 ve \u201csehven\u201d yap\u0131ld\u0131\u011f\u0131n\u0131 belirtti. K\u0130K ise hatan\u0131n Karayollar\u0131 B\u00f6lge M\u00fcd\u00fcrl\u00fc\u011f\u00fcnde oldu\u011funu a\u00e7\u0131klad\u0131. CHP\u2019li Dibek, \u201cMevzuat gere\u011fi ihaleleri ilgili kurumlar K\u0130K\u2019in internet sitesine girmek durumundad\u0131r. Hata b\u00f6lge m\u00fcd\u00fcrl\u00fc\u011f\u00fcnden kaynakland\u0131\u011f\u0131 halde, Ula\u015ft\u0131rma Bakanl\u0131\u011f\u0131 bizi yan\u0131ltmaktad\u0131r. Bir sehven skandal\u0131 da bakanl\u0131ktan \u00e7\u0131km\u0131\u015ft\u0131r\u201d dedi.<\/p>\n<p style=\"text-align: justify;\"><a href=\"http:\/\/haber.gazetevatan.com\/yurekli-insanlara-selam\/359287\/1\/Gundem\" target=\"_blank\"><span style=\"color: #888888;\">Kaynak : VATAN<\/span><\/a><\/p>\n","protected":false},"excerpt":{"rendered":"<p style=\"text-align: center;\">\n<p style=\"text-align: justify;\">Karayollar\u0131, 16 bin fidan almak i\u00e7in ihale a\u00e7t\u0131. 413 milyon liral\u0131k y\u00fcksek bedel kafa kar\u0131\u015ft\u0131rd\u0131. Bakanl\u0131k bedelin 413 bin lira oldu\u011funu ve ilana sehven \u2018\u2019milyon\u2019\u2019 yaz\u0131ld\u0131\u011f\u0131n\u0131 a\u00e7\u0131klad\u0131.<\/p>\n<p style=\"text-align: justify;\">Karayollar\u0131&#8217;n\u0131n 16 bin fidan al\u0131m\u0131ndan da \u2018\u2019sehven\u2019\u2019 \u00e7\u0131kt\u0131. 413 milyon liral\u0131k y\u00fcksek bedel kafa kar\u0131\u015ft\u0131r\u0131rken, Ula\u015ft\u0131rma Bakanl\u0131\u011f\u0131 bedelin 413 bin lira <\/p>\n","protected":false},"author":1,"featured_media":0,"comment_status":"open","ping_status":"closed","sticky":false,"template":"","format":"standard","meta":{"footnotes":""},"categories":[105],"tags":[],"class_list":["post-28396","post","type-post","status-publish","format-standard","hentry","category-gundem","odd"],"_links":{"self":[{"href":"http:\/\/www.korhanyilmaz.com\/index.php?rest_route=\/wp\/v2\/posts\/28396","targetHints":{"allow":["GET"]}}],"collection":[{"href":"http:\/\/www.korhanyilmaz.com\/index.php?rest_route=\/wp\/v2\/posts"}],"about":[{"href":"http:\/\/www.korhanyilmaz.com\/index.php?rest_route=\/wp\/v2\/types\/post"}],"author":[{"embeddable":true,"href":"http:\/\/www.korhanyilmaz.com\/index.php?rest_route=\/wp\/v2\/users\/1"}],"replies":[{"embeddable":true,"href":"http:\/\/www.korhanyilmaz.com\/index.php?rest_route=%2Fwp%2Fv2%2Fcomments&post=28396"}],"version-history":[{"count":0,"href":"http:\/\/www.korhanyilmaz.com\/index.php?rest_route=\/wp\/v2\/posts\/28396\/revisions"}],"wp:attachment":[{"href":"http:\/\/www.korhanyilmaz.com\/index.php?rest_route=%2Fwp%2Fv2%2Fmedia&parent=28396"}],"wp:term":[{"taxonomy":"category","embeddable":true,"href":"http:\/\/www.korhanyilmaz.com\/index.php?rest_route=%2Fwp%2Fv2%2Fcategories&post=28396"},{"taxonomy":"post_tag","embeddable":true,"href":"http:\/\/www.korhanyilmaz.com\/index.php?rest_route=%2Fwp%2Fv2%2Ftags&post=28396"}],"curies":[{"name":"wp","href":"https:\/\/api.w.org\/{rel}","templated":true}]}}