{"id":28391,"date":"2011-02-14T22:39:01","date_gmt":"2011-02-14T20:39:01","guid":{"rendered":"http:\/\/www.korhanyilmaz.com\/?p=28391"},"modified":"2011-02-14T22:39:01","modified_gmt":"2011-02-14T20:39:01","slug":"pasanin-annesi-tutuklama-haberine-dayanamadi","status":"publish","type":"post","link":"http:\/\/www.korhanyilmaz.com\/?p=28391","title":{"rendered":"Pa\u015fa&#8217;n\u0131n annesi tutuklama haberine dayanamad\u0131"},"content":{"rendered":"<p style=\"text-align: center;\"><a href=\"http:\/\/www.korhanyilmaz.com\/wp-content\/uploads\/2011\/02\/357.jpg\"  class=\"lightview\"><img loading=\"lazy\" decoding=\"async\" class=\"aligncenter size-full wp-image-28392\" src=\"http:\/\/www.korhanyilmaz.com\/wp-content\/uploads\/2011\/02\/357.jpg\" alt=\"\" width=\"420\" height=\"210\" \/><\/a><\/p>\n<p style=\"text-align: justify;\">Balyoz davas\u0131 kapsam\u0131nda tutuklanarak Hasdal Cezaevi\u2019ne g\u00f6nderilen 8. Kolordu Komutan\u0131 Korgeneral Mustafa Korkut \u00d6zarslan\u2019\u0131n annesi Bedriye \u00d6zarslan, o\u011flunun tutuklama haberini tedavi g\u00f6rd\u00fc\u011f\u00fc GATA Hastanesi\u2019nde ald\u0131. Bir hafta \u00f6nce aya\u011f\u0131ndaki k\u0131r\u0131k nedeniyle hastanede tedavi alt\u0131na alan Bedriye \u00d6zarslan, ge\u00e7ti\u011fimiz cumartesi g\u00fcn\u00fc o\u011flunun tutuklanma haberini al\u0131nca fenala\u015ft\u0131. <!--more--><\/p>\n<p style=\"text-align: justify;\"><a href=\"http:\/\/www.korhanyilmaz.com\/wp-content\/uploads\/2011\/02\/358.jpg\"  class=\"lightview\"><img loading=\"lazy\" decoding=\"async\" class=\"alignleft size-full wp-image-28393\" style=\"margin-left: 10px; margin-right: 10px;\" src=\"http:\/\/www.korhanyilmaz.com\/wp-content\/uploads\/2011\/02\/358.jpg\" alt=\"\" width=\"240\" height=\"180\" \/><\/a>Tansiyonu 6\u2019ya d\u00fc\u015fen ya\u015fl\u0131 kad\u0131n, Yo\u011fun Bak\u0131m \u00dcnitesi\u2019nde g\u00f6zetim alt\u0131na al\u0131nd\u0131. Ancak doktorlar\u0131n t\u00fcm m\u00fcdahalesine ra\u011fmen ya\u015fl\u0131 kad\u0131n bir g\u00fcn sonra ya\u015fam\u0131n\u0131 yitirdi. Bir yak\u0131n\u0131 \u201cKorgeneral \u00d6zarslan, babas\u0131n\u0131n \u00f6l\u00fcm\u00fcnde de g\u00f6revi ba\u015f\u0131ndayd\u0131. \u015eimdi de vatan\u0131 i\u00e7in annesinin yan\u0131nda olamad\u0131. Annesi son zamanlarda \u2018O\u011fluma bir\u015fey olacaksa ben \u00f6leyim. Onu o \u015fekilde g\u00f6rmeyeyim\u2019 diyordu. O\u011flunun su\u00e7suz yere tutuklanacak olmas\u0131ndan \u00e7ok korkuyordu\u201d diye konu\u015ftu. Bedriye \u00d6zarslan\u2019\u0131n cenazesi, bug\u00fcn Selimiye Camii\u2019nde \u00f6\u011fle namaz\u0131n\u0131n ard\u0131ndan k\u0131l\u0131nacak cenaze namaz\u0131ndan sonra topra\u011fa verilecek.<\/p>\n<p style=\"text-align: justify;\"><strong>Cenazeye kat\u0131lamayacak<\/strong><\/p>\n<p style=\"text-align: justify;\">\u00d6zarslan\u2019\u0131n annesinin cenazesine kat\u0131lmas\u0131 \u00f6n\u00fcnde garip bir yasa engeli bulunuyor. Yasa h\u00fckm\u00fcne g\u00f6re, mahkemenin su\u00e7lu bularak mahkum etti\u011fi h\u00fck\u00fcml\u00fcler, izin alarak yak\u0131nlar\u0131n\u0131n cenazesine kat\u0131labiliyor ancak bu hak, hen\u00fcz su\u00e7lu say\u0131lmayan ve tedbiren cezaevine konulan tutuklular i\u00e7in tan\u0131nm\u0131yor.<\/p>\n<p style=\"text-align: justify;\">Elaz\u0131\u011f\u2019da depremin ard\u0131ndan kurtarma \u00e7al\u0131\u015fmalar\u0131n\u0131 y\u00fcr\u00fcten Korgeneral \u00d6zarslan, b\u00f6lgeye gelen Ba\u015fbakan Erdo\u011fan\u2019a e\u015flik ederek bilgi vermi\u015fti.<\/p>\n<p style=\"text-align: justify;\"><a href=\"http:\/\/haber.gazetevatan.com\/pasanin-annesi-tutuklama-haberine-dayanamadi\/359363\/1\/Gundem\" target=\"_blank\"><span style=\"color: #888888;\">Kaynak : VATAN<\/span><\/a><\/p>\n<p style=\"text-align: justify;\">\n<hr style=\"width: 500px;\" \/>\n<p><strong>\u00d6zel izinle cenazeye kat\u0131ld\u0131<\/strong><\/p>\n<p style=\"text-align: justify;\">Mustafa Korkut \u00d6zarslan annesinin \u00f6l\u00fcm haberini cezaevinde ald\u0131. Avukat\u0131, Korgeneral \u00d6zarslan\u2019\u0131n annesinin bug\u00fcn \u00dcsk\u00fcdar Selimiye Camii\u2019nde d\u00fczenlenecek cenazesine kat\u0131labilmesi i\u00e7in mahkemeye izin dilek\u00e7esi sundu.<\/p>\n<p style=\"text-align: justify;\">Dilek\u00e7e kabul edildi ve Korgeneral \u00d6zarslan, \u00f6zel izin ile annesinin cenazesine kat\u0131ld\u0131.<\/p>\n<p style=\"text-align: justify;\">Selimiye Camii&#8217;ne gelen \u00d6zarslan, bas\u0131n mensuplar\u0131na &#8220;Annemin cenazesine geldim, sa\u011f olun arkada\u015flar&#8221; dedi.<\/p>\n<p style=\"text-align: justify;\">Korgeneral \u00d6zarslan, cami avlusunda e\u015fi Selda \u00d6zarslan ile taziyeleri kabul ediyor.<\/p>\n","protected":false},"excerpt":{"rendered":"<p style=\"text-align: center;\">\n<p style=\"text-align: justify;\">Balyoz davas\u0131 kapsam\u0131nda tutuklanarak Hasdal Cezaevi\u2019ne g\u00f6nderilen 8. Kolordu Komutan\u0131 Korgeneral Mustafa Korkut \u00d6zarslan\u2019\u0131n annesi Bedriye \u00d6zarslan, o\u011flunun tutuklama haberini tedavi g\u00f6rd\u00fc\u011f\u00fc GATA Hastanesi\u2019nde ald\u0131. Bir hafta \u00f6nce aya\u011f\u0131ndaki k\u0131r\u0131k nedeniyle hastanede tedavi alt\u0131na alan Bedriye \u00d6zarslan, ge\u00e7ti\u011fimiz cumartesi g\u00fcn\u00fc o\u011flunun tutuklanma haberini al\u0131nca fenala\u015ft\u0131. <\/p>\n","protected":false},"author":1,"featured_media":0,"comment_status":"open","ping_status":"closed","sticky":false,"template":"","format":"standard","meta":{"footnotes":""},"categories":[105],"tags":[],"class_list":["post-28391","post","type-post","status-publish","format-standard","hentry","category-gundem","odd"],"_links":{"self":[{"href":"http:\/\/www.korhanyilmaz.com\/index.php?rest_route=\/wp\/v2\/posts\/28391","targetHints":{"allow":["GET"]}}],"collection":[{"href":"http:\/\/www.korhanyilmaz.com\/index.php?rest_route=\/wp\/v2\/posts"}],"about":[{"href":"http:\/\/www.korhanyilmaz.com\/index.php?rest_route=\/wp\/v2\/types\/post"}],"author":[{"embeddable":true,"href":"http:\/\/www.korhanyilmaz.com\/index.php?rest_route=\/wp\/v2\/users\/1"}],"replies":[{"embeddable":true,"href":"http:\/\/www.korhanyilmaz.com\/index.php?rest_route=%2Fwp%2Fv2%2Fcomments&post=28391"}],"version-history":[{"count":0,"href":"http:\/\/www.korhanyilmaz.com\/index.php?rest_route=\/wp\/v2\/posts\/28391\/revisions"}],"wp:attachment":[{"href":"http:\/\/www.korhanyilmaz.com\/index.php?rest_route=%2Fwp%2Fv2%2Fmedia&parent=28391"}],"wp:term":[{"taxonomy":"category","embeddable":true,"href":"http:\/\/www.korhanyilmaz.com\/index.php?rest_route=%2Fwp%2Fv2%2Fcategories&post=28391"},{"taxonomy":"post_tag","embeddable":true,"href":"http:\/\/www.korhanyilmaz.com\/index.php?rest_route=%2Fwp%2Fv2%2Ftags&post=28391"}],"curies":[{"name":"wp","href":"https:\/\/api.w.org\/{rel}","templated":true}]}}