{"id":28387,"date":"2011-02-15T08:35:32","date_gmt":"2011-02-15T06:35:32","guid":{"rendered":"http:\/\/www.korhanyilmaz.com\/?p=28387"},"modified":"2011-02-15T08:35:32","modified_gmt":"2011-02-15T06:35:32","slug":"gul-halka-zit-gitmemek-gerek","status":"publish","type":"post","link":"http:\/\/www.korhanyilmaz.com\/?p=28387","title":{"rendered":"G\u00fcl: &#8220;Halka z\u0131t gitmemek gerek&#8221;"},"content":{"rendered":"<p style=\"text-align: justify;\"><a href=\"http:\/\/www.korhanyilmaz.com\/wp-content\/uploads\/2011\/02\/356.jpg\"  class=\"lightview\"><img loading=\"lazy\" decoding=\"async\" class=\"aligncenter size-full wp-image-28388\" src=\"http:\/\/www.korhanyilmaz.com\/wp-content\/uploads\/2011\/02\/356.jpg\" alt=\"\" width=\"292\" height=\"184\" \/><\/a><\/p>\n<p style=\"text-align: justify;\">\u0130ran&#8217;da bulunan Cumhurba\u015fkan\u0131 Abdullah G\u00fcl, \u0130ran&#8217;\u0131n da aralar\u0131nda bulundu\u011fu bir\u00e7ok \u00fclkeyi etkisi alt\u0131na alan isyan dalgas\u0131n\u0131 de\u011ferlendirdi, &#8220;Halka z\u0131t gitmemek gerek. K\u0131sadan hisse herkes kendisine \u00e7\u0131kartacakt\u0131r. Kim \u00e7\u0131kart\u0131rsa kazan\u0131r, \u00e7\u0131kartmasa ise bug\u00fcn olmazsa yar\u0131n ayn\u0131 \u015feylerle kar\u015f\u0131 kar\u015f\u0131ya kal\u0131r&#8221; dedi. <!--more--><\/p>\n<p style=\"text-align: justify;\">G\u00fcl, kald\u0131\u011f\u0131 Espinas Otel&#8217;de gazetecilerle sohbet etti.<\/p>\n<p style=\"text-align: justify;\">G\u00fcl, \u0130ran&#8217;da muhalifler taraf\u0131ndan ger\u00e7ekle\u015ftirilen ancak polisin sert m\u00fcdahalede bulundu\u011fu g\u00f6sterileri de de\u011ferlendirdi.<\/p>\n<p style=\"text-align: justify;\">&#8220;Olaylardan haberimiz oldu, televizyonlarda her t\u00fcrl\u00fc g\u00f6rd\u00fck&#8221; diyen G\u00fcl, &#8220;Biz veriyoruz T\u00fcrkiye&#8217;den mesaj\u0131, a\u00e7\u0131k\u00e7a s\u00f6yledim. Daha \u00f6nce de konu\u015ftuk, do\u011frular\u0131 s\u00f6yl\u00fcyoruz, bu olaylar yokken de t\u00fcm bu b\u00f6lgedeki krallar, cumhurba\u015fkanlar\u0131, ba\u015fbakanlar, bakanlar kap\u0131lar ard\u0131ndan ve bu t\u00fcr toplant\u0131larda \u00e7ok konu\u015ftuk. Bunlar\u0131 \u00e7ok samimi konu\u015ftu\u011fumuz i\u00e7in i\u00e7erden bir insan olarak kendi fikirlerimiz olarak konu\u015ftu\u011fumuz i\u00e7in daha evvel bizden duyduklar\u0131 i\u00e7in hi\u00e7bir art niyet aramad\u0131lar. Yani \u015funun s\u00f6z\u00fcn\u00fc buraya ileten \u00f6b\u00fcr\u00fcn\u00fcn mesaj\u0131n\u0131 buraya getirenler olarak g\u00f6rmediler&#8221; dedi.<\/p>\n<p style=\"text-align: justify;\">Halka s\u0131rt \u00e7evirmenin \u00e7\u00f6z\u00fcm olmad\u0131\u011f\u0131n\u0131 da kaydeden Cumhurba\u015fkan\u0131 G\u00fcl, &#8220;Bunlar\u0131n ac\u0131lar\u0131 \u00e7\u0131k\u0131yor. \u00c7a\u011f farkl\u0131 bir \u00e7a\u011f, belki mobil telefonlar kapat\u0131l\u0131yor, ancak televizyonlar her\u015feyi g\u00f6steriyor. Bunun i\u00e7in \u00f6nc\u00fcl\u00fck yapmak laz\u0131m. Halka z\u0131t olarak bi\u015fey yapmamak laz\u0131m. Bunlar\u0131 genel olarak s\u00f6yl\u00fcyorum, bu \u00fclkeyle ilgili s\u00f6ylemiyorum. B\u00fct\u00fcn Ortado\u011fu \u00fclkeleri, hepimiz i\u00e7in s\u00f6yl\u00fcyorum&#8221; ifadesini kulland\u0131.<\/p>\n<p style=\"text-align: justify;\">Cumhurba\u015fkan\u0131 G\u00fcl, &#8220;T\u00fcrkiye burada nerde derseniz T\u00fcrkiye kendi imkanlar\u0131yla kendi insiyatifini kullanarak kendi demokrasisini geli\u015ftiriyor, hukuk standartlar\u0131n\u0131 y\u00fckseltiyor, kendi tabular\u0131n\u0131 kendi yasaklar\u0131n\u0131 kendi eliyle kald\u0131r\u0131yor \u015fimdi. D\u00fc\u015f\u00fcnsenize 10 sene \u00f6ncesini demiyorum, 3-4 sene \u00f6ncesini diyorum ne yasaklar vard\u0131. Bunlar kalkarsa, memleket biter, kaoslar \u00e7\u0131kar bu afakanlarla ya\u015fad\u0131k, ola\u011fan\u00fcst\u00fc haller, s\u0131k\u0131y\u00f6netimler. Ancak bunlar\u0131 elbirli\u011fiyle geride b\u0131rakt\u0131k&#8221; diye konu\u015ftu.<\/p>\n<p style=\"text-align: justify;\"><strong>&#8220;Herkes ders \u00e7\u0131kartmal\u0131&#8221; <\/strong><\/p>\n<p style=\"text-align: justify;\">\u00dclkelerin reformlar yapmas\u0131 gerekti\u011fine de de\u011finen Cumhurba\u015fkan\u0131 G\u00fcl, \u015funlar\u0131 s\u00f6yledi:<\/p>\n<p style=\"text-align: justify;\">&#8220;Reformlara tabi tutmas\u0131 gerekir, \u015fefafl\u0131k sadece siyasi de\u011fil, ekonomik reformlarda gerekli. \u00d6b\u00fcr t\u00fcrl\u00fc olunca rejime, devlete muhalefet yap\u0131l\u0131yor, ancak demokrasi geli\u015fti\u011finde siyasi muhalifler olur. Rejim ve devlet muhalifi olmaz. Endonezya \u00f6rne\u011fi, en b\u00fcy\u00fck m\u00fcsl\u00fcman \u00fclke, \u00e7ok b\u00fcy\u00fck s\u0131k\u0131nt\u0131lar ge\u00e7ti ancak parlamenter sistemine ge\u00e7ti ve k\u00f6kl\u00fc reformlar yap\u0131yorlar. B\u00fct\u00fcn bu olup bitenlerler herkese bir ders. Herkes kendisine bir \u00e7eki d\u00fczen verecektir, gerekli tedbirler alacakt\u0131r. K\u0131sadan hisse herkes kendisine \u00e7\u0131kartacakt\u0131r. Kim \u00e7\u0131kart\u0131rsa kazan\u0131r, \u00e7\u0131kartmasa ise bug\u00fcn olmazsa yar\u0131n ayn\u0131 \u015feylerle kar\u015f\u0131 kar\u015f\u0131ya kal\u0131r.&#8221;<\/p>\n<p style=\"text-align: justify;\"><a href=\"http:\/\/www.cnnturk.com\/2011\/dunya\/02\/15\/gul.halka.zit.gitmemek.gerek\/606825.0\/index.html\" target=\"_blank\"><span style=\"color: #888888;\">CNN T\u00dcRK<\/span><\/a><\/p>\n","protected":false},"excerpt":{"rendered":"<p style=\"text-align: justify;\">\n<p style=\"text-align: justify;\">\u0130ran&#8217;da bulunan Cumhurba\u015fkan\u0131 Abdullah G\u00fcl, \u0130ran&#8217;\u0131n da aralar\u0131nda bulundu\u011fu bir\u00e7ok \u00fclkeyi etkisi alt\u0131na alan isyan dalgas\u0131n\u0131 de\u011ferlendirdi, &#8220;Halka z\u0131t gitmemek gerek. K\u0131sadan hisse herkes kendisine \u00e7\u0131kartacakt\u0131r. Kim \u00e7\u0131kart\u0131rsa kazan\u0131r, \u00e7\u0131kartmasa ise bug\u00fcn olmazsa yar\u0131n ayn\u0131 \u015feylerle kar\u015f\u0131 kar\u015f\u0131ya kal\u0131r&#8221; dedi. <\/p>\n","protected":false},"author":1,"featured_media":0,"comment_status":"open","ping_status":"closed","sticky":false,"template":"","format":"standard","meta":{"footnotes":""},"categories":[105],"tags":[],"class_list":["post-28387","post","type-post","status-publish","format-standard","hentry","category-gundem","odd"],"_links":{"self":[{"href":"http:\/\/www.korhanyilmaz.com\/index.php?rest_route=\/wp\/v2\/posts\/28387","targetHints":{"allow":["GET"]}}],"collection":[{"href":"http:\/\/www.korhanyilmaz.com\/index.php?rest_route=\/wp\/v2\/posts"}],"about":[{"href":"http:\/\/www.korhanyilmaz.com\/index.php?rest_route=\/wp\/v2\/types\/post"}],"author":[{"embeddable":true,"href":"http:\/\/www.korhanyilmaz.com\/index.php?rest_route=\/wp\/v2\/users\/1"}],"replies":[{"embeddable":true,"href":"http:\/\/www.korhanyilmaz.com\/index.php?rest_route=%2Fwp%2Fv2%2Fcomments&post=28387"}],"version-history":[{"count":0,"href":"http:\/\/www.korhanyilmaz.com\/index.php?rest_route=\/wp\/v2\/posts\/28387\/revisions"}],"wp:attachment":[{"href":"http:\/\/www.korhanyilmaz.com\/index.php?rest_route=%2Fwp%2Fv2%2Fmedia&parent=28387"}],"wp:term":[{"taxonomy":"category","embeddable":true,"href":"http:\/\/www.korhanyilmaz.com\/index.php?rest_route=%2Fwp%2Fv2%2Fcategories&post=28387"},{"taxonomy":"post_tag","embeddable":true,"href":"http:\/\/www.korhanyilmaz.com\/index.php?rest_route=%2Fwp%2Fv2%2Ftags&post=28387"}],"curies":[{"name":"wp","href":"https:\/\/api.w.org\/{rel}","templated":true}]}}