{"id":28383,"date":"2011-02-15T07:59:02","date_gmt":"2011-02-15T05:59:02","guid":{"rendered":"http:\/\/www.korhanyilmaz.com\/?p=28383"},"modified":"2011-02-15T07:59:02","modified_gmt":"2011-02-15T05:59:02","slug":"basbug-ve-buyukanit-tutuklanacak","status":"publish","type":"post","link":"http:\/\/www.korhanyilmaz.com\/?p=28383","title":{"rendered":"&#8220;Ba\u015fbu\u011f ve B\u00fcy\u00fckan\u0131t tutuklanacak!&#8221;"},"content":{"rendered":"<p style=\"text-align: center;\"><a href=\"http:\/\/www.korhanyilmaz.com\/wp-content\/uploads\/2011\/02\/355.jpg\"  class=\"lightview\"><img loading=\"lazy\" decoding=\"async\" class=\"aligncenter size-full wp-image-28384\" src=\"http:\/\/www.korhanyilmaz.com\/wp-content\/uploads\/2011\/02\/355.jpg\" alt=\"\" width=\"307\" height=\"236\" \/><\/a><\/p>\n<p style=\"text-align: justify;\">Balyoz soru\u015fturmas\u0131n\u0131 ba\u015flatan belgelere ula\u015fan Taraf gazetesi muhabiri Mehmet Baransu&#8217;dan \u00e7arp\u0131c\u0131 bir iddia daha geldi, &#8220;Yak\u0131n zamanda \u0130lker Ba\u015fbu\u011f irtica ile m\u00fccadele eylem plan\u0131 sebebiyle Ya\u015far B\u00fcy\u00fckan\u0131t da e-muht\u0131ra dolas\u0131yla tutuklanacaklar&#8221; dedi.<\/p>\n<p style=\"text-align: justify;\">Balyoz yarg\u0131lamalar\u0131nda G\u00f6lc\u00fck&#8217;ten yeni deliller \u00e7\u0131kt\u0131\u011f\u0131 iddias\u0131yla aralar\u0131nda \u00c7etin Do\u011fan, \u00d6zden \u00d6rnek ve \u0130brahim F\u0131rt\u0131na ile \u00e7ok say\u0131da muvazzaf generalin oldu\u011fu 163 san\u0131k i\u00e7in tutuklama karar\u0131 \u00e7\u0131kt\u0131. <!--more--><\/p>\n<p style=\"text-align: justify;\">Taraf gazetesinden Mehmet Baransu, son ya\u015fanan tutuklamalar ile ilgili olarak Dipnot.tv&#8217;ye konu\u015ftu:<\/p>\n<p style=\"text-align: justify;\">&#8220;D\u00fcn ilk olarak mahkeme salonunda yap\u0131lanlar \u00e7ok \u00e7irkindi mahkeme ba\u015fkan\u0131n\u0131 tehdit etmeden tutun da Harbiye Mar\u015f\u0131 s\u00f6ylemeye kadar; hala kendileri imtiyazl\u0131 bir s\u0131n\u0131f olarak g\u00f6r\u00fcyorlar ama T\u00fcrkiye&#8217;de her\u015fey de\u011fi\u015fti.&#8221;<\/p>\n<p style=\"text-align: justify;\">Mehmet Baransu, yak\u0131nda yeni belgelerin ortaya \u00e7\u0131kaca\u011f\u0131n\u0131 iddia ederek \u015f\u00f6yle konu\u015ftu :<\/p>\n<p style=\"text-align: justify;\">&#8220;Art\u0131k kimse imtiyazl\u0131 de\u011fil. Ben bu tutuklamalar\u0131 tahmin etmi\u015ftim daha \u00f6nceden \u00e7\u00fcnk\u00fc 3 g\u00fcn \u00f6nce \u00c7etin Do\u011fan&#8217;\u0131n avukat\u0131 \u00f6zel bir hastahaneden rapor ald\u0131 omzunda s\u0131k\u0131nt\u0131 var diye. Normalde rapor GATA&#8217;dan al\u0131nmas\u0131 gerekirken \u00f6zel bir hastahaneden al\u0131nd\u0131. Ben de d\u00fc\u015f\u00fcnd\u00fcm yak\u0131nda kokusu \u00e7\u0131kacak bu i\u015fin diye. D\u00fcn ya\u015fanan T\u00fcrkiye&#8217;de bir ilk, 2 Orgeneral \u015fu anda cezaevinde G\u00f6lc\u00fck&#8217;teki aramada ele ge\u00e7en belgeler \u00e7ok \u00f6nemliydi. Bunun yan\u0131 s\u0131ra di\u011fer komutanl\u0131klar da b\u00f6yle bilgiler \u00e7\u0131kabilir sadece G\u00f6lc\u00fck&#8217;teki Donanma&#8217;da var diye bir \u015fey yok. Her yerden b\u00f6yle belgeler \u00e7\u0131kabilir ve bu belgeler ortaya \u00e7\u0131kmadan imha edebilirler bunun \u00f6nlemi al\u0131nmas\u0131 gerekir.&#8221;<\/p>\n<p style=\"text-align: justify;\">Baransu ortaya ilgin\u00e7 bir de iddia att\u0131:<\/p>\n<p style=\"text-align: justify;\">&#8220;Yak\u0131n zamanda \u0130lker Ba\u015fbu\u011f irtica ile m\u00fccadele eylem plan\u0131 sebebiyle Ya\u015far B\u00fcy\u00fckan\u0131t da e-muht\u0131ra dolas\u0131yla tutuklanacaklar&#8221;<\/p>\n<p style=\"text-align: justify;\"><a href=\"http:\/\/www.cnnturk.com\/2011\/yazarlar\/02\/15\/basbug.ve.buyukanit.tutuklanacak\/606818.0\/index.html\" target=\"_blank\"><span style=\"color: #888888;\">Kaynak : CNN T\u00dcRK<\/span><\/a><\/p>\n","protected":false},"excerpt":{"rendered":"<p style=\"text-align: center;\">\n<p style=\"text-align: justify;\">Balyoz soru\u015fturmas\u0131n\u0131 ba\u015flatan belgelere ula\u015fan Taraf gazetesi muhabiri Mehmet Baransu&#8217;dan \u00e7arp\u0131c\u0131 bir iddia daha geldi, &#8220;Yak\u0131n zamanda \u0130lker Ba\u015fbu\u011f irtica ile m\u00fccadele eylem plan\u0131 sebebiyle Ya\u015far B\u00fcy\u00fckan\u0131t da e-muht\u0131ra dolas\u0131yla tutuklanacaklar&#8221; dedi.<\/p>\n<p style=\"text-align: justify;\">Balyoz yarg\u0131lamalar\u0131nda G\u00f6lc\u00fck&#8217;ten yeni deliller \u00e7\u0131kt\u0131\u011f\u0131 iddias\u0131yla aralar\u0131nda \u00c7etin Do\u011fan, \u00d6zden \u00d6rnek ve \u0130brahim F\u0131rt\u0131na ile <\/p>\n","protected":false},"author":1,"featured_media":0,"comment_status":"open","ping_status":"closed","sticky":false,"template":"","format":"standard","meta":{"footnotes":""},"categories":[105],"tags":[],"class_list":["post-28383","post","type-post","status-publish","format-standard","hentry","category-gundem","odd"],"_links":{"self":[{"href":"http:\/\/www.korhanyilmaz.com\/index.php?rest_route=\/wp\/v2\/posts\/28383","targetHints":{"allow":["GET"]}}],"collection":[{"href":"http:\/\/www.korhanyilmaz.com\/index.php?rest_route=\/wp\/v2\/posts"}],"about":[{"href":"http:\/\/www.korhanyilmaz.com\/index.php?rest_route=\/wp\/v2\/types\/post"}],"author":[{"embeddable":true,"href":"http:\/\/www.korhanyilmaz.com\/index.php?rest_route=\/wp\/v2\/users\/1"}],"replies":[{"embeddable":true,"href":"http:\/\/www.korhanyilmaz.com\/index.php?rest_route=%2Fwp%2Fv2%2Fcomments&post=28383"}],"version-history":[{"count":0,"href":"http:\/\/www.korhanyilmaz.com\/index.php?rest_route=\/wp\/v2\/posts\/28383\/revisions"}],"wp:attachment":[{"href":"http:\/\/www.korhanyilmaz.com\/index.php?rest_route=%2Fwp%2Fv2%2Fmedia&parent=28383"}],"wp:term":[{"taxonomy":"category","embeddable":true,"href":"http:\/\/www.korhanyilmaz.com\/index.php?rest_route=%2Fwp%2Fv2%2Fcategories&post=28383"},{"taxonomy":"post_tag","embeddable":true,"href":"http:\/\/www.korhanyilmaz.com\/index.php?rest_route=%2Fwp%2Fv2%2Ftags&post=28383"}],"curies":[{"name":"wp","href":"https:\/\/api.w.org\/{rel}","templated":true}]}}