{"id":28376,"date":"2011-02-15T08:07:12","date_gmt":"2011-02-15T06:07:12","guid":{"rendered":"http:\/\/www.korhanyilmaz.com\/?p=28376"},"modified":"2011-02-15T08:07:12","modified_gmt":"2011-02-15T06:07:12","slug":"hilmi-ozkok-uykularim-kaciyor","status":"publish","type":"post","link":"http:\/\/www.korhanyilmaz.com\/?p=28376","title":{"rendered":"Hilmi \u00d6zk\u00f6k: &#8220;Uykular\u0131m ka\u00e7\u0131yor&#8221;"},"content":{"rendered":"<p style=\"text-align: justify;\"><a href=\"http:\/\/www.korhanyilmaz.com\/wp-content\/uploads\/2011\/02\/353.jpg\"  class=\"lightview\"><img loading=\"lazy\" decoding=\"async\" class=\"aligncenter size-full wp-image-28377\" src=\"http:\/\/www.korhanyilmaz.com\/wp-content\/uploads\/2011\/02\/353.jpg\" alt=\"\" width=\"307\" height=\"236\" \/><\/a><\/p>\n<p style=\"text-align: justify;\">Eski Genelkurmay Ba\u015fkan\u0131 emekli Orgeneral Hilmi \u00d6zk\u00f6k, Balyoz davas\u0131 s\u00fcrecinde al\u0131nan tutuklama kararlar\u0131 ve sonras\u0131ndaki geli\u015fmelerle ilgili olarak, &#8220;Bu ya\u015fananlara tabii ki hassasiyet duyuyorum. Memleketin bu halinde ya\u015fananlar\u0131, gerginlikleri g\u00f6rd\u00fck\u00e7e \u00e7ok \u00fcz\u00fcl\u00fcyorum, uykular\u0131m ka\u00e7\u0131yor\u201d dedi. <!--more--><\/p>\n<p style=\"text-align: justify;\">Balyoz davas\u0131na konu olan 2003 Mart ay\u0131ndaki \u0130stanbul 1\u2019inci Ordu\u2019daki seminer s\u0131ras\u0131nda d\u00f6nemin Genelkurmay Ba\u015fkan\u0131 olan emekli Orgeneral Hilmi \u00d6zk\u00f6k, Balyoz davas\u0131 s\u00fcresince 106\u2019s\u0131 muvazzaf 163 subaya dair tutuklama karar\u0131 ve sonras\u0131nda ya\u015fanan geli\u015fmelerin ard\u0131ndan H\u00fcrriyet\u2019e konu\u015ftu.<\/p>\n<p style=\"text-align: justify;\">Emekli Orgeneral \u00d6zk\u00f6k, bug\u00fcne dek kendisine sorulan sorular \u00fczerine yapt\u0131\u011f\u0131 a\u00e7\u0131klamalar\u0131n\u0131n yanl\u0131\u015f noktalara \u00e7ekilmesinden asl\u0131nda rahats\u0131z. Hatta bu konuda s\u00fcre\u00e7le ilgili geli\u015fmeler ve tutuklamalara dair kesinlikle yorum yapmak istemedi. Ancak \u00fcz\u00fcnt\u00fcs\u00fcn\u00fc de samimi c\u00fcmlelerle ifade etmekten ka\u00e7\u0131nmad\u0131. \u0130\u015fte \u00d6zk\u00f6k\u2019\u00fcn s\u00f6zleri:<\/p>\n<p style=\"text-align: justify;\">&#8211; Bu \u00fclkeyle ilgili \u00f6nemli konularda, sa\u011fduyulu olmam\u0131z gereken meselelerde, art\u0131k hepimiz neredeyse bilincimizi kaybedip futbol tak\u0131m\u0131 tutar gibi taraf tutuyoruz. Yapmam\u0131z gereken iyiye iyi, k\u00f6t\u00fcye k\u00f6t\u00fc demek. Do\u011fru bildi\u011fimizi s\u00f6ylemeye, kim ne der diye d\u00fc\u015f\u00fcnmeden devam etmek. \u0130yi niyetle s\u00f6yledi\u011fim k\u00f6t\u00fc noktalara \u00e7ekildi.<\/p>\n<p style=\"text-align: justify;\">&#8211; Asl\u0131nda Balyoz davas\u0131yla ilgili ya\u015fanan geli\u015fmeler ve sonras\u0131nda tutuklama karar\u0131yla ilgili meselelere girmek istemiyorum. Bug\u00fcne kadar iyi niyetle s\u00f6yledi\u011fim bir\u00e7ok s\u00f6z \u00e7ok k\u00f6t\u00fc niyetli noktalara \u00e7ekildi. Bug\u00fcn bakt\u0131\u011f\u0131m\u0131zda asl\u0131nda garp cephesinde yeni bir \u015fey yok. Yapmam\u0131z gereken ideal bir demokraside insan haklar\u0131na ho\u015fg\u00f6r\u00fcl\u00fc bir bi\u00e7imde, birbirinin d\u00fc\u015f\u00fcncelerine sayg\u0131l\u0131 \u015fekilde, birbirine katlanarak, en zor konular\u0131 bile tart\u0131\u015fabilmek.<\/p>\n<p style=\"text-align: justify;\">&#8211; \u015eimdi Genelkurmay Ba\u015fkan\u0131m\u0131z\u0131n veya g\u00f6revdeki komutanlar\u0131m\u0131z\u0131n ben ne yapmas\u0131 gerekti\u011fini, alttan gelen taleplere nas\u0131l davranmas\u0131 icap etti\u011fi \u00fczerine bir \u015fey s\u00f6yleyemem. Bu takdir tamamen kendisine ve komuta kademesine aittir. Do\u011frusunu onlar bilir.<\/p>\n<p style=\"text-align: justify;\"><strong>Bizim son kullanma tarihimiz ge\u00e7ti <\/strong><\/p>\n<p style=\"text-align: justify;\">&#8211; Emekli komutanlar olarak biz g\u00f6revimizi tamamlad\u0131k, yani son kullanma tarihimiz ge\u00e7ti. Ama bu ya\u015fananlara tabii ki hassasiyet duyuyorum. Memleketin bu halinde ya\u015fananlar\u0131, gerginlikleri g\u00f6rd\u00fck\u00e7e \u00e7ok \u00fcz\u00fcl\u00fcyorum, uykular\u0131m ka\u00e7\u0131yor. \u00dcz\u00fclmemek elde mi? Bu kadar meslekta\u015f\u0131m\u0131z\u0131n, silah arkada\u015f\u0131m\u0131z\u0131n ya\u015fad\u0131\u011f\u0131 durumla ilgili bir hassasiyetimizin olmamas\u0131 m\u00fcmk\u00fcn m\u00fc? Olmazsa ay\u0131p.<\/p>\n<p style=\"text-align: justify;\">&#8211; Medyaya bak\u0131yorum, herkes s\u00fcre\u00e7le ilgili bir \u015feyler s\u00f6yl\u00fcyor. Tabi ki s\u00f6ylemek haklar\u0131 olabilir ama ben eski bir Genelkurmay Ba\u015fkan\u0131 olarak, d\u00f6nemin komutan\u0131 konumu itibariyle s\u00fcrece sayg\u0131s\u0131 olan bir isim olarak konu\u015fursam, yarg\u0131ya o zaman etki etmi\u015f olurum. Bu nedenle \u2018Asl\u0131nda \u015f\u00f6yle oldu, b\u00f6yle oldu\u2019 diyerek benim bu s\u00fcrece m\u00fcdahalem olamaz.<\/p>\n<p style=\"text-align: justify;\"><a href=\"http:\/\/www.cnnturk.com\/2011\/yazarlar\/02\/15\/hilmi.ozkok.uykularim.kaciyor\/606819.0\/index.html\" target=\"_blank\"><span style=\"color: #888888;\">CNN T\u00dcRK<\/span><\/a><\/p>\n","protected":false},"excerpt":{"rendered":"<p style=\"text-align: justify;\">\n<p style=\"text-align: justify;\">Eski Genelkurmay Ba\u015fkan\u0131 emekli Orgeneral Hilmi \u00d6zk\u00f6k, Balyoz davas\u0131 s\u00fcrecinde al\u0131nan tutuklama kararlar\u0131 ve sonras\u0131ndaki geli\u015fmelerle ilgili olarak, &#8220;Bu ya\u015fananlara tabii ki hassasiyet duyuyorum. Memleketin bu halinde ya\u015fananlar\u0131, gerginlikleri g\u00f6rd\u00fck\u00e7e \u00e7ok \u00fcz\u00fcl\u00fcyorum, uykular\u0131m ka\u00e7\u0131yor\u201d dedi. <\/p>\n","protected":false},"author":1,"featured_media":0,"comment_status":"open","ping_status":"closed","sticky":false,"template":"","format":"standard","meta":{"footnotes":""},"categories":[105],"tags":[],"class_list":["post-28376","post","type-post","status-publish","format-standard","hentry","category-gundem","odd"],"_links":{"self":[{"href":"http:\/\/www.korhanyilmaz.com\/index.php?rest_route=\/wp\/v2\/posts\/28376","targetHints":{"allow":["GET"]}}],"collection":[{"href":"http:\/\/www.korhanyilmaz.com\/index.php?rest_route=\/wp\/v2\/posts"}],"about":[{"href":"http:\/\/www.korhanyilmaz.com\/index.php?rest_route=\/wp\/v2\/types\/post"}],"author":[{"embeddable":true,"href":"http:\/\/www.korhanyilmaz.com\/index.php?rest_route=\/wp\/v2\/users\/1"}],"replies":[{"embeddable":true,"href":"http:\/\/www.korhanyilmaz.com\/index.php?rest_route=%2Fwp%2Fv2%2Fcomments&post=28376"}],"version-history":[{"count":0,"href":"http:\/\/www.korhanyilmaz.com\/index.php?rest_route=\/wp\/v2\/posts\/28376\/revisions"}],"wp:attachment":[{"href":"http:\/\/www.korhanyilmaz.com\/index.php?rest_route=%2Fwp%2Fv2%2Fmedia&parent=28376"}],"wp:term":[{"taxonomy":"category","embeddable":true,"href":"http:\/\/www.korhanyilmaz.com\/index.php?rest_route=%2Fwp%2Fv2%2Fcategories&post=28376"},{"taxonomy":"post_tag","embeddable":true,"href":"http:\/\/www.korhanyilmaz.com\/index.php?rest_route=%2Fwp%2Fv2%2Ftags&post=28376"}],"curies":[{"name":"wp","href":"https:\/\/api.w.org\/{rel}","templated":true}]}}