{"id":28371,"date":"2011-02-14T12:44:14","date_gmt":"2011-02-14T10:44:14","guid":{"rendered":"http:\/\/www.korhanyilmaz.com\/?p=28371"},"modified":"2011-02-14T12:44:14","modified_gmt":"2011-02-14T10:44:14","slug":"at-sirtinda-tesis-aradi","status":"publish","type":"post","link":"http:\/\/www.korhanyilmaz.com\/?p=28371","title":{"rendered":"At s\u0131rt\u0131nda tesis arad\u0131"},"content":{"rendered":"<p style=\"text-align: center;\"><a href=\"http:\/\/www.korhanyilmaz.com\/wp-content\/uploads\/2011\/02\/351.jpg\"  class=\"lightview\"><img loading=\"lazy\" decoding=\"async\" class=\"aligncenter size-full wp-image-28372\" src=\"http:\/\/www.korhanyilmaz.com\/wp-content\/uploads\/2011\/02\/351.jpg\" alt=\"\" width=\"420\" height=\"210\" \/><\/a><\/p>\n<p style=\"text-align: justify;\">CHP Ardahan Milletvekili Ensar \u00d6\u011f\u00fct, Ba\u015fbakan Erdo\u011fan taraf\u0131ndan Ardahan\u2019da hizmete a\u00e7\u0131lan 27 tesisle ilgili ara\u015ft\u0131rma ba\u015flatt\u0131. Vali Mustafa Tekmen\u2019den toplu a\u00e7\u0131l\u0131\u015fla hizmete giren tesislerin listesini alamayan Ensar \u00d6\u011f\u00fct, at s\u0131rt\u0131nda k\u00f6yleri dola\u015ft\u0131. \u00d6\u011f\u00fct, 27 tesisin listesinin verilmemesi halinde TBMM\u2019de ara\u015ft\u0131rma komisyonu kurulmas\u0131 isteyece\u011fini s\u00f6yledi. <!--more--><\/p>\n<p style=\"text-align: justify;\"><a href=\"http:\/\/www.korhanyilmaz.com\/wp-content\/uploads\/2011\/02\/352.jpg\"  class=\"lightview\"><img loading=\"lazy\" decoding=\"async\" class=\"alignleft size-full wp-image-28373\" style=\"margin-left: 10px; margin-right: 10px;\" src=\"http:\/\/www.korhanyilmaz.com\/wp-content\/uploads\/2011\/02\/352.jpg\" alt=\"\" width=\"245\" height=\"250\" \/><\/a>CHP Ardahan Milletvekili Ensar \u00d6\u011f\u00fct, 21 Ocak 2011 g\u00fcn\u00fc Ba\u015fbakan Recep Tayyip Erdo\u011fan\u2019\u0131n Ardahan\u2019da toplu a\u00e7\u0131l\u0131\u015f t\u00f6reniyle hizmete giren 27 tesisin nerede oldu\u011funu ara\u015ft\u0131rma \u00e7al\u0131\u015fmalar\u0131n\u0131 s\u00fcrd\u00fcr\u00fcyor. T\u00f6renle hizmete girdi\u011fi a\u00e7\u0131klanan 27 tesisin listesini Vali Mustafa Tekmen\u2019den \u00f6nce s\u00f6zl\u00fc, sonra yaz\u0131l\u0131 isteyen Ensar \u00d6\u011f\u00fct, cevap alamay\u0131nca, ara\u015ft\u0131rmaya ba\u015flad\u0131. K\u00f6ylerde hizmete girdi\u011fi s\u00f6ylenen menfezleri bulmak i\u00e7in G\u00f6le\u2019nin \u00c7al\u0131dere K\u00f6y\u00fcne gitmek i\u00e7in yola \u00e7\u0131kan \u00d6\u011f\u00fct, yollar\u0131n kapal\u0131 olmas\u0131 sebebiyle kar engelini ata binerek ge\u00e7ti.<\/p>\n<p style=\"text-align: justify;\"><strong>\u2019TES\u0130SLER\u0130N L\u0130STES\u0130N\u0130 VERS\u0130NLER\u2019<\/strong><\/p>\n<p style=\"text-align: justify;\">G\u00f6le \u0130l\u00e7esi\u2019ne ba\u011fl\u0131 \u00c7al\u0131dere K\u00f6y\u00fc\u2019ne d\u00fcn giderek a\u00e7\u0131lan menfezleri arayan \u00d6\u011f\u00fct, burada vatanda\u015flarla g\u00f6r\u00fc\u015ft\u00fc. Yakla\u015f\u0131k 500 metrelik yolu at s\u0131rt\u0131nda giden \u00d6\u011f\u00fct, Ardahan\u2019da hizmete girdi\u011fi a\u00e7\u0131klanan tesislerle ilgili bilgilere ula\u015famad\u0131\u011f\u0131n\u0131 belirterek \u015f\u00f6yle dedi:<\/p>\n<p style=\"text-align: justify;\">&#8220;Ba\u015fbakan\u2019\u0131n Ardahan program\u0131nda hizmete giren tesislerle ilgili bilgi alam\u0131yoruz. Vali Mustafa Tekmen\u2019den s\u00f6zl\u00fc ve yaz\u0131l\u0131 iste\u011fime ra\u011fmen bir cevap alamad\u0131m. Ba\u015fbakan ve \u0130\u00e7i\u015fleri Bakan\u0131\u2019ndan iste\u011fim 27 tesisin listesini vermeleridir. E\u011fer 27 tesisin listesi verilmezse, TBMM\u2019de ara\u015ft\u0131rma komisyonu kurulmas\u0131n\u0131 isteyece\u011fim. Biz yap\u0131lanlara kar\u015f\u0131 de\u011filiz, ancak, olmayacak i\u015fleri yap\u0131lm\u0131\u015f gibi g\u00f6stermelerine de bir anlam veremiyoruz.&#8221;<\/p>\n<p style=\"text-align: justify;\">Ba\u015fbakan taraf\u0131ndan a\u00e7\u0131lan TEDA\u015e binas\u0131n\u0131n 8 y\u0131l \u00f6nce yap\u0131ld\u0131\u011f\u0131n\u0131, T\u00fcrk Telekom binas\u0131n\u0131n ise onar\u0131ld\u0131\u011f\u0131n\u0131 ileri s\u00fcren Ensar \u00d6\u011f\u00fct, Ardahan ve il\u00e7elerinde hizmete girdi\u011fi bildirilen tesislerin kente bir kazan\u00e7 getirmedi\u011fini ileri s\u00fcrd\u00fc. Ba\u015fbakan Erdo\u011fan\u2019\u0131n Vali Tekmen\u2019e listeyi a\u00e7\u0131klamas\u0131 i\u00e7in talimat vermesini de isteyen \u00d6\u011f\u00fct, 27 tesisi tek tek belirlemek i\u00e7in ara\u015ft\u0131rmalar\u0131n\u0131 s\u00fcrd\u00fcrece\u011fini, sonucunu da kamuoyuyla payla\u015facaklar\u0131n\u0131 s\u00f6zlerine ekledi.<\/p>\n<p style=\"text-align: justify;\"><a href=\"http:\/\/haber.gazetevatan.com\/at-sirtinda-tesis-aradi\/359238\/9\/Siyaset\" target=\"_blank\"><span style=\"color: #888888;\">Kaynak : VATAN<\/span><\/a><\/p>\n","protected":false},"excerpt":{"rendered":"<p style=\"text-align: center;\">\n<p style=\"text-align: justify;\">CHP Ardahan Milletvekili Ensar \u00d6\u011f\u00fct, Ba\u015fbakan Erdo\u011fan taraf\u0131ndan Ardahan\u2019da hizmete a\u00e7\u0131lan 27 tesisle ilgili ara\u015ft\u0131rma ba\u015flatt\u0131. Vali Mustafa Tekmen\u2019den toplu a\u00e7\u0131l\u0131\u015fla hizmete giren tesislerin listesini alamayan Ensar \u00d6\u011f\u00fct, at s\u0131rt\u0131nda k\u00f6yleri dola\u015ft\u0131. \u00d6\u011f\u00fct, 27 tesisin listesinin verilmemesi halinde TBMM\u2019de ara\u015ft\u0131rma komisyonu kurulmas\u0131 isteyece\u011fini s\u00f6yledi. <\/p>\n","protected":false},"author":1,"featured_media":0,"comment_status":"open","ping_status":"closed","sticky":false,"template":"","format":"standard","meta":{"footnotes":""},"categories":[105],"tags":[],"class_list":["post-28371","post","type-post","status-publish","format-standard","hentry","category-gundem","odd"],"_links":{"self":[{"href":"http:\/\/www.korhanyilmaz.com\/index.php?rest_route=\/wp\/v2\/posts\/28371","targetHints":{"allow":["GET"]}}],"collection":[{"href":"http:\/\/www.korhanyilmaz.com\/index.php?rest_route=\/wp\/v2\/posts"}],"about":[{"href":"http:\/\/www.korhanyilmaz.com\/index.php?rest_route=\/wp\/v2\/types\/post"}],"author":[{"embeddable":true,"href":"http:\/\/www.korhanyilmaz.com\/index.php?rest_route=\/wp\/v2\/users\/1"}],"replies":[{"embeddable":true,"href":"http:\/\/www.korhanyilmaz.com\/index.php?rest_route=%2Fwp%2Fv2%2Fcomments&post=28371"}],"version-history":[{"count":0,"href":"http:\/\/www.korhanyilmaz.com\/index.php?rest_route=\/wp\/v2\/posts\/28371\/revisions"}],"wp:attachment":[{"href":"http:\/\/www.korhanyilmaz.com\/index.php?rest_route=%2Fwp%2Fv2%2Fmedia&parent=28371"}],"wp:term":[{"taxonomy":"category","embeddable":true,"href":"http:\/\/www.korhanyilmaz.com\/index.php?rest_route=%2Fwp%2Fv2%2Fcategories&post=28371"},{"taxonomy":"post_tag","embeddable":true,"href":"http:\/\/www.korhanyilmaz.com\/index.php?rest_route=%2Fwp%2Fv2%2Ftags&post=28371"}],"curies":[{"name":"wp","href":"https:\/\/api.w.org\/{rel}","templated":true}]}}