{"id":28367,"date":"2011-02-14T18:49:34","date_gmt":"2011-02-14T16:49:34","guid":{"rendered":"http:\/\/www.korhanyilmaz.com\/?p=28367"},"modified":"2011-02-14T18:49:34","modified_gmt":"2011-02-14T16:49:34","slug":"cicekten-hsykye-aciklama-yapin-cagrisi","status":"publish","type":"post","link":"http:\/\/www.korhanyilmaz.com\/?p=28367","title":{"rendered":"\u00c7i\u00e7ek&#8217;ten HSYK&#8217;ye &#8216;a\u00e7\u0131klama yap\u0131n&#8217; \u00e7a\u011fr\u0131s\u0131"},"content":{"rendered":"<p style=\"text-align: center;\"><a href=\"http:\/\/www.korhanyilmaz.com\/wp-content\/uploads\/2011\/02\/350.jpg\"  class=\"lightview\"><img loading=\"lazy\" decoding=\"async\" class=\"aligncenter size-full wp-image-28368\" src=\"http:\/\/www.korhanyilmaz.com\/wp-content\/uploads\/2011\/02\/350.jpg\" alt=\"\" width=\"322\" height=\"241\" \/><\/a><\/p>\n<p style=\"text-align: justify;\">Ba\u015fbakan Yard\u0131mc\u0131s\u0131 ve H\u00fck\u00fcmet S\u00f6zc\u00fcs\u00fc Cemil \u00c7i\u00e7ek, Balyoz davas\u0131 kapsam\u0131nda ger\u00e7ekle\u015fen tutuklamalar\u0131n davaya bakan hakimlerin de\u011fi\u015fmesinin ard\u0131ndan ger\u00e7ekle\u015fti\u011fi y\u00f6n\u00fcndeki ele\u015ftirilen \u00fczerine HSYK&#8217;ye &#8220;a\u00e7\u0131klama yap\u0131n&#8221; \u00e7a\u011fr\u0131s\u0131nda bulundu. \u00c7i\u00e7ek, HSYK&#8217;nin kamuoyundaki teredd\u00fctleri ortadan kald\u0131rmak i\u00e7in a\u00e7\u0131klama yapmas\u0131 gerekti\u011fini s\u00f6yledi.<!--more--><\/p>\n<p style=\"text-align: justify;\">Ankara- Bakanlar Kurulu toplant\u0131s\u0131 sona erdi. Ba\u015fbakan Recep Tayyip Erdo\u011fan ba\u015fkanl\u0131\u011f\u0131nda ger\u00e7ekle\u015ftirilen Bakanlar Kurulu toplant\u0131s\u0131 sona erdi. Ba\u015fbakanl\u0131k Merkez Bina&#8217;daki toplant\u0131 yakla\u015f\u0131k 2 bu\u00e7uk saat s\u00fcrd\u00fc.<\/p>\n<p style=\"text-align: justify;\">Bakanlar Kurulu toplant\u0131s\u0131n\u0131n ard\u0131ndan a\u00e7\u0131klama yapan Ba\u015fbakan Yard\u0131mc\u0131s\u0131 ve H\u00fck\u00fcmet S\u00f6zc\u00fcs\u00fc Cemil \u00c7i\u00e7ek, toplant\u0131da i\u00e7 ve d\u0131\u015f politik geli\u015fmelerin de\u011ferlendirildi\u011fini belirtti. Toplant\u0131da g\u00f6r\u00fc\u015f\u00fclen konulara ili\u015fkin k\u0131sa bir de\u011ferlendirme yapt\u0131ktan sonra sorular\u0131 yan\u0131tlayan \u00c7i\u00e7ek, &#8220;Balyoz davas\u0131nda savunma avukatlar\u0131n\u0131n \u00e7ekilebilece\u011fi ifade ediliyor. Bu ne anlama geliyor, siz nas\u0131l yorumluyorsunuz&#8221; y\u00f6n\u00fcndeki soruya konunun yarg\u0131sal bir faaliyet oldu\u011fu dolay\u0131s\u0131yla h\u00fck\u00fcmetin g\u00fcndeminde olmad\u0131\u011f\u0131 \u015feklinde yan\u0131t verdi. \u00c7i\u00e7ek bu tart\u0131\u015fmalarla ilgili yap\u0131labilecek hukuki usul ve esaslar\u0131n Ceza Muhakemesi Kanunu&#8217;nda belli oldu\u011funa vurgu yaparak \u015funlar\u0131 s\u00f6yledi: &#8220;Yap\u0131labilecek i\u015f, bu karara kar\u015f\u0131 bir ba\u015fka mahkemede tutuklulu\u011fa itirazd\u0131r. Zaten bu yap\u0131labilece\u011fi anla\u015f\u0131l\u0131yor. Dolay\u0131s\u0131yla yarg\u0131sal bir faaliyetle ilgili olarak kamuoyunun belli kesiminin tart\u0131\u015ft\u0131\u011f\u0131 bir konuyu, h\u00fck\u00fcmete sorarsan\u0131z ve h\u00fck\u00fcmetten bir cevap beklerseniz, kabul etmek gerekir ki yarg\u0131sal bir faaliyetin merkezine h\u00fck\u00fcmeti getirmi\u015f olursunuz, bu t\u00fcm\u00fcyle yanl\u0131\u015f olur. Biz, bu yarg\u0131sal faaliyetin t\u00fcm\u00fcyle d\u0131\u015f\u0131nday\u0131z. Tutuklama talep eden yarg\u0131n\u0131n bir unsuru savc\u0131, karar\u0131 veren mahkeme&#8230; Bunda itiraz edilen y\u00f6nler varsa bu tutuklamalar\u0131n haks\u0131z oldu\u011fu, do\u011fru olmad\u0131\u011f\u0131, hukuksuz oldu\u011fu ya da gerek olmad\u0131\u011f\u0131 y\u00f6n\u00fcnde bir kanaat varsa bunun da karara ba\u011flanaca\u011f\u0131 yer bir yarg\u0131 merciidir. Onun i\u00e7in bizim bu konuyla ilgimiz yok. \u0130\u00e7eri\u011fiyle ilgili de zaten ayr\u0131nt\u0131l\u0131 bilgimiz yoktur. Onun i\u00e7in mahkeme ne karar verirse biz de kamuoyuyla beraber bunu bilece\u011fiz ve netice ne ise onu hep beraber g\u00f6rm\u00fc\u015f olaca\u011f\u0131z. Onun i\u00e7in Bakanlar Kurulu g\u00fcndeminde tutuklamalarla ilgili herhangi bir konu h\u00fck\u00fcmette g\u00f6r\u00fc\u015f\u00fclmemi\u015ftir g\u00f6r\u00fc\u015f\u00fclmesi de do\u011fru de\u011fildir.&#8221;<\/p>\n<p style=\"text-align: justify;\"><strong>HSYK&#8217;ye &#8216;a\u00e7\u0131klama yap\u0131n&#8217; \u00e7a\u011fr\u0131s\u0131 <\/strong><\/p>\n<p style=\"text-align: justify;\">\u00c7i\u00e7ek, tutuklamalar\u0131n hakimlerin de\u011fi\u015fmesinin ard\u0131ndan ger\u00e7ekle\u015fmesi y\u00f6n\u00fcndeki ele\u015ftirilerin hat\u0131rlat\u0131lmas\u0131 \u00fczerine ise bununla ilgili HSYK&#8217;nin bir a\u00e7\u0131klama yapmas\u0131 gerekti\u011fini s\u00f6yledi. HSYK&#8217;ye a\u00e7\u0131k\u00e7a \u00e7a\u011fr\u0131da bulunan \u00c7i\u00e7ek, &#8220;Ba\u015fkanl\u0131klar\u0131 de\u011fi\u015fen mahkemelerle ilgili ifade edeyim ki mahkeme ba\u015fkanlar\u0131 bildi\u011fim kadar\u0131yla oy birli\u011fi ile de\u011fi\u015fti. Bu \u00f6nemlidir. Orada \u00e7o\u011fulcu bir yap\u0131 var. Dan\u0131\u015ftay&#8217;dan gelen var. Yarg\u0131tay&#8217;dan gelen var, ilk derece mahkemelerinden gelen var. Ba\u015fka yerden gelen var. Barolardan gelen var. Demek ki orada hakikaten oy birli\u011fi ile \u00e7\u0131kt\u0131\u011f\u0131na g\u00f6re 21 ki\u015filik kurulda bir konu oy birli\u011fi ile karara ba\u011flan\u0131yorsa \u00e7ok farkl\u0131 yerlerden gelenler a\u00e7\u0131s\u0131ndan ortada de\u011fi\u015fmeyi gerektirecek bir durum vard\u0131r demektir. Onu herhalde HSYK kamuoyunda b\u00f6yle bir teredd\u00fct varsa bunu ortadan kald\u0131rmak da onlar\u0131n g\u00f6revidir. A\u00e7\u0131klama yaparlarsa iyi olur. Bu sorunun cevab\u0131n\u0131 ben veremem. \u0130sterseniz buradan da bir \u00e7a\u011fr\u0131 yapm\u0131\u015f olduk ki bu konuyu kamuoyunda teredd\u00fct kalmas\u0131n HSYK bir a\u00e7\u0131klama da yaps\u0131n uygun g\u00f6r\u00fcyorsa&#8221; diye konu\u015ftu.<\/p>\n<p style=\"text-align: justify;\"><strong>&#8216;Muhalefetin Anayasa Mahkemesi&#8217;ne gitme hakk\u0131 vard\u0131r&#8217; <\/strong><\/p>\n<p style=\"text-align: justify;\">Cemil \u00c7i\u00e7ek, y\u00fcksek yarg\u0131da yeni daireler kurulmas\u0131n\u0131 \u00f6ng\u00f6ren yasay\u0131 CHP Lideri Kemal K\u0131l\u0131\u00e7daro\u011flu&#8217;nun Anayasa Mahkemesi&#8217;ne g\u00f6t\u00fcrecekleri y\u00f6n\u00fcndeki a\u00e7\u0131klamas\u0131n\u0131 da de\u011ferlendirdi. \u00c7i\u00e7ek &#8220;Muhalefetin Anayasa Mahkemesi&#8217;ne g\u00f6t\u00fcrmesi kendi haklar\u0131d\u0131r. Buna sayg\u0131 duyar\u0131z o noktada s\u00f6yleyece\u011fimiz bir \u015fey yok. Daha evvel de ba\u015fka \u00e7\u0131kan yasalar\u0131 g\u00f6t\u00fcrd\u00fcler. Nihai karar\u0131 Anayasa Mahkemesi verir. O konuda bir \u015fey demem&#8221; dedi.<\/p>\n<p style=\"text-align: justify;\"><strong>&#8216;T\u00fcrkiye&#8217;nin KKTC ile ili\u015fkileri menfaat de\u011fil, bir karde\u015flik ili\u015fkisidir&#8217; <\/strong><\/p>\n<p style=\"text-align: justify;\">H\u00fck\u00fcmet S\u00f6zc\u00fcs\u00fc \u00c7i\u00e7ek, bir bas\u0131n mensubunun &#8220;2 Mart&#8217;ta KKTC&#8217;de yine bir miting yap\u0131laca\u011f\u0131 belirtiliyor. Bu konu Bakanlar Kurulunda g\u00fcndeme geldi mi?&#8221; y\u00f6n\u00fcndeki sorusunu &#8220;Bu mitingin yap\u0131l\u0131p yap\u0131lmamas\u0131 bizim iznimize ya da onay\u0131m\u0131za ba\u011fl\u0131 de\u011fildir. Biz sadece orada T\u00fcrkiye aleyhtar\u0131, T\u00fcrkiye&#8217;nin hak etmedi\u011fi baz\u0131 haks\u0131z su\u00e7lamalara kar\u015f\u0131 bir tav\u0131r ortaya koyduk, koyuyoruz&#8221; \u015feklinde yan\u0131tlad\u0131. T\u00fcrkiye&#8217;nin KKTC ile ili\u015fkilerinin bir menfaat de\u011fil, bir karde\u015flik ili\u015fkisi oldu\u011funa vurgu yapan \u00c7i\u00e7ek, \u015f\u00f6yle devam etti:<\/p>\n<p style=\"text-align: justify;\">&#8220;Karde\u015flik kavram\u0131n\u0131n i\u00e7ini iyi doldurabiliyorsak birbirimize kar\u015f\u0131 baz\u0131 tavsiyelerimiz olur beklentilerimizi olur. T\u00fcrkiye 8 y\u0131ll\u0131k iktidar\u0131m\u0131z d\u00f6neminde, KKTC&#8217;ye 1974&#8217;ten bu tarafa hem siyasi hem ekonomik hem diplomatik en b\u00fcy\u00fck katk\u0131y\u0131 vermi\u015f bir iktidard\u0131r. KKTC&#8217;nin T\u00fcrkiye&#8217;nin d\u0131\u015f\u0131nda bir temsilcili\u011fi yoktu. Sadece Ankara&#8217;da vard\u0131 bir de BM&#8217;ye g\u00f6r\u00fc\u015fmeler oldu\u011funda gidilir gelinirdi. \u015eu an T\u00fcrkiye&#8217;nin \u00e7abas\u0131 ve gayreti ile 18 yerde temsilcilik a\u00e7\u0131lm\u0131\u015ft\u0131r. Bu \u00f6nemli bir katk\u0131d\u0131r, siyasi ve diplomatik katk\u0131d\u0131r. KKTC&#8217;nin parlamenterleri Kuzey K\u0131br\u0131s meselesinin g\u00f6r\u00fc\u015f\u00fcld\u00fc\u011f\u00fc Avrupa Konseyi oturumlar\u0131na kat\u0131lamazd\u0131. Kulis yapmak \u00fczere, derdini anlatmak \u00fczere giden milletvekilleri ya otel lobilerinde veya konseyin kafeteryas\u0131nda bir yabanc\u0131 \u00fclke parlamenteri bulabilirse orada derdini anlat\u0131r. \u0130lk defa AK Parti iktidar\u0131 d\u00f6neminde bug\u00fcn KKTC ad\u0131na 2 milletvekili genel kurula kat\u0131lmakta, g\u00f6r\u00fc\u015fmelere kat\u0131lmakta orada fikirlerini rahatl\u0131kla s\u00f6yleyebilmekte ve konsey binas\u0131 i\u00e7inde kendilerine ofis tahsis edilmi\u015ftir. \u0130slam Konferans\u0131 \u00d6rg\u00fct\u00fc&#8217;ne KKTC sadece g\u00f6zlemci olarak kat\u0131labilirdi. Bug\u00fcn ise T\u00fcrk devlet olarak \u0130slam Konferans\u0131 \u00d6rg\u00fct\u00fc&#8217;n\u00fcn toplant\u0131lar\u0131na kat\u0131labilmektedir. KKTC&#8217;nin cumhurba\u015fkan\u0131 bir\u00e7ok \u00fclke taraf\u0131ndan bug\u00fcn resmen davet edilmekte, konuyla ilgili g\u00f6r\u00fc\u015f\u00fcne, bilgisine ba\u015fvurulabilmekte. B\u00f6ylece say\u0131n cumhurba\u015fkanlar\u0131 K\u0131br\u0131s davas\u0131n\u0131 bir de KKTC a\u00e7\u0131s\u0131ndan ne oldu\u011funu, ne olmad\u0131\u011f\u0131n\u0131 bu m\u00fczakerelerle ilgili muhataplar\u0131na derdini anlatabilmektedir.&#8221; \u00c7i\u00e7ek, ayr\u0131ca KKTC&#8217;ye, \u00f6nceki iktidarlar d\u00f6neminde yap\u0131lan katk\u0131n\u0131n azami 200 milyon dolar civar\u0131nda oldu\u011funu \u015fu an ise ortalama 600 milyon dolar T\u00fcrkiye&#8217;nin y\u0131ll\u0131k katk\u0131 verdi\u011fini kaydetti.<\/p>\n<p style=\"text-align: justify;\"><strong>\u00dc\u00e7 y\u0131ll\u0131k protokoller 3-4 ayda haz\u0131rlan\u0131yor <\/strong><\/p>\n<p style=\"text-align: justify;\">\u00c7i\u00e7ek, KKTC&#8217;nin en temel ihtiya\u00e7lar\u0131ndan biri olan i\u00e7me ve kullanma suyu ihtiyac\u0131 konusunda bu zamana kadar ki en b\u00fcy\u00fck projeyi hayata ge\u00e7irmeye haz\u0131rland\u0131klar\u0131n\u0131 da ifade etti. Yakla\u015f\u0131k 450-500 milyon dolar civar\u0131nda bir maliyete, T\u00fcrkiye&#8217;den, Anamur&#8217;da Dragon \u00e7ay\u0131 \u00fczerine kurulan Alak\u00f6pr\u00fc Baraj\u0131ndan KKTC&#8217;deki bir ba\u015fka baraja Akdeniz&#8217;in alt\u0131ndan su borular\u0131 d\u00f6\u015fenmek suretiyle 75 milyon metrek\u00fcpl\u00fck su aktar\u0131laca\u011f\u0131n\u0131 ifade eden \u00c7i\u00e7ek, T\u00fcrkiye ile KKTC aras\u0131nda yap\u0131lan \u00fc\u00e7er y\u0131ll\u0131k protokollere vurgu yapt\u0131. Bu protokollerin alt\u0131nda KKTC Ba\u015fbakanlar\u0131n\u0131n da imzas\u0131 bulundu\u011funa dikkat \u00e7eken \u00c7i\u00e7ek, &#8220;Bu protokoller haz\u0131rlan\u0131rken oradan Ba\u015fbakan buradan ilgili bakan bir araya gelerek yapm\u0131yor. Bu protokoller yap\u0131l\u0131rken en az 3-4 ay KKTC de T\u00fcrkiye&#8217;de bunlar\u0131 ilgili makamlarla, g\u00f6r\u00fc\u015f\u00fclmesi gereken yerlerle g\u00f6r\u00fc\u015ferek, d\u00fc\u015f\u00fcnerek, tart\u0131\u015farak sonunda da bir araya gelip ortak bir k\u0131s\u0131m \u00e7al\u0131\u015fmalar\u0131 yaparak bunun sonucunda bu protokoller imzalan\u0131yor. \u015eimdi deniliyor ki &#8216;Bizim bu protokollerden haberimiz yok&#8217;, bu bizim kusurumuz de\u011fildir. Protokol\u00fcn alt\u0131nda imzas\u0131 olan say\u0131n Ba\u015fbakan da kendi \u00fclkelerinde kimlerle g\u00f6r\u00fc\u015fecekse, bu sendikalar olur, meslek odalar\u0131 olur, devletin ilgili birimleri olur, bunlar\u0131 oturup konu\u015fuyor, biz de kendi i\u00e7imizde bu de\u011ferlendirmeleri yap\u0131yoruz. Bunun sonucunda bir ortak \u00e7al\u0131\u015fma yap\u0131l\u0131yor ve nihai olarak da o taraftan ilgili Ba\u015fbakan bu taraftan K\u0131br\u0131s i\u015fleri ile ilgili Bakan ya da Ba\u015fbakan Yard\u0131mc\u0131s\u0131 bu protokol\u00fc imzal\u0131yor&#8221; dedi.<\/p>\n<p style=\"text-align: justify;\"><strong>KKTC&#8217;nin b\u00fct\u00e7e a\u00e7\u0131\u011f\u0131 <\/strong><\/p>\n<p style=\"text-align: justify;\">Protokollerin 3 ya 4 b\u00f6l\u00fcmden olu\u015ftu\u011funu da s\u00f6zlerine ekleyen Cemil \u00c7i\u00e7ek, bunlar\u0131n bir k\u0131sm\u0131nda b\u00fct\u00e7e a\u00e7\u0131klar\u0131na ayr\u0131lacak pay\u0131n yer ald\u0131\u011f\u0131n\u0131 ve protokollerin \u00fc\u00e7 y\u0131ll\u0131\u011fa yap\u0131ld\u0131\u011f\u0131n\u0131 s\u00f6yledi. Protokollerde T\u00fcrkiye&#8217;nin verdi\u011fi kaynaklar\u0131n bir b\u00f6l\u00fcm\u00fcn\u00fcn b\u00fct\u00e7e a\u00e7\u0131klar\u0131na tahsis edildi\u011fini belirten \u00c7i\u00e7ek, &#8220;KKTC&#8217;nin \u00e7ok ciddi bir b\u00fct\u00e7e a\u00e7\u0131\u011f\u0131 vard\u0131r. T\u00fcrkiye&#8217;nin katk\u0131lar\u0131n\u0131n \u00e7ok \u00f6tesinde bir b\u00fct\u00e7e a\u00e7\u0131\u011f\u0131 vard\u0131r. Bu 3 y\u0131ll\u0131k protokollerin hedefi, T\u00fcrkiye&#8217;nin katk\u0131lar\u0131n\u0131n hedefi KKTC&#8217;yi daha g\u00fc\u00e7l\u00fc hale getirmektir. Rum kesimi ile olan aras\u0131ndaki fark\u0131, geli\u015fmi\u015flik fark\u0131n\u0131 ortadan kald\u0131rmak, daha mutlu daha m\u00fcreffeh bir KKTC ortaya koymakt\u0131r, bunu in\u015fa etmektir bu da yat\u0131r\u0131mlardan ge\u00e7iyor. E\u011fer g\u00f6nderilen kaynaklar\u0131n tamam\u0131, cari harcamalara gidiyorsa, maa\u015flara gidiyorsa yat\u0131r\u0131ma para kalmaz. Kald\u0131 ki oradaki \u00e7ift\u00e7inin deste\u011fi ihtiyac\u0131 var, esnaf\u0131n deste\u011fe ihtiyac\u0131 var, sanayicinin, t\u00fcccar\u0131n deste\u011fe ihtiyac\u0131 var bir de yap\u0131lmas\u0131 gereken bir\u00e7ok altyap\u0131 yat\u0131r\u0131mlar\u0131 var. Siz bunlar\u0131 yapmaz da g\u00f6nderilen kayna\u011f\u0131n tamam\u0131n\u0131 b\u00fct\u00e7e a\u00e7\u0131\u011f\u0131na sarf ederseniz o zaman bu a\u00e7\u0131k, g\u00fcney ile olan a\u00e7\u0131k her ge\u00e7en g\u00fcn daha b\u00fcy\u00fcr ve i\u015fin i\u00e7inden \u00e7\u0131k\u0131lmaz hale gelir. T\u00fcrkiye&#8217;nin b\u00fct\u00e7e a\u00e7\u0131klar\u0131 d\u0131\u015f\u0131ndaki kaynaklar\u0131n nereye harcanaca\u011f\u0131 da yine bu protokollerde ve bunlar\u0131n ekinde ayr\u0131nt\u0131l\u0131 olarak ortaya konmaktad\u0131r&#8221; diye konu\u015ftu.<\/p>\n<p style=\"text-align: justify;\"><strong>&#8216;K\u0131br\u0131s&#8217;ta hantal bir devlet yap\u0131s\u0131 var&#8217; <\/strong><\/p>\n<p style=\"text-align: justify;\">\u00c7i\u00e7ek, KKTC&#8217;nin ya\u015fad\u0131\u011f\u0131 ekonomik s\u0131k\u0131nt\u0131lar\u0131 daha \u00f6nce T\u00fcrkiye&#8217;nin de ya\u015fad\u0131\u011f\u0131n\u0131 ifade etti\u011fi a\u00e7\u0131klamas\u0131nda her \u00fclkenin birbirine tavsiyelerde bulundu\u011funu ya da tenkitler yap\u0131ld\u0131\u011f\u0131n\u0131 kaydetti. &#8220;K\u0131br\u0131s&#8217;ta hantal i\u015fleyen bir devlet yap\u0131s\u0131 var&#8221; diyen \u00c7i\u00e7ek, &#8220;S\u00f6ylemek istedi\u011fimiz \u015fey \u015fu; orada ciddi \u00e7ok y\u00f6nl\u00fc yap\u0131sal reformlara ihtiya\u00e7 var. bunlar\u0131 yaparlar, yapmazlar kendileri yapacaklar. Kendileri bilecekler. Ama biz T\u00fcrkiye olarak KKTC&#8217;nin ya\u015fad\u0131\u011f\u0131 ekonomik, sosyal bir \u00e7ok s\u0131k\u0131nt\u0131y\u0131 \u00f6nceden ya\u015fad\u0131k, sosyal g\u00fcvenlik s\u0131k\u0131nt\u0131lar\u0131n\u0131 \u00f6nceden ya\u015fad\u0131k. Bankalar\u0131m\u0131z batt\u0131 orada da batt\u0131. Bizde 26 banka batt\u0131, hat\u0131rlayacaks\u0131n\u0131z orada off-shore bankac\u0131l\u0131\u011f\u0131ndan dolay\u0131 ciddi s\u0131k\u0131nt\u0131lar oldu. Bu tedbirler al\u0131nmad\u0131\u011f\u0131 takdirde ileride daha b\u00fcy\u00fck s\u0131k\u0131nt\u0131lar meydana gelir diye dost\u00e7a s\u00f6yl\u00fcyoruz. \u015eimdi &#8216;biz kendi program\u0131m\u0131z\u0131 kendimiz yapar\u0131z&#8217; diyenler daha b\u00fcy\u00fck bir sorumlulukla KKTC vatanda\u015flar\u0131na kar\u015f\u0131 sorumluluk alt\u0131ndad\u0131r. \u0130ster tek ba\u015flar\u0131na ister bir araya gelirler \u00f6yle yaparlar, b\u00f6yle yaparlar. Yol ve y\u00f6ntemleri kendilerine ait bu a\u00e7\u0131klar nas\u0131l kapacaksa, bu s\u0131k\u0131nt\u0131lar nas\u0131l ortadan kald\u0131r\u0131lacaksa bunu ortaya koyarlar. Biz kendi taahh\u00fctlerimiz gere\u011fi neyi taahh\u00fct ettiysek, i\u015f ba\u015f\u0131nda bulunan h\u00fck\u00fcmetlere bakmaks\u0131n\u0131z hangi partinin se\u00e7imi kazand\u0131\u011f\u0131na bakmaks\u0131n\u0131z, herhangi bir d\u00fc\u015f\u00fcnce ile de\u011fil, \u00f6n yarg\u0131yla de\u011fil, karde\u015fli\u011fimizin gere\u011fini sonuna kadar, bug\u00fcne kadar oldu\u011fu gibi yapar\u0131z. Yapmaya da devam ederiz. Bunun bir defa daha bilinmesinde fayda var&#8221; dedi.<\/p>\n<p style=\"text-align: justify;\"><strong>&#8216;KKTC ile \u00e7at kap\u0131 g\u00f6r\u00fc\u015f\u00fcr\u00fcz&#8217; <\/strong><\/p>\n<p style=\"text-align: justify;\">\u00c7i\u00e7ek, bir gazetecinin &#8220;K\u0131br\u0131s&#8217;la yap\u0131lmas\u0131 beklenen eylem \u00f6ncesinde y\u00fcz y\u00fcze bir temas s\u00f6z konusu mu?&#8221; y\u00f6n\u00fcndeki sorusunu ise \u015fu \u015fekilde yan\u0131tlad\u0131: &#8220;Biz KKTC ile ilgili \u00e7at kap\u0131 g\u00f6r\u00fc\u015f\u00fcr\u00fcz. Karde\u015flik ili\u015fkisinde \u00f6yle \u00e7ok formel \u015feyler olmaz. Benden randevu istediler veriyoruz. Yar\u0131na verdi\u011fimiz randevuyu bug\u00fcn yapabilirsek bug\u00fcn yapabiliriz. Bu noktalarda g\u00f6r\u00fc\u015fmeme diye bir s\u0131k\u0131nt\u0131m\u0131z olmaz. Biz her \u015feyi dost\u00e7a karde\u015f\u00e7e konu\u015ftuk, konu\u015fuyoruz, konu\u015fmaya devam ediyoruz. Ge\u00e7mi\u015fte gece yar\u0131s\u0131 telefonlarla konu\u015ftu\u011fumuz \u00e7ok konular oldu. Bunlar\u0131 tabi a\u00e7\u0131klam\u0131yoruz. \u0130\u00e7 politika konusu olsun diye a\u00e7\u0131klam\u0131yoruz. \u00d6nceki partilerle de konu\u015ftu\u011fumuz oldu \u015fimdiki partilerle de konu\u015fuyoruz. Konu\u015fmaktan do\u011fan bir s\u0131k\u0131nt\u0131m\u0131z olmaz. Neyse onlara a\u00e7\u0131k\u00e7a ortaya koyar\u0131z. Ama problemler de \u00e7ok net \u00f6telenmeyecek hale gelmi\u015ftir. Bunun da g\u00f6r\u00fclmesinde fayda var.&#8221;<\/p>\n<p style=\"text-align: justify;\"><a href=\"http:\/\/www.cumhuriyet.com.tr\/?hn=216844\" target=\"_blank\"><span style=\"color: #888888;\">Kaynak : Cumhuriyet Haber Portal\u0131<\/span><\/a><\/p>\n","protected":false},"excerpt":{"rendered":"<p style=\"text-align: center;\">\n<p style=\"text-align: justify;\">Ba\u015fbakan Yard\u0131mc\u0131s\u0131 ve H\u00fck\u00fcmet S\u00f6zc\u00fcs\u00fc Cemil \u00c7i\u00e7ek, Balyoz davas\u0131 kapsam\u0131nda ger\u00e7ekle\u015fen tutuklamalar\u0131n davaya bakan hakimlerin de\u011fi\u015fmesinin ard\u0131ndan ger\u00e7ekle\u015fti\u011fi y\u00f6n\u00fcndeki ele\u015ftirilen \u00fczerine HSYK&#8217;ye &#8220;a\u00e7\u0131klama yap\u0131n&#8221; \u00e7a\u011fr\u0131s\u0131nda bulundu. \u00c7i\u00e7ek, HSYK&#8217;nin kamuoyundaki teredd\u00fctleri ortadan kald\u0131rmak i\u00e7in a\u00e7\u0131klama yapmas\u0131 gerekti\u011fini s\u00f6yledi.<\/p>\n","protected":false},"author":1,"featured_media":0,"comment_status":"open","ping_status":"closed","sticky":false,"template":"","format":"standard","meta":{"footnotes":""},"categories":[105],"tags":[],"class_list":["post-28367","post","type-post","status-publish","format-standard","hentry","category-gundem","odd"],"_links":{"self":[{"href":"http:\/\/www.korhanyilmaz.com\/index.php?rest_route=\/wp\/v2\/posts\/28367","targetHints":{"allow":["GET"]}}],"collection":[{"href":"http:\/\/www.korhanyilmaz.com\/index.php?rest_route=\/wp\/v2\/posts"}],"about":[{"href":"http:\/\/www.korhanyilmaz.com\/index.php?rest_route=\/wp\/v2\/types\/post"}],"author":[{"embeddable":true,"href":"http:\/\/www.korhanyilmaz.com\/index.php?rest_route=\/wp\/v2\/users\/1"}],"replies":[{"embeddable":true,"href":"http:\/\/www.korhanyilmaz.com\/index.php?rest_route=%2Fwp%2Fv2%2Fcomments&post=28367"}],"version-history":[{"count":0,"href":"http:\/\/www.korhanyilmaz.com\/index.php?rest_route=\/wp\/v2\/posts\/28367\/revisions"}],"wp:attachment":[{"href":"http:\/\/www.korhanyilmaz.com\/index.php?rest_route=%2Fwp%2Fv2%2Fmedia&parent=28367"}],"wp:term":[{"taxonomy":"category","embeddable":true,"href":"http:\/\/www.korhanyilmaz.com\/index.php?rest_route=%2Fwp%2Fv2%2Fcategories&post=28367"},{"taxonomy":"post_tag","embeddable":true,"href":"http:\/\/www.korhanyilmaz.com\/index.php?rest_route=%2Fwp%2Fv2%2Ftags&post=28367"}],"curies":[{"name":"wp","href":"https:\/\/api.w.org\/{rel}","templated":true}]}}