{"id":28360,"date":"2011-02-14T08:20:18","date_gmt":"2011-02-14T06:20:18","guid":{"rendered":"http:\/\/www.korhanyilmaz.com\/?p=28360"},"modified":"2011-02-14T08:20:18","modified_gmt":"2011-02-14T06:20:18","slug":"tiyatrocuya-poliste-iskence-iddiasi","status":"publish","type":"post","link":"http:\/\/www.korhanyilmaz.com\/?p=28360","title":{"rendered":"Tiyatrocuya poliste i\u015fkence iddias\u0131"},"content":{"rendered":"<p style=\"text-align: center;\"><a href=\"http:\/\/www.korhanyilmaz.com\/wp-content\/uploads\/2011\/02\/349.jpg\"  class=\"lightview\"><img loading=\"lazy\" decoding=\"async\" class=\"aligncenter size-full wp-image-28361\" src=\"http:\/\/www.korhanyilmaz.com\/wp-content\/uploads\/2011\/02\/349.jpg\" alt=\"\" width=\"420\" height=\"210\" \/><\/a><\/p>\n<p style=\"text-align: justify;\">Cep telefonuyla konu\u015furken kimlik soran polise \u201cBir dakika&#8230;\u201d dedi\u011fi i\u00e7in ba\u015flayan tart\u0131\u015fma \u00fczerine g\u00f6t\u00fcr\u00fcld\u00fc\u011f\u00fc karakolda kendisine hakaret edildi\u011fini belirten tiyatro e\u011fitmeni \u00dc.S., \u201cKomiserle konu\u015famad\u0131m. Bana \u00e7\u0131k d\u0131\u015far\u0131 diye ba\u011f\u0131rd\u0131. \u00dcst\u00fcm\u00fc soydular, arama yapt\u0131lar\u201d dedi. \u00dc.S. su\u00e7 duyurusunda bulunacak. <!--more--><\/p>\n<p style=\"text-align: justify;\">Tiyatrocu ve gen\u00e7lere drama dersleri veren tiyatro e\u011fitmeni \u00dc.S., ge\u00e7en Cuma g\u00fcn\u00fc saat 14.00\u2019te Taksim Tarlaba\u015f\u0131\u2019ndaki altge\u00e7ide do\u011fru y\u00fcr\u00fcyordu. Bir yandan da cep telefonuyla ders verdi\u011fi gen\u00e7lerden birinin annesiyle konu\u015fuyordu. Tam bu esnada bir polis kendisini durdurdu ve kimlik sordu. \u00dc.S. polise, \u201cBir dakika, veliyle konu\u015fuyorum\u201d dedi ve her \u015fey o an ba\u015flad\u0131.<\/p>\n<p style=\"text-align: justify;\"><strong>\u2018Polis \u00fczerime y\u00fcr\u00fcd\u00fc\u2019 <\/strong><\/p>\n<p style=\"text-align: justify;\">\u00dc.S. ya\u015fad\u0131klar\u0131n\u0131 \u015f\u00f6yle anlatt\u0131: \u201cKolumdan \u00e7ektiler ve \u00fcst\u00fcme y\u00fcr\u00fcyerek, \u2018Polis senin keyfini mi bekleyecek\u2019 diye ba\u011f\u0131rmaya ba\u015flad\u0131lar. \u2018Nas\u0131l b\u00f6yle bir \u015fey yapabilirsiniz, neden ba\u011f\u0131r\u0131yorsunuz?\u2019 dedi\u011fimde \u2018Ba\u011f\u0131r\u0131r\u0131m, \u00e7irkefle\u015fme\u2019 cevab\u0131n\u0131 ald\u0131m. Onlar\u0131 \u015fik\u00e2yet edece\u011fimi ve kimli\u011fimi de karakolda yetkili ki\u015fiye g\u00f6sterece\u011fimi s\u00f6yledim. Ekip otosuna binip Taksim Polis Merkezi\u2019ne gittik.\u201d<\/p>\n<p style=\"text-align: justify;\">\u00dc.S. karakolda da hakaretle kar\u015f\u0131land\u0131\u011f\u0131n\u0131 belirtti. Ekip otosuna bindi\u011fi anda, polisin \u201cBizi nas\u0131l \u015fik\u00e2yet edersin?\u201d diyerek \u00fczerine y\u00fcr\u00fcd\u00fc\u011f\u00fcn\u00fc ve vuracakm\u0131\u015f gibi hamleler yapt\u0131\u011f\u0131n\u0131 dile getiren \u00dc.S., karakolda komiserle konu\u015famad\u0131\u011f\u0131n\u0131 a\u00e7\u0131klad\u0131: \u201cKimlik g\u00f6stermiyordu, ka\u00e7arken yakalad\u0131k dediler benim i\u00e7in. Komisere, \u2018Hay\u0131r, ben \u015fik\u00e2yet etmek i\u00e7in geldim\u2019 dedi\u011fimde bana \u2018\u00e7\u0131k d\u0131\u015far\u0131\u2019 diye ba\u011f\u0131rd\u0131. Hatta avukat arkada\u015f\u0131m da oradayd\u0131.\u201d<\/p>\n<p style=\"text-align: justify;\"><strong>\u2018Kavga d\u00f6v\u00fc\u015f \u00e7\u0131kabildik\u2019 <\/strong><\/p>\n<p style=\"text-align: justify;\">\u00dc.S., polislerden \u015fik\u00e2yet\u00e7i olamad\u0131\u011f\u0131n\u0131, onlar\u0131n hakk\u0131nda bir tutanak tutulmas\u0131n\u0131 sa\u011flayamad\u0131klar\u0131n\u0131 vurgulad\u0131. \u00dc.S. hakk\u0131nda Kabahatler Kanunu\u2019na g\u00f6re 64 liral\u0131k para cezas\u0131 tutana\u011f\u0131 tutuldu. Be\u015f avukat\u0131n\u0131n da karakola geldi\u011fini dile getiren \u00dc.S. tutana\u011f\u0131n ard\u0131ndan karakoldan ayr\u0131lmak istediklerinde ise \u00fcst aramas\u0131na tabi tutuldu\u011funu s\u00f6yledi: \u201c\u00d6nce, \u2018Karakoldan \u00e7\u0131kt\u0131ktan sonra cep telefonumu, c\u00fczdan\u0131m\u0131 ald\u0131lar demeyin diye \u00e7antan\u0131z\u0131 arayaca\u011f\u0131z\u2019 dediler. Kaba \u00fcst aramas\u0131 yapacaklar\u0131n\u0131 s\u00f6ylediler. \u0130tirazlar\u0131m\u0131za ra\u011fmen beni odaya ald\u0131lar.<\/p>\n<p style=\"text-align: justify;\">Kap\u0131y\u0131 kilitlediler. Kad\u0131n polis \u2018soyun\u2019 dedi. \u0130nce arama yapmak istedi. B\u00fct\u00fcn giysilerimi \u00fczerimden \u00e7\u0131karmak istedi. Direndim \u00f6nce. D\u0131\u015far\u0131 \u00e7\u0131kmaya \u00e7al\u0131\u015ft\u0131m. Ne yap\u0131yorsunuz dedi\u011fimde narkotik aramaya \u00e7evirdiler olay\u0131. \u00c7eki\u015ftire \u00e7eki\u015ftire \u00fcst\u00fcm\u00fc soydu hatta \u2018Sen soyunmazsan ben soyar\u0131m\u2019 dedi. B\u00fct\u00fcn giysilerimi, diki\u015flerine kadar uzun uzun inceledi.\u201d<\/p>\n<p style=\"text-align: justify;\">\u00dc.S., \u201cAvukatlar\u0131m\u0131n artan m\u00fcdahalesi sayesinde, saat 16.00\u2019da kavga d\u00f6v\u00fc\u015f \u00e7\u0131kabildik karakoldan. Tutana\u011f\u0131 alabilmek i\u00e7in de \u00e7ok u\u011fra\u015ft\u0131k\u201d dedi.<\/p>\n<p style=\"text-align: justify;\"><strong>\u2018K\u0131yafetlerinden ar\u0131nd\u0131r\u0131ld\u0131\u2019 <\/strong><\/p>\n<p style=\"text-align: justify;\">\u00dc.S.\u2019nin avukatlar\u0131ndan \u00c7i\u011fdem Hac\u0131softao\u011flu, bir tan\u0131klar\u0131n\u0131n bulundu\u011funu dile getirerek, \u201cKabahatler Kanunu\u2019nda \u00fcst aramas\u0131 olmaz. Bir ki\u015fi ancak g\u00f6zalt\u0131na al\u0131nd\u0131ysa, nezarethaneye konulmadan \u00f6nce \u00fcst aramas\u0131 yap\u0131labilir. M\u00fcvekkilim tamamen k\u0131yafetlerinden ar\u0131nd\u0131r\u0131larak \u00fcst\u00fc arand\u0131\u201d dedi. Hac\u0131softao\u011flu, ya\u015fananlar\u0131 onur k\u0131r\u0131c\u0131 bir m\u00fcdahale olarak tan\u0131mlarken, polis memurlar\u0131 Sefa \u00c7\u0131nar, At\u0131f Eker ve Tuba \u00c7ad\u0131rc\u0131m hakk\u0131nda su\u00e7 duyurusunda bulunacaklar\u0131n\u0131 a\u00e7\u0131klad\u0131: \u201cBug\u00fcn Beyo\u011flu Adliyesi\u2019ne gidip i\u015fkence, hakaret, g\u00f6revi k\u00f6t\u00fcye kullanma ve h\u00fcrriyeti tahdit nedeniyle su\u00e7 duyurusunda bulunaca\u011f\u0131z. M\u00fcvekkilime kimli\u011fini g\u00f6sterdi\u011fi halde arama yap\u0131ld\u0131. Bize de makul \u015f\u00fcpheden arama yapt\u0131k dediler. Bu olay \u2018makul \u015f\u00fcphe\u2019 kavram\u0131n\u0131n nas\u0131l keyfi kullan\u0131ld\u0131\u011f\u0131n\u0131n bir \u00f6rne\u011fidir.\u201d<\/p>\n<p style=\"text-align: justify;\"><strong>Polise g\u00f6re iddia as\u0131ls\u0131z <\/strong><\/p>\n<p style=\"text-align: justify;\">Polis kaynaklar\u0131, g\u00f6zalt\u0131nda i\u015fkence g\u00f6rd\u00fc\u011f\u00fcn\u00fc s\u00f6yleyen \u00dc.S.\u2019nin karakolda k\u00f6t\u00fc muamele g\u00f6rd\u00fc\u011f\u00fc y\u00f6n\u00fcndeki iddias\u0131n\u0131 yalanlad\u0131. Polisin verdi\u011fi bilgiye g\u00f6re olay \u015f\u00f6yle geli\u015fti: \u00dc.S. Beyo\u011flu Turan Caddesi \u00e7\u0131k\u0131\u015f\u0131nda kimlik kontrol\u00fc yapan polis ekipleri taraf\u0131ndan durduruldu. Kimlik soran ekiplere \u201cPolise kimli\u011fimi vermiyorum\u201d yan\u0131t\u0131n\u0131 verdi\u011fi \u00f6ne s\u00fcr\u00fclen \u00dc.S., Taksim Polis Merkezi\u2019ne g\u00f6t\u00fcr\u00fcld\u00fc. Merkezde de kimli\u011fini vermeyen ve \u00fcst aramas\u0131na kar\u015f\u0131 \u00e7\u0131kan \u00dc.S.\u2019nin talebi \u00fczerine avukat\u0131 Meri\u00e7 Ey\u00fcbo\u011flu merkeze \u00e7a\u011fr\u0131ld\u0131. Ey\u00fcbo\u011flu\u2019nun g\u00f6zetiminde avukat odas\u0131nda bir kad\u0131n polis memuru taraf\u0131ndan \u00fcst aramas\u0131 yap\u0131lan \u00dc.S.\u2019ye kimlik beyan edememekten dolay\u0131 Kabahatler Kanunu uyar\u0131nca 75 lira para cezas\u0131 kesildi. Taksim Polis Merkezi i\u00e7indeki kameralar\u0131n 10 g\u00fcnd\u00fcr \u00e7al\u0131\u015fmad\u0131\u011f\u0131 da belirtildi.<\/p>\n<p style=\"text-align: justify;\"><a href=\"http:\/\/haber.gazetevatan.com\/tiyatrocuya-poliste-iskence-iddiasi\/359160\/1\/Gundem\" target=\"_blank\"><span style=\"color: #888888;\">Kaynak : VATAN<\/span><\/a><\/p>\n","protected":false},"excerpt":{"rendered":"<p style=\"text-align: center;\">\n<p style=\"text-align: justify;\">Cep telefonuyla konu\u015furken kimlik soran polise \u201cBir dakika&#8230;\u201d dedi\u011fi i\u00e7in ba\u015flayan tart\u0131\u015fma \u00fczerine g\u00f6t\u00fcr\u00fcld\u00fc\u011f\u00fc karakolda kendisine hakaret edildi\u011fini belirten tiyatro e\u011fitmeni \u00dc.S., \u201cKomiserle konu\u015famad\u0131m. Bana \u00e7\u0131k d\u0131\u015far\u0131 diye ba\u011f\u0131rd\u0131. \u00dcst\u00fcm\u00fc soydular, arama yapt\u0131lar\u201d dedi. \u00dc.S. su\u00e7 duyurusunda bulunacak. <\/p>\n","protected":false},"author":1,"featured_media":0,"comment_status":"open","ping_status":"closed","sticky":false,"template":"","format":"standard","meta":{"footnotes":""},"categories":[105],"tags":[],"class_list":["post-28360","post","type-post","status-publish","format-standard","hentry","category-gundem","odd"],"_links":{"self":[{"href":"http:\/\/www.korhanyilmaz.com\/index.php?rest_route=\/wp\/v2\/posts\/28360","targetHints":{"allow":["GET"]}}],"collection":[{"href":"http:\/\/www.korhanyilmaz.com\/index.php?rest_route=\/wp\/v2\/posts"}],"about":[{"href":"http:\/\/www.korhanyilmaz.com\/index.php?rest_route=\/wp\/v2\/types\/post"}],"author":[{"embeddable":true,"href":"http:\/\/www.korhanyilmaz.com\/index.php?rest_route=\/wp\/v2\/users\/1"}],"replies":[{"embeddable":true,"href":"http:\/\/www.korhanyilmaz.com\/index.php?rest_route=%2Fwp%2Fv2%2Fcomments&post=28360"}],"version-history":[{"count":0,"href":"http:\/\/www.korhanyilmaz.com\/index.php?rest_route=\/wp\/v2\/posts\/28360\/revisions"}],"wp:attachment":[{"href":"http:\/\/www.korhanyilmaz.com\/index.php?rest_route=%2Fwp%2Fv2%2Fmedia&parent=28360"}],"wp:term":[{"taxonomy":"category","embeddable":true,"href":"http:\/\/www.korhanyilmaz.com\/index.php?rest_route=%2Fwp%2Fv2%2Fcategories&post=28360"},{"taxonomy":"post_tag","embeddable":true,"href":"http:\/\/www.korhanyilmaz.com\/index.php?rest_route=%2Fwp%2Fv2%2Ftags&post=28360"}],"curies":[{"name":"wp","href":"https:\/\/api.w.org\/{rel}","templated":true}]}}