{"id":28356,"date":"2011-02-14T13:59:50","date_gmt":"2011-02-14T11:59:50","guid":{"rendered":"http:\/\/www.korhanyilmaz.com\/?p=28356"},"modified":"2011-02-14T13:59:50","modified_gmt":"2011-02-14T11:59:50","slug":"soner-yalcin-bir-bedel-odenecekse-hazirim","status":"publish","type":"post","link":"http:\/\/www.korhanyilmaz.com\/?p=28356","title":{"rendered":"Soner Yal\u00e7\u0131n: Bir bedel \u00f6denecekse haz\u0131r\u0131m"},"content":{"rendered":"<p style=\"text-align: center;\"><a href=\"http:\/\/www.korhanyilmaz.com\/wp-content\/uploads\/2011\/02\/348.jpg\"  class=\"lightview\"><img loading=\"lazy\" decoding=\"async\" class=\"aligncenter size-full wp-image-28357\" src=\"http:\/\/www.korhanyilmaz.com\/wp-content\/uploads\/2011\/02\/348.jpg\" alt=\"\" width=\"288\" height=\"192\" \/><\/a><\/p>\n<p style=\"text-align: justify;\">Hakk\u0131nda g\u00f6zalt\u0131 karar\u0131 \u00e7\u0131kart\u0131lan Soner Yal\u00e7\u0131n ziyaretine gelen CHP istanbul Milletvekili \u00c7etin Soysal ile mesaj g\u00f6nderdi.<\/p>\n<p style=\"text-align: justify;\">\u0130STANBUL &#8211; Soner Yal\u00e7\u0131n\u2019\u0131n aramalar\u0131n yap\u0131ld\u0131\u011f\u0131 villas\u0131na giren CHP \u0130stanbul Milletvekili \u00c7etin Soysal, \u00e7\u0131k\u0131\u015fta a\u00e7\u0131klamalarda bulundu. Soysal, Soner Yal\u00e7\u0131n\u2019\u0131n moralinin olduk\u00e7a y\u00fcksek oldu\u011funu ve kendisine &#8220;Bedel \u00f6denecekse, \u00f6demeye haz\u0131r\u0131z&#8221; dedi\u011fini aktard\u0131. <!--more--><\/p>\n<p style=\"text-align: justify;\">CHP Genel Ba\u015fkan\u0131 Kemal K\u0131l\u0131\u00e7daro\u011flu taraf\u0131ndan g\u00f6revlendirildi\u011fini s\u00f6yleyen Soysal, <span style=\"text-decoration: underline;\">birka\u00e7 g\u00fcn i\u00e7inde Soner Yal\u00e7\u0131n\u2019\u0131n genel yay\u0131n y\u00f6netmenli\u011finde yay\u0131na ba\u015flayacak olan yeni bir televizyon kanal\u0131n\u0131n oldu\u011funu, televizyon kanal\u0131n\u0131n yay\u0131na ba\u015flamadan \u00f6nce b\u00f6yle bir operasyonun yap\u0131lmas\u0131n\u0131n manidar oldu\u011funu<\/span> belirtti.<\/p>\n<p style=\"text-align: justify;\"><a href=\"http:\/\/www.radikal.com.tr\/Radikal.aspx?aType=RadikalDetayV3&amp;ArticleID=1039960&amp;Date=14.02.2011&amp;CategoryID=77\" target=\"_blank\"><span style=\"color: #888888;\">Kaynak : Radikal<\/span><\/a><\/p>\n","protected":false},"excerpt":{"rendered":"<p style=\"text-align: center;\">\n<p style=\"text-align: justify;\">Hakk\u0131nda g\u00f6zalt\u0131 karar\u0131 \u00e7\u0131kart\u0131lan Soner Yal\u00e7\u0131n ziyaretine gelen CHP istanbul Milletvekili \u00c7etin Soysal ile mesaj g\u00f6nderdi.<\/p>\n<p style=\"text-align: justify;\">\u0130STANBUL &#8211; Soner Yal\u00e7\u0131n\u2019\u0131n aramalar\u0131n yap\u0131ld\u0131\u011f\u0131 villas\u0131na giren CHP \u0130stanbul Milletvekili \u00c7etin Soysal, \u00e7\u0131k\u0131\u015fta a\u00e7\u0131klamalarda bulundu. Soysal, Soner Yal\u00e7\u0131n\u2019\u0131n moralinin olduk\u00e7a y\u00fcksek oldu\u011funu ve kendisine &#8220;Bedel \u00f6denecekse, \u00f6demeye haz\u0131r\u0131z&#8221; dedi\u011fini aktard\u0131. <\/p>\n","protected":false},"author":1,"featured_media":0,"comment_status":"open","ping_status":"closed","sticky":false,"template":"","format":"standard","meta":{"footnotes":""},"categories":[105],"tags":[],"class_list":["post-28356","post","type-post","status-publish","format-standard","hentry","category-gundem","odd"],"_links":{"self":[{"href":"http:\/\/www.korhanyilmaz.com\/index.php?rest_route=\/wp\/v2\/posts\/28356","targetHints":{"allow":["GET"]}}],"collection":[{"href":"http:\/\/www.korhanyilmaz.com\/index.php?rest_route=\/wp\/v2\/posts"}],"about":[{"href":"http:\/\/www.korhanyilmaz.com\/index.php?rest_route=\/wp\/v2\/types\/post"}],"author":[{"embeddable":true,"href":"http:\/\/www.korhanyilmaz.com\/index.php?rest_route=\/wp\/v2\/users\/1"}],"replies":[{"embeddable":true,"href":"http:\/\/www.korhanyilmaz.com\/index.php?rest_route=%2Fwp%2Fv2%2Fcomments&post=28356"}],"version-history":[{"count":0,"href":"http:\/\/www.korhanyilmaz.com\/index.php?rest_route=\/wp\/v2\/posts\/28356\/revisions"}],"wp:attachment":[{"href":"http:\/\/www.korhanyilmaz.com\/index.php?rest_route=%2Fwp%2Fv2%2Fmedia&parent=28356"}],"wp:term":[{"taxonomy":"category","embeddable":true,"href":"http:\/\/www.korhanyilmaz.com\/index.php?rest_route=%2Fwp%2Fv2%2Fcategories&post=28356"},{"taxonomy":"post_tag","embeddable":true,"href":"http:\/\/www.korhanyilmaz.com\/index.php?rest_route=%2Fwp%2Fv2%2Ftags&post=28356"}],"curies":[{"name":"wp","href":"https:\/\/api.w.org\/{rel}","templated":true}]}}