{"id":28350,"date":"2011-02-14T14:23:24","date_gmt":"2011-02-14T12:23:24","guid":{"rendered":"http:\/\/www.korhanyilmaz.com\/?p=28350"},"modified":"2011-02-14T14:23:24","modified_gmt":"2011-02-14T12:23:24","slug":"istanbul-baro-baskani-bu-ileri-fasizmdir","status":"publish","type":"post","link":"http:\/\/www.korhanyilmaz.com\/?p=28350","title":{"rendered":"\u0130stanbul Baro Ba\u015fkan\u0131: &#8220;Bu ileri fa\u015fizmdir&#8221;"},"content":{"rendered":"<p><a href=\"http:\/\/www.korhanyilmaz.com\/wp-content\/uploads\/2011\/02\/347.jpg\"  class=\"lightview\"><img loading=\"lazy\" decoding=\"async\" class=\"aligncenter size-full wp-image-28353\" src=\"http:\/\/www.korhanyilmaz.com\/wp-content\/uploads\/2011\/02\/347.jpg\" alt=\"\" width=\"292\" height=\"233\" \/><\/a><\/p>\n<p style=\"text-align: justify;\">\u0130stanbul Baro Ba\u015fkan\u0131 \u00dcmit Kocasakal, CNN T\u00dcRK&#8217;te yay\u0131nlanan Medya Mahallesi program\u0131nda &#8220;Balyoz&#8221; davas\u0131 tutuklamalar\u0131 ve Odatv&#8217;deki aramalar\u0131 de\u011ferlendirdi.<\/p>\n<p style=\"text-align: justify;\">Hakk\u0131nda arama karar\u0131 \u00e7\u0131kar\u0131lan emekli Org. \u00c7etin Do\u011fan&#8217;\u0131n &#8220;Belgeler \u00e7\u00fcr\u00fck. Savunma yapmayaca\u011f\u0131z&#8221; a\u00e7\u0131klamas\u0131yla ilgili &#8220;Bu bir \u00e7\u0131\u011fl\u0131kt\u0131r&#8221; diyen Kocasakal, tutuklama kararlar\u0131n\u0131 &#8220;ileri fa\u015fizm&#8221; olarak niteledi. &#8220;Toplum aptal yerine konuluyor&#8221; diyen Kocasakal, dava s\u00fcre\u00e7lerinde &#8220;sehven&#8221; yap\u0131lan hatalar\u0131 da kendi yorumuyla &#8220;zevken&#8221; diye d\u00fczeltti. <!--more--><\/p>\n<p style=\"text-align: justify;\">Oda TV\u2019nin, \u201cbir tak\u0131m \u015feylerin \u00fczerinde duran, ele\u015ftiren, baz\u0131 aksakl\u0131klar\u0131 ortaya koyan\u201d bir yay\u0131n organ\u0131 oldu\u011funu s\u00f6yleyen Kocasakal, s\u00f6zlerini \u015f\u00f6yle s\u00fcrd\u00fcrd\u00fc:<\/p>\n<p style=\"text-align: justify;\">\u201c\u00d6nemli olan, bu yay\u0131n organ\u0131na art\u0131k tahamm\u00fcl g\u00f6sterme s\u0131n\u0131r\u0131n\u0131 a\u015fm\u0131\u015f durumdalar. Niye, \u00e7\u00fcnk\u00fc en az\u0131ndan bir yarg\u0131 vard\u0131 \u00e7ekinilen, normal olarak \u00e7ekinilmesi gereken, hukuken s\u00f6yl\u00fcyorum; \u015fimdi o da art\u0131k ortadan kalk\u0131nca, tamamen y\u00fcr\u00fctmeye ba\u011flan\u0131nca art\u0131k bunda bir s\u0131n\u0131r yok. O zaman hukuk devleti olmaktan \u00e7\u0131km\u0131\u015fs\u0131n\u0131z demektir. Hi\u00e7 kimsenin hukuk g\u00fcvenli\u011fi yok. Bug\u00fcn onlara gidecek, yar\u0131n s\u0131rayla hepimize gelecek. Dolay\u0131s\u0131yla siz o arama kararlar\u0131ndaki gerek\u00e7elere, \u015funlara, bunlara bakmay\u0131n. Sizin art\u0131k ba\u011f\u0131ms\u0131z mahkemeleriniz yok. O gerek\u00e7eler, o \u015feyler hukukun i\u015fledi\u011fi, hukuk devletinin bulundu\u011fu, yarg\u0131 ba\u011f\u0131ms\u0131zl\u0131\u011f\u0131n\u0131n ve teminat\u0131n\u0131n bulundu\u011fu yerlerde konu\u015fulur ve tart\u0131\u015f\u0131l\u0131r. \u015euna benziyor; zemin zaten batakl\u0131k, halen siz binan\u0131n aksam\u0131yla u\u011fra\u015famazs\u0131n\u0131z. Zemin kaym\u0131\u015f zaten alt\u0131n\u0131zdan, beni endi\u015felendiren bu.\u201d<\/p>\n<p style=\"text-align: justify;\"><a href=\"http:\/\/haber.gazetevatan.com\/bu-ileri-fasizmdir\/359257\/1\/Gundem\" target=\"_blank\"><span style=\"color: #888888;\">Kaynak : VATAN<\/span><\/a><\/p>\n<p>&nbsp;<\/p>\n","protected":false},"excerpt":{"rendered":"<\/p>\n<p style=\"text-align: justify;\">\u0130stanbul Baro Ba\u015fkan\u0131 \u00dcmit Kocasakal, CNN T\u00dcRK&#8217;te yay\u0131nlanan Medya Mahallesi program\u0131nda &#8220;Balyoz&#8221; davas\u0131 tutuklamalar\u0131 ve Odatv&#8217;deki aramalar\u0131 de\u011ferlendirdi.<\/p>\n<p style=\"text-align: justify;\">Hakk\u0131nda arama karar\u0131 \u00e7\u0131kar\u0131lan emekli Org. \u00c7etin Do\u011fan&#8217;\u0131n &#8220;Belgeler \u00e7\u00fcr\u00fck. Savunma yapmayaca\u011f\u0131z&#8221; a\u00e7\u0131klamas\u0131yla ilgili &#8220;Bu bir \u00e7\u0131\u011fl\u0131kt\u0131r&#8221; diyen Kocasakal, tutuklama kararlar\u0131n\u0131 &#8220;ileri fa\u015fizm&#8221; olarak niteledi. &#8220;Toplum aptal yerine konuluyor&#8221; diyen Kocasakal, dava <\/p>\n","protected":false},"author":1,"featured_media":0,"comment_status":"open","ping_status":"closed","sticky":false,"template":"","format":"standard","meta":{"footnotes":""},"categories":[105],"tags":[],"class_list":["post-28350","post","type-post","status-publish","format-standard","hentry","category-gundem","odd"],"_links":{"self":[{"href":"http:\/\/www.korhanyilmaz.com\/index.php?rest_route=\/wp\/v2\/posts\/28350","targetHints":{"allow":["GET"]}}],"collection":[{"href":"http:\/\/www.korhanyilmaz.com\/index.php?rest_route=\/wp\/v2\/posts"}],"about":[{"href":"http:\/\/www.korhanyilmaz.com\/index.php?rest_route=\/wp\/v2\/types\/post"}],"author":[{"embeddable":true,"href":"http:\/\/www.korhanyilmaz.com\/index.php?rest_route=\/wp\/v2\/users\/1"}],"replies":[{"embeddable":true,"href":"http:\/\/www.korhanyilmaz.com\/index.php?rest_route=%2Fwp%2Fv2%2Fcomments&post=28350"}],"version-history":[{"count":0,"href":"http:\/\/www.korhanyilmaz.com\/index.php?rest_route=\/wp\/v2\/posts\/28350\/revisions"}],"wp:attachment":[{"href":"http:\/\/www.korhanyilmaz.com\/index.php?rest_route=%2Fwp%2Fv2%2Fmedia&parent=28350"}],"wp:term":[{"taxonomy":"category","embeddable":true,"href":"http:\/\/www.korhanyilmaz.com\/index.php?rest_route=%2Fwp%2Fv2%2Fcategories&post=28350"},{"taxonomy":"post_tag","embeddable":true,"href":"http:\/\/www.korhanyilmaz.com\/index.php?rest_route=%2Fwp%2Fv2%2Ftags&post=28350"}],"curies":[{"name":"wp","href":"https:\/\/api.w.org\/{rel}","templated":true}]}}